{"id":76453,"date":"2017-01-10T08:59:42","date_gmt":"2017-01-10T08:59:42","guid":{"rendered":"http:\/\/www.eltrabajo.cl\/portal\/?p=76453"},"modified":"2017-01-10T08:59:42","modified_gmt":"2017-01-10T08:59:42","slug":"vertedero-la-hormiga-de-san-felipe-debera-cerrar-a-la-brevedad-posible","status":"publish","type":"post","link":"https:\/\/eltrabajo.cl\/portal\/vertedero-la-hormiga-de-san-felipe-debera-cerrar-a-la-brevedad-posible\/","title":{"rendered":"Vertedero La Hormiga de San Felipe deber\u00e1 cerrar a la brevedad posible"},"content":{"rendered":"<ul>\n<li><strong>Tras observaciones de Superintendencia del Medio Ambiente:<\/strong><\/li>\n<\/ul>\n<p>Mediante la resoluci\u00f3n exenta N\u00b05\/ROL N\u00b0D-051-2016 la Superintendencia del Medio Ambiente incorpor\u00f3 varias observaciones a la empresa GEA, previo a resolver el programa de cumplimiento presentado por la privada, entre las cuales se\u00f1ala que deber\u00e1 proceder a la brevedad posible al cierre definitivo del Vertedero La Hormiga, al mismo tiempo comenzar a operar el proyecto integral.<br \/>\nCon esto, el organismo de fiscalizaci\u00f3n medio ambiental se pronuncia contraria a la resoluci\u00f3n que en 2014 dict\u00f3 la Seremi de Salud para extender un plan de cierre del Vertedero, rezo que en el mismo escrito se detalla: \u201csin perjuicio de que la Autoridad Sanitaria haya autorizado extender el funcionamiento del Vertedero La Hormiga, m\u00e1s all\u00e1 de 7 a\u00f1os desde la aprobaci\u00f3n del proyecto\u201d, aclarando que dicho cierre debi\u00f3 ejecutarse al momento de iniciar el funcionamiento del Relleno Sanitario y no como ha intentado explicar por parte del titular hasta ahora, que en diversos medios ha justificado la operaci\u00f3n del vertedero por una especie de plan dual, en la que se ofrece el funcionamiento de Relleno y Vertedero de manera paralela.<br \/>\nPor otra parte en varios puntos del informe, la Superintendencia ha detectado incumplimientos como la no forestaci\u00f3n compensatoria, toda vez que el proyecto, desde que est\u00e1 operativo en 2009 ha afectado cientos de especies vulnerables o en peligro, como Guayacanes, o el conocido cactus o Quisco Chileno. El reporte indica que hasta ahora, solo se ha sacado especies sin que se cumpliera con el plan de mitigaci\u00f3n que obligaba a reponerlas y adem\u00e1s compensar la zona con nuevas plantaciones.<br \/>\nPara los profesionales de la Fundaci\u00f3n Mi Patrimonio, este es un logro social importante porque \u201cviene a dar una respuesta fundada de lo que hemos sostenido durante todo este tiempo, que la empresa GEA y su proyecto de vertedero est\u00e1 fuera de norma y contin\u00faa contaminando el componente agua en las napas subterr\u00e1neas, ya que se vierten diariamente sobre ella unos 63m3 de lixiviados sin un control adecuado, lo que hace tremendamente da\u00f1ino el permitir que se contin\u00fae con esa operaci\u00f3n\u201d, seg\u00fan explica Macarena Ruiz, Ingeniero Medio Ambiental de la Fundaci\u00f3n.<br \/>\nPor su parte, la presidenta de la Junta de Vecinos N\u00b026 de Algarrobal se mostr\u00f3 ampliamente complacida con la noticia \u201cporque es algo que esperamos por mucho tiempo y que las autoridades sanitarias locales jam\u00e1s comprendieron. Nunca sintonizaron con nuestro clamor como vecinos. Ahora solo esperamos que esto se ejecute en los pr\u00f3ximos d\u00edas para ratificar una buena noticia que nos har\u00e1 dormir un poco m\u00e1s tranquilos. Luego de esto solo nos queda rechazar el proyecto de las arenas contaminadas y conseguir que el Relleno Sanitario funcione bajo las normas correctas\u201d.<br \/>\nRecordar que fueron varias las voces que en su momento criticaron el accionar de GEA, en cuanto a cobrar una tarifa de relleno sanitario cuando en el fondo la basura por ejemplo de la municipalidad de San Felipe estaba siendo depositada en el vertedero.<br \/>\nOtro punto importante a tener en cuenta, es a que GEA es la empresa que tiene el proyecto donde pretende recibir arenas contaminadas desde Las Salinas, situaci\u00f3n que ha generado molestia en los vecinos especialmente del Algarrobal, que incluso los ha sacado a la calle a protestar.<\/p>\n<figure id=\"attachment_76454\" aria-describedby=\"caption-attachment-76454\" style=\"width: 530px\" class=\"wp-caption alignleft\"><a href=\"http:\/\/www.eltrabajo.cl\/portal\/vertedero-la-hormiga-de-san-felipe-debera-cerrar-a-la-brevedad-posible\/gea-2\/\" rel=\"attachment wp-att-76454\"><img data-recalc-dims=\"1\" loading=\"lazy\" decoding=\"async\" class=\"size-full wp-image-76454\" src=\"https:\/\/i0.wp.com\/www.eltrabajo.cl\/2017\/wp-content\/uploads\/2017\/01\/GEA.jpg?resize=530%2C350\" alt=\"Uno de los camiones de GEA en plena labor en el vertedero, cuyo funcionamiento ha causado y sigue causando serios problemas medioambientales.\" width=\"530\" height=\"350\" srcset=\"https:\/\/i0.wp.com\/eltrabajo.cl\/portal\/wp-content\/uploads\/2017\/01\/GEA.jpg?w=530&amp;ssl=1 530w, https:\/\/i0.wp.com\/eltrabajo.cl\/portal\/wp-content\/uploads\/2017\/01\/GEA.jpg?resize=200%2C132&amp;ssl=1 200w, https:\/\/i0.wp.com\/eltrabajo.cl\/portal\/wp-content\/uploads\/2017\/01\/GEA.jpg?resize=300%2C198&amp;ssl=1 300w, https:\/\/i0.wp.com\/eltrabajo.cl\/portal\/wp-content\/uploads\/2017\/01\/GEA.jpg?resize=227%2C150&amp;ssl=1 227w, https:\/\/i0.wp.com\/eltrabajo.cl\/portal\/wp-content\/uploads\/2017\/01\/GEA.jpg?resize=400%2C264&amp;ssl=1 400w\" sizes=\"auto, (max-width: 530px) 100vw, 530px\" \/><\/a><figcaption id=\"caption-attachment-76454\" class=\"wp-caption-text\">Uno de los camiones de GEA en plena labor en el vertedero, cuyo funcionamiento ha causado y sigue causando serios problemas medioambientales.<\/figcaption><\/figure>\n<figure id=\"attachment_76455\" aria-describedby=\"caption-attachment-76455\" style=\"width: 530px\" class=\"wp-caption alignleft\"><a href=\"http:\/\/www.eltrabajo.cl\/portal\/vertedero-la-hormiga-de-san-felipe-debera-cerrar-a-la-brevedad-posible\/gea_31\/\" rel=\"attachment wp-att-76455\"><img data-recalc-dims=\"1\" loading=\"lazy\" decoding=\"async\" class=\"size-full wp-image-76455\" src=\"https:\/\/i0.wp.com\/www.eltrabajo.cl\/2017\/wp-content\/uploads\/2017\/01\/GEA_31.jpg?resize=530%2C349\" alt=\"La resoluci\u00f3n plantea a  GEA cerrar vertedero La Hormiga.\" width=\"530\" height=\"349\" srcset=\"https:\/\/i0.wp.com\/eltrabajo.cl\/portal\/wp-content\/uploads\/2017\/01\/GEA_31.jpg?w=530&amp;ssl=1 530w, https:\/\/i0.wp.com\/eltrabajo.cl\/portal\/wp-content\/uploads\/2017\/01\/GEA_31.jpg?resize=200%2C132&amp;ssl=1 200w, https:\/\/i0.wp.com\/eltrabajo.cl\/portal\/wp-content\/uploads\/2017\/01\/GEA_31.jpg?resize=300%2C198&amp;ssl=1 300w, https:\/\/i0.wp.com\/eltrabajo.cl\/portal\/wp-content\/uploads\/2017\/01\/GEA_31.jpg?resize=228%2C150&amp;ssl=1 228w, https:\/\/i0.wp.com\/eltrabajo.cl\/portal\/wp-content\/uploads\/2017\/01\/GEA_31.jpg?resize=400%2C263&amp;ssl=1 400w\" sizes=\"auto, (max-width: 530px) 100vw, 530px\" \/><\/a><figcaption id=\"caption-attachment-76455\" class=\"wp-caption-text\">La resoluci\u00f3n plantea a GEA cerrar vertedero La Hormiga.<\/figcaption><\/figure>\n<figure id=\"attachment_76456\" aria-describedby=\"caption-attachment-76456\" style=\"width: 530px\" class=\"wp-caption alignleft\"><a href=\"http:\/\/www.eltrabajo.cl\/portal\/vertedero-la-hormiga-de-san-felipe-debera-cerrar-a-la-brevedad-posible\/gea-2-2\/\" rel=\"attachment wp-att-76456\"><img data-recalc-dims=\"1\" loading=\"lazy\" decoding=\"async\" class=\"size-full wp-image-76456\" src=\"https:\/\/i0.wp.com\/www.eltrabajo.cl\/2017\/wp-content\/uploads\/2017\/01\/GEA-2.jpg?resize=530%2C350\" alt=\"Personas escarbando en la basura del vertedero La Hormiga, una de las muchas irregularidades que han sido detectadas en el lugar.\" width=\"530\" height=\"350\" srcset=\"https:\/\/i0.wp.com\/eltrabajo.cl\/portal\/wp-content\/uploads\/2017\/01\/GEA-2.jpg?w=530&amp;ssl=1 530w, https:\/\/i0.wp.com\/eltrabajo.cl\/portal\/wp-content\/uploads\/2017\/01\/GEA-2.jpg?resize=200%2C132&amp;ssl=1 200w, https:\/\/i0.wp.com\/eltrabajo.cl\/portal\/wp-content\/uploads\/2017\/01\/GEA-2.jpg?resize=300%2C198&amp;ssl=1 300w, https:\/\/i0.wp.com\/eltrabajo.cl\/portal\/wp-content\/uploads\/2017\/01\/GEA-2.jpg?resize=227%2C150&amp;ssl=1 227w, https:\/\/i0.wp.com\/eltrabajo.cl\/portal\/wp-content\/uploads\/2017\/01\/GEA-2.jpg?resize=400%2C264&amp;ssl=1 400w\" sizes=\"auto, (max-width: 530px) 100vw, 530px\" \/><\/a><figcaption id=\"caption-attachment-76456\" class=\"wp-caption-text\">Personas escarbando en la basura del vertedero La Hormiga, una de las muchas irregularidades que han sido detectadas en el lugar.<\/figcaption><\/figure>\n","protected":false},"excerpt":{"rendered":"<p>Tras observaciones de Superintendencia del Medio Ambiente: Mediante la resoluci\u00f3n exenta N\u00b05\/ROL N\u00b0D-051-2016 la Superintendencia del Medio Ambiente incorpor\u00f3 varias observaciones a la empresa GEA, previo a resolver el programa de cumplimiento&#8230;<\/p>\n","protected":false},"author":1,"featured_media":76456,"comment_status":"open","ping_status":"open","sticky":false,"template":"","format":"standard","meta":{"advanced_seo_description":"","jetpack_seo_html_title":"","jetpack_seo_noindex":false,"_jetpack_memberships_contains_paid_content":false,"footnotes":""},"categories":[1],"tags":[],"class_list":["post-76453","post","type-post","status-publish","format-standard","has-post-thumbnail","hentry","category-cronica"],"jetpack_featured_media_url":"https:\/\/i0.wp.com\/eltrabajo.cl\/portal\/wp-content\/uploads\/2017\/01\/GEA-2.jpg?fit=530%2C350&ssl=1","jetpack_sharing_enabled":true,"jetpack_likes_enabled":true,"jetpack-related-posts":[],"_links":{"self":[{"href":"https:\/\/eltrabajo.cl\/portal\/wp-json\/wp\/v2\/posts\/76453","targetHints":{"allow":["GET"]}}],"collection":[{"href":"https:\/\/eltrabajo.cl\/portal\/wp-json\/wp\/v2\/posts"}],"about":[{"href":"https:\/\/eltrabajo.cl\/portal\/wp-json\/wp\/v2\/types\/post"}],"author":[{"embeddable":true,"href":"https:\/\/eltrabajo.cl\/portal\/wp-json\/wp\/v2\/users\/1"}],"replies":[{"embeddable":true,"href":"https:\/\/eltrabajo.cl\/portal\/wp-json\/wp\/v2\/comments?post=76453"}],"version-history":[{"count":0,"href":"https:\/\/eltrabajo.cl\/portal\/wp-json\/wp\/v2\/posts\/76453\/revisions"}],"wp:featuredmedia":[{"embeddable":true,"href":"https:\/\/eltrabajo.cl\/portal\/wp-json\/wp\/v2\/media\/76456"}],"wp:attachment":[{"href":"https:\/\/eltrabajo.cl\/portal\/wp-json\/wp\/v2\/media?parent=76453"}],"wp:term":[{"taxonomy":"category","embeddable":true,"href":"https:\/\/eltrabajo.cl\/portal\/wp-json\/wp\/v2\/categories?post=76453"},{"taxonomy":"post_tag","embeddable":true,"href":"https:\/\/eltrabajo.cl\/portal\/wp-json\/wp\/v2\/tags?post=76453"}],"curies":[{"name":"wp","href":"https:\/\/api.w.org\/{rel}","templated":true}]}}