{"id":76463,"date":"2017-01-11T08:42:32","date_gmt":"2017-01-11T08:42:32","guid":{"rendered":"http:\/\/www.eltrabajo.cl\/portal\/?p=76463"},"modified":"2017-01-11T08:42:32","modified_gmt":"2017-01-11T08:42:32","slug":"enfermos-en-casa-y-hospitales-podran-contar-con-acompanantes","status":"publish","type":"post","link":"https:\/\/eltrabajo.cl\/portal\/enfermos-en-casa-y-hospitales-podran-contar-con-acompanantes\/","title":{"rendered":"Enfermos en casa y hospitales podr\u00e1n contar con acompa\u00f1antes"},"content":{"rendered":"<ul>\n<li><strong>Empresa l\u00edder en acompa\u00f1amiento ya en Aconcagua:<\/strong><\/li>\n<\/ul>\n<p>Muchas veces nos puede resultar dif\u00edcil atender a una persona enferma; a una madre con reci\u00e9n nacido o a una persona adulto mayor, sea cual sea el caso, lo importante que hoy queremos informar a nuestros lectores, quienes tienen que ver con estos escenarios de los que nadie est\u00e1 libre de vivir.<br \/>\nSe trata de una soluci\u00f3n para las familias del Valle Aconcagua, que ahora est\u00e1 a nuestro alcance, pues desde el 5 de septiembre de 2016, lleg\u00f3 a la V Regi\u00f3n de Chile la empresa pionera en servicios de compa\u00f1\u00eda\u00a0Amec, empresa que naci\u00f3 en Uruguay en 1992 como empresa pionera en el sector de compa\u00f1\u00eda para personas con requerimientos de cuidados de salud.<\/p>\n<p><strong>YA EN ACONCAGUA\u00a0<\/strong><br \/>\nDesde entonces ha evolucionado y desarrollado tres grandes \u00e1reas de servicios:\u00a0compa\u00f1\u00eda, bienestar y recreaci\u00f3n, extendi\u00e9ndose a varios pa\u00edses de la regi\u00f3n.\u00a0Diario El Trabajo\u00a0sostuvo ayer una entrevista con la directora de Amec V Regi\u00f3n, Chile, Karla Godoy.<br \/>\n<strong>&#8211;\u00a0\u00bfQu\u00e9 es Amec y c\u00f3mo puede ayudar a las familias sanfelipe\u00f1as?\u00a0<\/strong><br \/>\n&#8211; Amec, ofrece a los habitantes de toda la V Regi\u00f3n, un trato humano y personalizado, \u00e1gil y trasparente, de la mano de profesionales capacitados que sienten el verdadero esp\u00edritu de acompa\u00f1ar.<br \/>\n<strong>&#8211;\u00a0\u00bfC\u00f3mo funciona este servicio y d\u00f3nde est\u00e1n ubicadas sus oficinas?\u00a0<\/strong><br \/>\n&#8211; Nuestro sistema ofrece servicios de compa\u00f1\u00eda durante la hospitalizaci\u00f3n del paciente, en su recuperaci\u00f3n domiciliaria o, incluso en salud, para caminar, conversar o recrearse. El 5 de setiembre de 2016, se realiz\u00f3 la apertura de las oficinas de Amec en Vi\u00f1a del Mar, ubicadas en la calle 4 Norte 1386.<br \/>\n<strong>&#8211;\u00a0\u00bfC\u00f3mo pueden aprovechar estos servicios nuestros lectores?\u00a0<\/strong><br \/>\n&#8211; La contrataci\u00f3n del servicio es sencilla, con una sola llamada nosotros coordinaremos la visita de un asesor a su domicilio sin costo, para explicarle personalmente nuestra propuesta.<br \/>\n<strong>&#8211;\u00a0\u00bfPero c\u00f3mo se pagan estos servicios?<\/strong><br \/>\n&#8211; Por una \u00fanica cuota mensual, una familia disfrutar\u00e1 de una mayor calidad de vida y el usuario tendr\u00e1 el respaldo de una empresa con 24 a\u00f1os de experiencia, para asistirlo cuando m\u00e1s lo necesite.<br \/>\n<strong>&#8211;\u00a0\u00bfQu\u00e9 experiencia tienen las personas cuidadoras?<\/strong><br \/>\n&#8211; Nuestros cuidadores son Acompa\u00f1antes T\u00e9cnico Profesionales, y son asignados seg\u00fan sus gustos y preferencias, gracias a nuestra tecnolog\u00eda de vanguardia. Todos ellos est\u00e1n preparados para brindar los mejores cuidados, toda la tranquilidad y la mayor alegr\u00eda de vivir.<br \/>\n<strong>&#8211;\u00a0\u00bfC\u00f3mo es la atenci\u00f3n de estos profesionales para con sus usuarios?<\/strong><br \/>\n&#8211; Cada uno de nuestros acompa\u00f1antes buscar\u00e1 brindar compa\u00f1\u00eda y ayuda acorde a la necesidad, ser el soporte y motivar la esperanza; ayudar activamente en la recuperaci\u00f3n de quienes lo necesiten con profesionalismo, sin cuestionamientos, ni juicios; ser tambi\u00e9n la energ\u00eda positiva invisible del hogar y la familia a la que nos acercamos, siendo fuente de alegr\u00eda que trae soluci\u00f3n, paz y consuelo.<br \/>\nLos interesados en conocer m\u00e1s sobre estos servicios, ya disponibles en Aconcagua, pueden llamar al\u00a06003600125.<br \/>\n<strong>Roberto Gonz\u00e1lez Short<\/strong><\/p>\n<figure id=\"attachment_76464\" aria-describedby=\"caption-attachment-76464\" style=\"width: 530px\" class=\"wp-caption alignleft\"><a href=\"http:\/\/www.eltrabajo.cl\/portal\/enfermos-en-casa-y-hospitales-podran-contar-con-acompanantes\/cinta33-2\/\" rel=\"attachment wp-att-76464\"><img data-recalc-dims=\"1\" loading=\"lazy\" decoding=\"async\" class=\"size-full wp-image-76464\" src=\"https:\/\/i0.wp.com\/www.eltrabajo.cl\/2017\/wp-content\/uploads\/2017\/01\/Cinta33.jpg?resize=530%2C350\" alt=\"YA EN CHILE.- Corte de cinta inaugural. A la derecha, la Sra. Yissa Pronzatti, CEO Internacional de Amec. A la izquierda, Karla Godoy, directora de Amec para la V Regi\u00f3n de Chile.\" width=\"530\" height=\"350\" srcset=\"https:\/\/i0.wp.com\/eltrabajo.cl\/portal\/wp-content\/uploads\/2017\/01\/Cinta33.jpg?w=530&amp;ssl=1 530w, https:\/\/i0.wp.com\/eltrabajo.cl\/portal\/wp-content\/uploads\/2017\/01\/Cinta33.jpg?resize=200%2C132&amp;ssl=1 200w, https:\/\/i0.wp.com\/eltrabajo.cl\/portal\/wp-content\/uploads\/2017\/01\/Cinta33.jpg?resize=300%2C198&amp;ssl=1 300w, https:\/\/i0.wp.com\/eltrabajo.cl\/portal\/wp-content\/uploads\/2017\/01\/Cinta33.jpg?resize=227%2C150&amp;ssl=1 227w, https:\/\/i0.wp.com\/eltrabajo.cl\/portal\/wp-content\/uploads\/2017\/01\/Cinta33.jpg?resize=400%2C264&amp;ssl=1 400w\" sizes=\"auto, (max-width: 530px) 100vw, 530px\" \/><\/a><figcaption id=\"caption-attachment-76464\" class=\"wp-caption-text\">YA EN CHILE.- Corte de cinta inaugural. A la derecha, la Sra. Yissa Pronzatti, CEO Internacional de Amec. A la izquierda, Karla Godoy, directora de Amec para la V Regi\u00f3n de Chile.<\/figcaption><\/figure>\n<figure id=\"attachment_76465\" aria-describedby=\"caption-attachment-76465\" style=\"width: 530px\" class=\"wp-caption alignleft\"><a href=\"http:\/\/www.eltrabajo.cl\/portal\/enfermos-en-casa-y-hospitales-podran-contar-con-acompanantes\/karla-godoy\/\" rel=\"attachment wp-att-76465\"><img data-recalc-dims=\"1\" loading=\"lazy\" decoding=\"async\" class=\"size-full wp-image-76465\" src=\"https:\/\/i0.wp.com\/www.eltrabajo.cl\/2017\/wp-content\/uploads\/2017\/01\/Karla-Godoy.jpg?resize=530%2C349\" alt=\"Directora de Amec V Regi\u00f3n, Chile, Karla Godoy.\" width=\"530\" height=\"349\" srcset=\"https:\/\/i0.wp.com\/eltrabajo.cl\/portal\/wp-content\/uploads\/2017\/01\/Karla-Godoy.jpg?w=530&amp;ssl=1 530w, https:\/\/i0.wp.com\/eltrabajo.cl\/portal\/wp-content\/uploads\/2017\/01\/Karla-Godoy.jpg?resize=200%2C132&amp;ssl=1 200w, https:\/\/i0.wp.com\/eltrabajo.cl\/portal\/wp-content\/uploads\/2017\/01\/Karla-Godoy.jpg?resize=300%2C198&amp;ssl=1 300w, https:\/\/i0.wp.com\/eltrabajo.cl\/portal\/wp-content\/uploads\/2017\/01\/Karla-Godoy.jpg?resize=228%2C150&amp;ssl=1 228w, https:\/\/i0.wp.com\/eltrabajo.cl\/portal\/wp-content\/uploads\/2017\/01\/Karla-Godoy.jpg?resize=400%2C263&amp;ssl=1 400w\" sizes=\"auto, (max-width: 530px) 100vw, 530px\" \/><\/a><figcaption id=\"caption-attachment-76465\" class=\"wp-caption-text\">Directora de Amec V Regi\u00f3n, Chile, Karla Godoy.<\/figcaption><\/figure>\n","protected":false},"excerpt":{"rendered":"<p>Empresa l\u00edder en acompa\u00f1amiento ya en Aconcagua: Muchas veces nos puede resultar dif\u00edcil atender a una persona enferma; a una madre con reci\u00e9n nacido o a una persona adulto mayor, sea cual&#8230;<\/p>\n","protected":false},"author":1,"featured_media":76464,"comment_status":"open","ping_status":"open","sticky":false,"template":"","format":"standard","meta":{"advanced_seo_description":"","jetpack_seo_html_title":"","jetpack_seo_noindex":false,"_jetpack_memberships_contains_paid_content":false,"footnotes":""},"categories":[15],"tags":[],"class_list":["post-76463","post","type-post","status-publish","format-standard","has-post-thumbnail","hentry","category-comunidad"],"jetpack_featured_media_url":"https:\/\/i0.wp.com\/eltrabajo.cl\/portal\/wp-content\/uploads\/2017\/01\/Cinta33.jpg?fit=530%2C350&ssl=1","jetpack_sharing_enabled":true,"jetpack_likes_enabled":true,"jetpack-related-posts":[],"_links":{"self":[{"href":"https:\/\/eltrabajo.cl\/portal\/wp-json\/wp\/v2\/posts\/76463","targetHints":{"allow":["GET"]}}],"collection":[{"href":"https:\/\/eltrabajo.cl\/portal\/wp-json\/wp\/v2\/posts"}],"about":[{"href":"https:\/\/eltrabajo.cl\/portal\/wp-json\/wp\/v2\/types\/post"}],"author":[{"embeddable":true,"href":"https:\/\/eltrabajo.cl\/portal\/wp-json\/wp\/v2\/users\/1"}],"replies":[{"embeddable":true,"href":"https:\/\/eltrabajo.cl\/portal\/wp-json\/wp\/v2\/comments?post=76463"}],"version-history":[{"count":0,"href":"https:\/\/eltrabajo.cl\/portal\/wp-json\/wp\/v2\/posts\/76463\/revisions"}],"wp:featuredmedia":[{"embeddable":true,"href":"https:\/\/eltrabajo.cl\/portal\/wp-json\/wp\/v2\/media\/76464"}],"wp:attachment":[{"href":"https:\/\/eltrabajo.cl\/portal\/wp-json\/wp\/v2\/media?parent=76463"}],"wp:term":[{"taxonomy":"category","embeddable":true,"href":"https:\/\/eltrabajo.cl\/portal\/wp-json\/wp\/v2\/categories?post=76463"},{"taxonomy":"post_tag","embeddable":true,"href":"https:\/\/eltrabajo.cl\/portal\/wp-json\/wp\/v2\/tags?post=76463"}],"curies":[{"name":"wp","href":"https:\/\/api.w.org\/{rel}","templated":true}]}}