{"id":76482,"date":"2017-01-11T08:54:04","date_gmt":"2017-01-11T08:54:04","guid":{"rendered":"http:\/\/www.eltrabajo.cl\/portal\/?p=76482"},"modified":"2017-01-11T08:54:04","modified_gmt":"2017-01-11T08:54:04","slug":"gran-bingo-solidario-a-beneficio-del-conocido-folklorista-osvaldo-gonzalez","status":"publish","type":"post","link":"https:\/\/eltrabajo.cl\/portal\/gran-bingo-solidario-a-beneficio-del-conocido-folklorista-osvaldo-gonzalez\/","title":{"rendered":"Gran Bingo Solidario a beneficio del conocido folklorista Osvaldo Gonz\u00e1lez"},"content":{"rendered":"<ul>\n<li><strong>Este viernes a las 18:00 horas en el Centro Ayec\u00e1n:<\/strong><\/li>\n<\/ul>\n<p>El \u2018profe\u2019 de Folklore\u00a0Osvaldo Gonz\u00e1lez, uno de los folcloristas m\u00e1s queridos por los sanfelipe\u00f1os y quien hace pocos a\u00f1os fuera el presidente del Grupo de Bailes Tradiciones, de San Felipe, se encuentra muy delicado en el Hospital San Camilo a ra\u00edz de un c\u00e1ncer g\u00e1strico.<br \/>\nFue do\u00f1a\u00a0Rosita Silva, su esposa, quien lo inform\u00f3 ayer a\u00a0Diario El Trabajo, \u00abmi marido desde hace a\u00f1os viene enfrentando esta dura enfermedad, ya lo han operado varias veces, ahora se complic\u00f3 de nuevo y estamos muy preocupados, es por eso que como \u00e9l es tan amante del folklore, que el Centro Ayec\u00e1n y el Taller folkl\u00f3rico Amigos de la cueca, est\u00e1n organizando un Bingo Solidario en su beneficio\u00bb, dijo Silva a nuestro medio.<br \/>\nEste Bingo se realizar\u00e1 el pr\u00f3ximo viernes 13 de enero en Ayec\u00e1n, AV. Yungay 300, a las 18:00 horas, el valor de cada cart\u00f3n es de $1.500, los interesados pueden comprarlos en el mismo Centro Ayec\u00e1n.<\/p>\n<figure id=\"attachment_76483\" aria-describedby=\"caption-attachment-76483\" style=\"width: 530px\" class=\"wp-caption alignleft\"><a href=\"http:\/\/www.eltrabajo.cl\/portal\/gran-bingo-solidario-a-beneficio-del-conocido-folklorista-osvaldo-gonzalez\/osvaldo-gonzalez-2\/\" rel=\"attachment wp-att-76483\"><img data-recalc-dims=\"1\" loading=\"lazy\" decoding=\"async\" class=\"size-full wp-image-76483\" src=\"https:\/\/i0.wp.com\/www.eltrabajo.cl\/2017\/wp-content\/uploads\/2017\/01\/Osvaldo-Gonzalez.jpg?resize=530%2C350\" alt=\"TODOS CON OSVALDO.- As\u00ed de feliz es que conocemos a este querido sanfelipe\u00f1o, quien ama la cueca, la buena empanada y dar clases de folklore en nuestra comuna.\" width=\"530\" height=\"350\" srcset=\"https:\/\/i0.wp.com\/eltrabajo.cl\/portal\/wp-content\/uploads\/2017\/01\/Osvaldo-Gonzalez.jpg?w=530&amp;ssl=1 530w, https:\/\/i0.wp.com\/eltrabajo.cl\/portal\/wp-content\/uploads\/2017\/01\/Osvaldo-Gonzalez.jpg?resize=200%2C132&amp;ssl=1 200w, https:\/\/i0.wp.com\/eltrabajo.cl\/portal\/wp-content\/uploads\/2017\/01\/Osvaldo-Gonzalez.jpg?resize=300%2C198&amp;ssl=1 300w, https:\/\/i0.wp.com\/eltrabajo.cl\/portal\/wp-content\/uploads\/2017\/01\/Osvaldo-Gonzalez.jpg?resize=227%2C150&amp;ssl=1 227w, https:\/\/i0.wp.com\/eltrabajo.cl\/portal\/wp-content\/uploads\/2017\/01\/Osvaldo-Gonzalez.jpg?resize=400%2C264&amp;ssl=1 400w\" sizes=\"auto, (max-width: 530px) 100vw, 530px\" \/><\/a><figcaption id=\"caption-attachment-76483\" class=\"wp-caption-text\">TODOS CON OSVALDO.- As\u00ed de feliz es que conocemos a este querido sanfelipe\u00f1o, quien ama la cueca, la buena empanada y dar clases de folklore en nuestra comuna.<\/figcaption><\/figure>\n","protected":false},"excerpt":{"rendered":"<p>Este viernes a las 18:00 horas en el Centro Ayec\u00e1n: El \u2018profe\u2019 de Folklore\u00a0Osvaldo Gonz\u00e1lez, uno de los folcloristas m\u00e1s queridos por los sanfelipe\u00f1os y quien hace pocos a\u00f1os fuera el presidente&#8230;<\/p>\n","protected":false},"author":1,"featured_media":76483,"comment_status":"open","ping_status":"open","sticky":false,"template":"","format":"standard","meta":{"advanced_seo_description":"","jetpack_seo_html_title":"","jetpack_seo_noindex":false,"_jetpack_memberships_contains_paid_content":false,"footnotes":""},"categories":[15],"tags":[],"class_list":["post-76482","post","type-post","status-publish","format-standard","has-post-thumbnail","hentry","category-comunidad"],"jetpack_featured_media_url":"https:\/\/i0.wp.com\/eltrabajo.cl\/portal\/wp-content\/uploads\/2017\/01\/Osvaldo-Gonzalez.jpg?fit=530%2C350&ssl=1","jetpack_sharing_enabled":true,"jetpack_likes_enabled":true,"jetpack-related-posts":[],"_links":{"self":[{"href":"https:\/\/eltrabajo.cl\/portal\/wp-json\/wp\/v2\/posts\/76482","targetHints":{"allow":["GET"]}}],"collection":[{"href":"https:\/\/eltrabajo.cl\/portal\/wp-json\/wp\/v2\/posts"}],"about":[{"href":"https:\/\/eltrabajo.cl\/portal\/wp-json\/wp\/v2\/types\/post"}],"author":[{"embeddable":true,"href":"https:\/\/eltrabajo.cl\/portal\/wp-json\/wp\/v2\/users\/1"}],"replies":[{"embeddable":true,"href":"https:\/\/eltrabajo.cl\/portal\/wp-json\/wp\/v2\/comments?post=76482"}],"version-history":[{"count":0,"href":"https:\/\/eltrabajo.cl\/portal\/wp-json\/wp\/v2\/posts\/76482\/revisions"}],"wp:featuredmedia":[{"embeddable":true,"href":"https:\/\/eltrabajo.cl\/portal\/wp-json\/wp\/v2\/media\/76483"}],"wp:attachment":[{"href":"https:\/\/eltrabajo.cl\/portal\/wp-json\/wp\/v2\/media?parent=76482"}],"wp:term":[{"taxonomy":"category","embeddable":true,"href":"https:\/\/eltrabajo.cl\/portal\/wp-json\/wp\/v2\/categories?post=76482"},{"taxonomy":"post_tag","embeddable":true,"href":"https:\/\/eltrabajo.cl\/portal\/wp-json\/wp\/v2\/tags?post=76482"}],"curies":[{"name":"wp","href":"https:\/\/api.w.org\/{rel}","templated":true}]}}