{"id":76496,"date":"2017-01-12T09:02:56","date_gmt":"2017-01-12T09:02:56","guid":{"rendered":"http:\/\/www.eltrabajo.cl\/portal\/?p=76496"},"modified":"2017-01-12T09:02:56","modified_gmt":"2017-01-12T09:02:56","slug":"muere-conocido-lustrador-sanfelipeno-que-operaba-en-la-plaza-de-armas","status":"publish","type":"post","link":"https:\/\/eltrabajo.cl\/portal\/muere-conocido-lustrador-sanfelipeno-que-operaba-en-la-plaza-de-armas\/","title":{"rendered":"Muere conocido \u2018lustrador \u2019 sanfelipe\u00f1o que operaba en la plaza de armas"},"content":{"rendered":"<p>La madrugada de este mi\u00e9rcoles, a los 84 a\u00f1os de edad y en compa\u00f1\u00eda de su familia, muri\u00f3 el reconocido \u2018limpia calzado\u2019 de San Felipe, \u00c1ngel Tulio Guti\u00e9rrez C\u00f3rdova.<\/p>\n<figure id=\"attachment_76498\" aria-describedby=\"caption-attachment-76498\" style=\"width: 300px\" class=\"wp-caption alignleft\"><a href=\"http:\/\/www.eltrabajo.cl\/portal\/muere-conocido-lustrador-sanfelipeno-que-operaba-en-la-plaza-de-armas\/angel\/\" rel=\"attachment wp-att-76498\"><img data-recalc-dims=\"1\" loading=\"lazy\" decoding=\"async\" class=\"size-medium wp-image-76498\" src=\"https:\/\/i0.wp.com\/www.eltrabajo.cl\/2017\/wp-content\/uploads\/2017\/01\/Angel-300x197.jpg?resize=300%2C197\" alt=\"\u00c1ngel Guti\u00e9rrez C\u00f3rdova reconocido lustrador de botas de nuestra ciudad. \" width=\"300\" height=\"197\" srcset=\"https:\/\/i0.wp.com\/eltrabajo.cl\/portal\/wp-content\/uploads\/2017\/01\/Angel.jpg?resize=300%2C197&amp;ssl=1 300w, https:\/\/i0.wp.com\/eltrabajo.cl\/portal\/wp-content\/uploads\/2017\/01\/Angel.jpg?resize=200%2C131&amp;ssl=1 200w, https:\/\/i0.wp.com\/eltrabajo.cl\/portal\/wp-content\/uploads\/2017\/01\/Angel.jpg?resize=228%2C150&amp;ssl=1 228w, https:\/\/i0.wp.com\/eltrabajo.cl\/portal\/wp-content\/uploads\/2017\/01\/Angel.jpg?resize=400%2C263&amp;ssl=1 400w, https:\/\/i0.wp.com\/eltrabajo.cl\/portal\/wp-content\/uploads\/2017\/01\/Angel.jpg?w=530&amp;ssl=1 530w\" sizes=\"auto, (max-width: 300px) 100vw, 300px\" \/><\/a><figcaption id=\"caption-attachment-76498\" class=\"wp-caption-text\">\u00c1ngel Guti\u00e9rrez C\u00f3rdova reconocido lustrador de botas de nuestra ciudad.<\/figcaption><\/figure>\n<p>El deceso se produjo de forma inesperada, puesto que este martes, trabajo en forma normal en su puesto ubicado en la Plaza de Armas, por calle Coimas frente a la farmacia Salcobrand.<br \/>\nSu yerno, Pedro Vega Balboa, coment\u00f3 con nuestro medio, que don \u00c1ngel fue todo un personaje de San Felipe, llevaba toda la vida en la plaza, ten\u00eda 84 a\u00f1os de los cuales la mayor\u00eda los trabajo en su lustr\u00edn \u201cun gran tipo y adem\u00e1s un ejemplo para la juventud que desde un humilde oficio se puede construir una gran familia\u201d.<br \/>\n<strong>&#8211; \u00bfC\u00f3mo fueron las circunstancias de su deceso? \u00bfestaba enfermo? <\/strong><br \/>\n&#8211; No, \u00e9l trabajo el martes normal en su lustr\u00edn, como todos los d\u00edas y hoy en la ma\u00f1ana (ayer) llaman a la casa a las cinco de la ma\u00f1ana avisado que hab\u00eda tenido problemas al coraz\u00f3n, llegamos ac\u00e1 con mi se\u00f1ora, le estaba haciendo reanimaci\u00f3n, pero la verdad no fue suficiente y falleci\u00f3. Bueno, como toda persona buena no se dio cuenta porque fue todo tan r\u00e1pido, espont\u00e1neo, por un lado agradezco a Dios que haya sido as\u00ed, ya que no hay secuelas. Reitero, lo m\u00e1s rescatable de \u00e9l \u2018fue un ejemplo para la juventud\u2019.<br \/>\nEn vida, fue casado con Rosita Vergara durante sesenta a\u00f1os, tuvieron cinco hijos tres varones y dos mujeres, una de ellas fallecidas. Adem\u00e1s de varios nietos profesionales, quien de manera humilde form\u00f3 una linda familia.<br \/>\nDon \u00c1ngel Guti\u00e9rrez C\u00f3rdova fue premiado en agosto del 2015 por el core, por su aporte al desarrollo de la provincia de San Felipe. Adem\u00e1s, lustr\u00f3 los zapatos de muchos presidentes, senadores, diputados y alcaldes. Inici\u00f3 a los 12 a\u00f1os en este oficio en el que cumpli\u00f3 70 a\u00f1os.<br \/>\nEn mayo del 2015, con estas humildes palabras, agradec\u00eda a al core Iv\u00e1n Reyes por proponerlo para un reconocimiento a nivel regional, \u201cAntes \u00e9ramos como 40 lustrines, y ahora quedamos tres nom\u00e1s (sic). A la juventud no le gusta este trabajo, porque hay d\u00edas que no se gana nada y a ellos les gusta el trabajo f\u00e1cil, con el m\u00ednimo de esfuerzo y el m\u00e1ximo de ganancias\u201d.<br \/>\nHace un a\u00f1o atr\u00e1s, cuando comenz\u00f3 a darse cuenta que la salud ya no le acompa\u00f1aba como antes, puso en venta su puesto y los derechos que con \u00e9l se llevan, y de esta manera afirm\u00f3 \u201cnadie se interes\u00f3 en el puesto y ac\u00e1 estamos de nuevo siempre atento a escuchar, a tener una palabra y a tener la compa\u00f1\u00eda, que a veces la gente que se sienta aqu\u00ed necesita. Yo crec\u00ed en esta plaza y creo que si Dios as\u00ed lo quiere, en esta plaza me voy a morir\u201d. Asever\u00f3 don \u00c1ngel.<br \/>\nLos restos de \u00c1ngel Tulio Guti\u00e9rrez C\u00f3rdova, fueron velados en dependencias de la Parroquia Nuestra Se\u00f1ora De La Merced y sus restos descansan en el Cementerio Municipal del El Almendral.<\/p>\n<figure id=\"attachment_76497\" aria-describedby=\"caption-attachment-76497\" style=\"width: 530px\" class=\"wp-caption alignleft\"><a href=\"http:\/\/www.eltrabajo.cl\/portal\/muere-conocido-lustrador-sanfelipeno-que-operaba-en-la-plaza-de-armas\/angel-cordova\/\" rel=\"attachment wp-att-76497\"><img data-recalc-dims=\"1\" loading=\"lazy\" decoding=\"async\" class=\"size-full wp-image-76497\" src=\"https:\/\/i0.wp.com\/www.eltrabajo.cl\/2017\/wp-content\/uploads\/2017\/01\/angel-cordova.jpg?resize=530%2C350\" alt=\"Don \u00c1ngel Guti\u00e9rrez C\u00f3rdoba, durante su trabajo diario en su lustr\u00edn.\" width=\"530\" height=\"350\" srcset=\"https:\/\/i0.wp.com\/eltrabajo.cl\/portal\/wp-content\/uploads\/2017\/01\/angel-cordova.jpg?w=530&amp;ssl=1 530w, https:\/\/i0.wp.com\/eltrabajo.cl\/portal\/wp-content\/uploads\/2017\/01\/angel-cordova.jpg?resize=200%2C132&amp;ssl=1 200w, https:\/\/i0.wp.com\/eltrabajo.cl\/portal\/wp-content\/uploads\/2017\/01\/angel-cordova.jpg?resize=300%2C198&amp;ssl=1 300w, https:\/\/i0.wp.com\/eltrabajo.cl\/portal\/wp-content\/uploads\/2017\/01\/angel-cordova.jpg?resize=227%2C150&amp;ssl=1 227w, https:\/\/i0.wp.com\/eltrabajo.cl\/portal\/wp-content\/uploads\/2017\/01\/angel-cordova.jpg?resize=400%2C264&amp;ssl=1 400w\" sizes=\"auto, (max-width: 530px) 100vw, 530px\" \/><\/a><figcaption id=\"caption-attachment-76497\" class=\"wp-caption-text\">Don \u00c1ngel Guti\u00e9rrez C\u00f3rdoba, durante su trabajo diario en su lustr\u00edn.<\/figcaption><\/figure>\n","protected":false},"excerpt":{"rendered":"<p>La madrugada de este mi\u00e9rcoles, a los 84 a\u00f1os de edad y en compa\u00f1\u00eda de su familia, muri\u00f3 el reconocido \u2018limpia calzado\u2019 de San Felipe, \u00c1ngel Tulio Guti\u00e9rrez C\u00f3rdova. El deceso se&#8230;<\/p>\n","protected":false},"author":1,"featured_media":76497,"comment_status":"open","ping_status":"open","sticky":false,"template":"","format":"standard","meta":{"advanced_seo_description":"","jetpack_seo_html_title":"","jetpack_seo_noindex":false,"_jetpack_memberships_contains_paid_content":false,"footnotes":""},"categories":[15],"tags":[],"class_list":["post-76496","post","type-post","status-publish","format-standard","has-post-thumbnail","hentry","category-comunidad"],"jetpack_featured_media_url":"https:\/\/i0.wp.com\/eltrabajo.cl\/portal\/wp-content\/uploads\/2017\/01\/angel-cordova.jpg?fit=530%2C350&ssl=1","jetpack_sharing_enabled":true,"jetpack_likes_enabled":true,"jetpack-related-posts":[],"_links":{"self":[{"href":"https:\/\/eltrabajo.cl\/portal\/wp-json\/wp\/v2\/posts\/76496","targetHints":{"allow":["GET"]}}],"collection":[{"href":"https:\/\/eltrabajo.cl\/portal\/wp-json\/wp\/v2\/posts"}],"about":[{"href":"https:\/\/eltrabajo.cl\/portal\/wp-json\/wp\/v2\/types\/post"}],"author":[{"embeddable":true,"href":"https:\/\/eltrabajo.cl\/portal\/wp-json\/wp\/v2\/users\/1"}],"replies":[{"embeddable":true,"href":"https:\/\/eltrabajo.cl\/portal\/wp-json\/wp\/v2\/comments?post=76496"}],"version-history":[{"count":0,"href":"https:\/\/eltrabajo.cl\/portal\/wp-json\/wp\/v2\/posts\/76496\/revisions"}],"wp:featuredmedia":[{"embeddable":true,"href":"https:\/\/eltrabajo.cl\/portal\/wp-json\/wp\/v2\/media\/76497"}],"wp:attachment":[{"href":"https:\/\/eltrabajo.cl\/portal\/wp-json\/wp\/v2\/media?parent=76496"}],"wp:term":[{"taxonomy":"category","embeddable":true,"href":"https:\/\/eltrabajo.cl\/portal\/wp-json\/wp\/v2\/categories?post=76496"},{"taxonomy":"post_tag","embeddable":true,"href":"https:\/\/eltrabajo.cl\/portal\/wp-json\/wp\/v2\/tags?post=76496"}],"curies":[{"name":"wp","href":"https:\/\/api.w.org\/{rel}","templated":true}]}}