{"id":76510,"date":"2017-01-13T09:19:56","date_gmt":"2017-01-13T09:19:56","guid":{"rendered":"http:\/\/www.eltrabajo.cl\/portal\/?p=76510"},"modified":"2017-01-13T09:19:56","modified_gmt":"2017-01-13T09:19:56","slug":"preocupa-aumento-de-basurales","status":"publish","type":"post","link":"https:\/\/eltrabajo.cl\/portal\/preocupa-aumento-de-basurales\/","title":{"rendered":"Preocupa aumento de basurales"},"content":{"rendered":"<p>Al recorrer la ciudad de San Felipe, nos podemos dar cuenta que a pesar del servicio de recolecci\u00f3n de residuos domiciliarios y barrido de calle, es posible advertir en distintos sectores residenciales de nuestro querido San Felipe, varios microbasurales que se han ido creando por la misma gente en el tiempo.<br \/>\nSin duda se trata de un grave problema que requiere la atenci\u00f3n de las autoridades municipales, para combatir esta situaci\u00f3n que acarrea otro grave problema, como es la creaci\u00f3n de focos insalubres e infecciosos donde proliferan roedores y se producen malos olores.<br \/>\nEl tema principal reflota en la falta de cultura y de responsabilidad con el medio ambiente por parte de la ciudadan\u00eda, porque simplemente la gente va y deposita lo que no ocupa en cualquier lugar sin preocuparse del entorno, de los problemas que se suscitan, del ejemplo que se le puede dar a los ni\u00f1os, ya que lo m\u00e1s probable si un ni\u00f1o ve que un adulto bota basura en un sector que no est\u00e1 determinado para aquello, repetir\u00e1 la misma conducta, sintiendo que act\u00faa con toda normalidad, mientras no le afecte a \u00e9l.<br \/>\nEn San Felipe existen varios microbasurales, como por ejemplo Costanera con Yungay en la Villa Bernardo Cruz, en la antigua estaci\u00f3n de trenes, en calle 12 de Febrero, donde incluso se produjo un incendio, debiendo concurrir bomberos a extinguir.<br \/>\nConsultado al respecto, el alcalde de San Felipe, Patricio Freire Canto, dijo que hoy en d\u00eda hay menos micro basurales en la ciudad: \u201cHay muchos menos, estamos implementando un equipo de aseo y esto va a significar terminar con los basurales. Aqu\u00ed hay un tema de educaci\u00f3n de los vecinos, porque ellos andan en cualquier parte depositando, por eso el llamado que le hago a los vecinos que cuiden su entorno, no vayan a ensuciar a otros lados porque andan botando en otros lados y yo digo que al vecino que veamos botando basura en sectores prohibidos, van a ser empadronados sus veh\u00edculos, en estos momentos se est\u00e1 haciendo\u201d, sostuvo el alcalde.<\/p>\n<figure id=\"attachment_76511\" aria-describedby=\"caption-attachment-76511\" style=\"width: 530px\" class=\"wp-caption alignleft\"><a href=\"http:\/\/www.eltrabajo.cl\/portal\/preocupa-aumento-de-basurales\/12-de-febrero\/\" rel=\"attachment wp-att-76511\"><img data-recalc-dims=\"1\" loading=\"lazy\" decoding=\"async\" class=\"size-full wp-image-76511\" src=\"https:\/\/i0.wp.com\/www.eltrabajo.cl\/2017\/wp-content\/uploads\/2017\/01\/12-de-febrero.jpg?resize=530%2C350\" alt=\"Ac\u00e1 el conocido conductor de colectivo RP nos muestra la basura que hay en calle 12 de febrero, donde ya se produjo un incendio.\" width=\"530\" height=\"350\" srcset=\"https:\/\/i0.wp.com\/eltrabajo.cl\/portal\/wp-content\/uploads\/2017\/01\/12-de-febrero.jpg?w=530&amp;ssl=1 530w, https:\/\/i0.wp.com\/eltrabajo.cl\/portal\/wp-content\/uploads\/2017\/01\/12-de-febrero.jpg?resize=200%2C132&amp;ssl=1 200w, https:\/\/i0.wp.com\/eltrabajo.cl\/portal\/wp-content\/uploads\/2017\/01\/12-de-febrero.jpg?resize=300%2C198&amp;ssl=1 300w, https:\/\/i0.wp.com\/eltrabajo.cl\/portal\/wp-content\/uploads\/2017\/01\/12-de-febrero.jpg?resize=227%2C150&amp;ssl=1 227w, https:\/\/i0.wp.com\/eltrabajo.cl\/portal\/wp-content\/uploads\/2017\/01\/12-de-febrero.jpg?resize=400%2C264&amp;ssl=1 400w\" sizes=\"auto, (max-width: 530px) 100vw, 530px\" \/><\/a><figcaption id=\"caption-attachment-76511\" class=\"wp-caption-text\">Ac\u00e1 el conocido conductor de colectivo RP nos muestra la basura que hay en calle 12 de febrero, donde ya se produjo un incendio.<\/figcaption><\/figure>\n<figure id=\"attachment_76512\" aria-describedby=\"caption-attachment-76512\" style=\"width: 530px\" class=\"wp-caption alignleft\"><a href=\"http:\/\/www.eltrabajo.cl\/portal\/preocupa-aumento-de-basurales\/costanera\/\" rel=\"attachment wp-att-76512\"><img data-recalc-dims=\"1\" loading=\"lazy\" decoding=\"async\" class=\"size-full wp-image-76512\" src=\"https:\/\/i0.wp.com\/www.eltrabajo.cl\/2017\/wp-content\/uploads\/2017\/01\/Costanera.jpg?resize=530%2C350\" alt=\"Rafa P\u00e9rez, nos muestra insitu el microbasural que hay en Costanera con Yungay en la Villa Bernardo Cruz.\" width=\"530\" height=\"350\" srcset=\"https:\/\/i0.wp.com\/eltrabajo.cl\/portal\/wp-content\/uploads\/2017\/01\/Costanera.jpg?w=530&amp;ssl=1 530w, https:\/\/i0.wp.com\/eltrabajo.cl\/portal\/wp-content\/uploads\/2017\/01\/Costanera.jpg?resize=200%2C132&amp;ssl=1 200w, https:\/\/i0.wp.com\/eltrabajo.cl\/portal\/wp-content\/uploads\/2017\/01\/Costanera.jpg?resize=300%2C198&amp;ssl=1 300w, https:\/\/i0.wp.com\/eltrabajo.cl\/portal\/wp-content\/uploads\/2017\/01\/Costanera.jpg?resize=227%2C150&amp;ssl=1 227w, https:\/\/i0.wp.com\/eltrabajo.cl\/portal\/wp-content\/uploads\/2017\/01\/Costanera.jpg?resize=400%2C264&amp;ssl=1 400w\" sizes=\"auto, (max-width: 530px) 100vw, 530px\" \/><\/a><figcaption id=\"caption-attachment-76512\" class=\"wp-caption-text\">Rafa P\u00e9rez, nos muestra insitu el microbasural que hay en Costanera con Yungay en la Villa Bernardo Cruz.<\/figcaption><\/figure>\n<figure id=\"attachment_76513\" aria-describedby=\"caption-attachment-76513\" style=\"width: 530px\" class=\"wp-caption alignleft\"><a href=\"http:\/\/www.eltrabajo.cl\/portal\/preocupa-aumento-de-basurales\/totoral\/\" rel=\"attachment wp-att-76513\"><img data-recalc-dims=\"1\" loading=\"lazy\" decoding=\"async\" class=\"size-full wp-image-76513\" src=\"https:\/\/i0.wp.com\/www.eltrabajo.cl\/2017\/wp-content\/uploads\/2017\/01\/Totoral.jpg?resize=530%2C350\" alt=\"Este otro basural, se encuentra ubicado en la costanera poniente entre Poblaci\u00f3n Los Araucanos y Departamentos El Totoral.\" width=\"530\" height=\"350\" srcset=\"https:\/\/i0.wp.com\/eltrabajo.cl\/portal\/wp-content\/uploads\/2017\/01\/Totoral.jpg?w=530&amp;ssl=1 530w, https:\/\/i0.wp.com\/eltrabajo.cl\/portal\/wp-content\/uploads\/2017\/01\/Totoral.jpg?resize=200%2C132&amp;ssl=1 200w, https:\/\/i0.wp.com\/eltrabajo.cl\/portal\/wp-content\/uploads\/2017\/01\/Totoral.jpg?resize=300%2C198&amp;ssl=1 300w, https:\/\/i0.wp.com\/eltrabajo.cl\/portal\/wp-content\/uploads\/2017\/01\/Totoral.jpg?resize=227%2C150&amp;ssl=1 227w, https:\/\/i0.wp.com\/eltrabajo.cl\/portal\/wp-content\/uploads\/2017\/01\/Totoral.jpg?resize=400%2C264&amp;ssl=1 400w\" sizes=\"auto, (max-width: 530px) 100vw, 530px\" \/><\/a><figcaption id=\"caption-attachment-76513\" class=\"wp-caption-text\">Este otro basural, se encuentra ubicado en la costanera poniente entre Poblaci\u00f3n Los Araucanos y Departamentos El Totoral.<\/figcaption><\/figure>\n","protected":false},"excerpt":{"rendered":"<p>Al recorrer la ciudad de San Felipe, nos podemos dar cuenta que a pesar del servicio de recolecci\u00f3n de residuos domiciliarios y barrido de calle, es posible advertir en distintos sectores residenciales&#8230;<\/p>\n","protected":false},"author":1,"featured_media":76511,"comment_status":"open","ping_status":"open","sticky":false,"template":"","format":"standard","meta":{"advanced_seo_description":"","jetpack_seo_html_title":"","jetpack_seo_noindex":false,"_jetpack_memberships_contains_paid_content":false,"footnotes":""},"categories":[15],"tags":[],"class_list":["post-76510","post","type-post","status-publish","format-standard","has-post-thumbnail","hentry","category-comunidad"],"jetpack_featured_media_url":"https:\/\/i0.wp.com\/eltrabajo.cl\/portal\/wp-content\/uploads\/2017\/01\/12-de-febrero.jpg?fit=530%2C350&ssl=1","jetpack_sharing_enabled":true,"jetpack_likes_enabled":true,"jetpack-related-posts":[],"_links":{"self":[{"href":"https:\/\/eltrabajo.cl\/portal\/wp-json\/wp\/v2\/posts\/76510","targetHints":{"allow":["GET"]}}],"collection":[{"href":"https:\/\/eltrabajo.cl\/portal\/wp-json\/wp\/v2\/posts"}],"about":[{"href":"https:\/\/eltrabajo.cl\/portal\/wp-json\/wp\/v2\/types\/post"}],"author":[{"embeddable":true,"href":"https:\/\/eltrabajo.cl\/portal\/wp-json\/wp\/v2\/users\/1"}],"replies":[{"embeddable":true,"href":"https:\/\/eltrabajo.cl\/portal\/wp-json\/wp\/v2\/comments?post=76510"}],"version-history":[{"count":0,"href":"https:\/\/eltrabajo.cl\/portal\/wp-json\/wp\/v2\/posts\/76510\/revisions"}],"wp:featuredmedia":[{"embeddable":true,"href":"https:\/\/eltrabajo.cl\/portal\/wp-json\/wp\/v2\/media\/76511"}],"wp:attachment":[{"href":"https:\/\/eltrabajo.cl\/portal\/wp-json\/wp\/v2\/media?parent=76510"}],"wp:term":[{"taxonomy":"category","embeddable":true,"href":"https:\/\/eltrabajo.cl\/portal\/wp-json\/wp\/v2\/categories?post=76510"},{"taxonomy":"post_tag","embeddable":true,"href":"https:\/\/eltrabajo.cl\/portal\/wp-json\/wp\/v2\/tags?post=76510"}],"curies":[{"name":"wp","href":"https:\/\/api.w.org\/{rel}","templated":true}]}}