{"id":76516,"date":"2017-01-13T09:23:56","date_gmt":"2017-01-13T09:23:56","guid":{"rendered":"http:\/\/www.eltrabajo.cl\/portal\/?p=76516"},"modified":"2017-01-13T09:23:56","modified_gmt":"2017-01-13T09:23:56","slug":"sumario-contra-aridos-tres-esquinas-por-recepcion-ilegal-de-material-peligroso","status":"publish","type":"post","link":"https:\/\/eltrabajo.cl\/portal\/sumario-contra-aridos-tres-esquinas-por-recepcion-ilegal-de-material-peligroso\/","title":{"rendered":"Sumario contra \u00c1ridos Tres Esquinas por recepci\u00f3n ilegal de material peligroso"},"content":{"rendered":"<ul>\n<li><span style=\"color: #000000;\"><strong>Sanci\u00f3n podr\u00eda llegar a las 1.000 UTM:<\/strong><\/span><\/li>\n<\/ul>\n<p>Luego de la detecci\u00f3n del funcionamiento ilegal de un vertedero, escombrera y pozo lastrero, en un recinto perteneciente a la empresa \u00c1ridos Tres Esquinas, en donde el martes por la noche un cami\u00f3n deposit\u00f3 lodos contaminados que provocaron distintos malestares f\u00edsicos en los vecinos del sector, la autoridad sanitaria levant\u00f3 un sumario investigativo contra el propietario del terreno y decret\u00f3 la extracci\u00f3n inmediata del material, que en un principio, corresponder\u00eda a \u00e1cido clorh\u00eddrico.<br \/>\nPese a la orden emanada desde la Oficina Provincial Aconcagua de la Seremi de Salud, los lodos no pudieron ser retirados durante el d\u00eda mi\u00e9rcoles, debido al proceso de solidificaci\u00f3n que sufrieron, hecho que impidi\u00f3 que el cami\u00f3n encargado del retiro de este material pudiera succionarlo y trasladarlo hacia un vertedero autorizado para la recepci\u00f3n de residuos peligrosos.<br \/>\nEn ese contexto, Mario M\u00e9ndez, jefe de esta repartici\u00f3n p\u00fablica, advirti\u00f3 que el plazo fatal para el retiro de este material se cumpl\u00eda durante la jornada de jueves. \u201cA partir de la orden que nosotros evacuamos, se han estado haciendo operaciones al respecto, el mi\u00e9rcoles fracas\u00f3 el intento de llevarse ese residuo, a prop\u00f3sito de que el equipo que trajeron desde la empresa especializada, no permit\u00eda dragar o succionar el lodo porque ya estaba en un estado de gel m\u00e1s bien s\u00f3lido y por tanto, le dimos un nuevo plazo, dentro del marco de proceso sumario, para que hoy a medio d\u00eda (ayer) -con otro procedimiento, porque ya no va a servir dragarlo con un cami\u00f3n succionador-, se levante este material peligroso\u201d, decret\u00f3 M\u00e9ndez.<br \/>\n\u201cEsto est\u00e1 siendo monitoreado por parte de la Seremi de Salud, tambi\u00e9n por parte de los equipos de emergencia de la Gobernaci\u00f3n Provincial y Municipalidad de San Felipe, Carabineros tambi\u00e9n ha estado colaborando en esta operaci\u00f3n de retiro, as\u00ed que esperamos que se cumpla lo exigido por la autoridad sanitaria, en el sentido que hoy ya est\u00e9 fuera de ese lugar y se disponga en un vertedero que tenga autorizaci\u00f3n para la recepci\u00f3n de residuos peligrosos\u201d, a\u00f1adi\u00f3 el facultativo.<\/p>\n<p><strong>MATERIAL ORG\u00c1NICO DE ORIGEN DESCONOCIDO<\/strong><br \/>\nRespecto al por qu\u00e9 estos lodos depositados ilegalmente en el recinto de la Empresa de \u00c1ridos Tres Esquina, fueron catalogados de inmediato como material peligroso , M\u00e9ndez explic\u00f3 que podr\u00eda tratarse de \u201cmateria org\u00e1nica, que al parecer, con la aplicaci\u00f3n de cierto elemento qu\u00edmico, provoc\u00f3 una reacci\u00f3n que gener\u00f3 estos gases\u201d detall\u00f3, agregando que \u201cseg\u00fan algunas mediciones realizadas por Bomberos, hay alguna presunci\u00f3n de que habr\u00edan elementos de tipo clorado, es decir, una materia org\u00e1nica a la cual se le habr\u00eda aplicado cloro, cuya mezcla reacciona y genera \u00e1cido clorh\u00eddrico o un elemento similar, el cual, se volatiliza y provoca n\u00e1useas, irritaci\u00f3n y diversos problemas que se produjeron en los vecinos del sector\u201d, puntualiz\u00f3.<br \/>\nEn cuanto a la procedencia de este material, M\u00e9ndez expuso que esa respuesta se tendr\u00e1 una vez que concluya la investigaci\u00f3n y que por el momento s\u00f3lo se conocen detalles vagos del cami\u00f3n que deposit\u00f3 los lodos la madrugada del martes. \u201cNo se ha podido establecer el origen, en el proceso investigativo, en el que han colaborado vecinos y otros \u00f3rganos del estado, se sabe que alrededor de las 3:30 de la ma\u00f1ana un cami\u00f3n tolva, con cabina de color amarillo, llega al lugar, vierte su contenido y luego se retira, el asunto es que no hay m\u00e1s antecedentes, nosotros llegamos cerca de las 21 horas a cubrir una situaci\u00f3n de emergencia que se estaba viviendo (\u2026) en el momento no hab\u00eda empresa responsable y no se sab\u00eda de qu\u00e9 se trataba\u201d, sentenci\u00f3 el galeno.<\/p>\n<p><strong>POSIBLES SANCIONES<\/strong><br \/>\nDe acuerdo a la legislaci\u00f3n vigente, la autoridad sanitaria est\u00e1 facultada para aplicar multas con un margen de 1 UTM hasta 1.000 UTM, sanci\u00f3n econ\u00f3mica que es determinada de forma proporcional a la situaci\u00f3n generada. En este caso, \u00c1ridos Tres Esquinas, tendr\u00e1 que asumir este pago y adem\u00e1s cumplir con otras exigencias realizadas desde el organismo dependiente del Ministerio de Salud, como por ejemplo, sellar el port\u00f3n del recinto e impedir el ingreso no autorizado de este tipo de veh\u00edculos de carga.<br \/>\n\u201cEn la parte administrativa, estamos haciendo una investigaci\u00f3n bastante acuciosa en torno a lo que est\u00e1 ocurriendo, porque este es un recinto que no est\u00e1 autorizado para la recepci\u00f3n de residuos de ninguna naturaleza y lo m\u00e1s probable es que esto termine con sanciones a prop\u00f3sito del incidente qu\u00edmico con afectaci\u00f3n de personas que hubo\u201d, aport\u00f3 M\u00e9ndez.<br \/>\nPor \u00faltimo, M\u00e9ndez espera que esta situaci\u00f3n se trate de un hecho puntual y que no sea una actividad que se haya estado desarrollando en la impunidad. De todas formas, el personero descart\u00f3 manejar antecedentes previos en esta materia y en ese lugar, afirmando que \u201cdurante el per\u00edodo que yo he estado no hab\u00eda tenido denuncias de esta naturaleza, estamos haciendo una investigaci\u00f3n en el plano hist\u00f3rico, s\u00ed, como se\u00f1alaron los vecinos, hubo alg\u00fan tipo de informaci\u00f3n que en ese lugar se hab\u00edan dispuesto anteriormente, por las condiciones que se dan: un callej\u00f3n de f\u00e1cil acceso, en donde la oscuridad de la noche podr\u00eda facilitar esta actividad, pero nosotros no hab\u00edamos recibido en este per\u00edodo de 3 a\u00f1os, una denuncia formal o informal\u201d, concluy\u00f3.<\/p>\n<figure id=\"attachment_76517\" aria-describedby=\"caption-attachment-76517\" style=\"width: 530px\" class=\"wp-caption alignleft\"><a href=\"http:\/\/www.eltrabajo.cl\/portal\/sumario-contra-aridos-tres-esquinas-por-recepcion-ilegal-de-material-peligroso\/emergencia-quimica-4\/\" rel=\"attachment wp-att-76517\"><img data-recalc-dims=\"1\" loading=\"lazy\" decoding=\"async\" class=\"size-full wp-image-76517\" src=\"https:\/\/i0.wp.com\/www.eltrabajo.cl\/2017\/wp-content\/uploads\/2017\/01\/emergencia-quimica-4.jpg?resize=530%2C350\" alt=\"Pese a que los vecinos informaron que los lodos contaminantes no hab\u00edan sido retirados desde el recinto y que la empresa s\u00f3lo los habr\u00eda cubierto con tierra, desde la Gobernaci\u00f3n Provincial aseguraron que el material t\u00f3xico fue extra\u00eddo en la tarde de ayer jueves.\" width=\"530\" height=\"350\" srcset=\"https:\/\/i0.wp.com\/eltrabajo.cl\/portal\/wp-content\/uploads\/2017\/01\/emergencia-quimica-4.jpg?w=530&amp;ssl=1 530w, https:\/\/i0.wp.com\/eltrabajo.cl\/portal\/wp-content\/uploads\/2017\/01\/emergencia-quimica-4.jpg?resize=200%2C132&amp;ssl=1 200w, https:\/\/i0.wp.com\/eltrabajo.cl\/portal\/wp-content\/uploads\/2017\/01\/emergencia-quimica-4.jpg?resize=300%2C198&amp;ssl=1 300w, https:\/\/i0.wp.com\/eltrabajo.cl\/portal\/wp-content\/uploads\/2017\/01\/emergencia-quimica-4.jpg?resize=227%2C150&amp;ssl=1 227w, https:\/\/i0.wp.com\/eltrabajo.cl\/portal\/wp-content\/uploads\/2017\/01\/emergencia-quimica-4.jpg?resize=400%2C264&amp;ssl=1 400w\" sizes=\"auto, (max-width: 530px) 100vw, 530px\" \/><\/a><figcaption id=\"caption-attachment-76517\" class=\"wp-caption-text\">Pese a que los vecinos informaron que los lodos contaminantes no hab\u00edan sido retirados desde el recinto y que la empresa s\u00f3lo los habr\u00eda cubierto con tierra, desde la Gobernaci\u00f3n Provincial aseguraron que el material t\u00f3xico fue extra\u00eddo en la tarde de ayer jueves.<\/figcaption><\/figure>\n","protected":false},"excerpt":{"rendered":"<p>Sanci\u00f3n podr\u00eda llegar a las 1.000 UTM: Luego de la detecci\u00f3n del funcionamiento ilegal de un vertedero, escombrera y pozo lastrero, en un recinto perteneciente a la empresa \u00c1ridos Tres Esquinas, en&#8230;<\/p>\n","protected":false},"author":1,"featured_media":76517,"comment_status":"open","ping_status":"open","sticky":false,"template":"","format":"standard","meta":{"advanced_seo_description":"","jetpack_seo_html_title":"","jetpack_seo_noindex":false,"_jetpack_memberships_contains_paid_content":false,"footnotes":""},"categories":[1],"tags":[],"class_list":["post-76516","post","type-post","status-publish","format-standard","has-post-thumbnail","hentry","category-cronica"],"jetpack_featured_media_url":"https:\/\/i0.wp.com\/eltrabajo.cl\/portal\/wp-content\/uploads\/2017\/01\/emergencia-quimica-4.jpg?fit=530%2C350&ssl=1","jetpack_sharing_enabled":true,"jetpack_likes_enabled":true,"jetpack-related-posts":[],"_links":{"self":[{"href":"https:\/\/eltrabajo.cl\/portal\/wp-json\/wp\/v2\/posts\/76516","targetHints":{"allow":["GET"]}}],"collection":[{"href":"https:\/\/eltrabajo.cl\/portal\/wp-json\/wp\/v2\/posts"}],"about":[{"href":"https:\/\/eltrabajo.cl\/portal\/wp-json\/wp\/v2\/types\/post"}],"author":[{"embeddable":true,"href":"https:\/\/eltrabajo.cl\/portal\/wp-json\/wp\/v2\/users\/1"}],"replies":[{"embeddable":true,"href":"https:\/\/eltrabajo.cl\/portal\/wp-json\/wp\/v2\/comments?post=76516"}],"version-history":[{"count":0,"href":"https:\/\/eltrabajo.cl\/portal\/wp-json\/wp\/v2\/posts\/76516\/revisions"}],"wp:featuredmedia":[{"embeddable":true,"href":"https:\/\/eltrabajo.cl\/portal\/wp-json\/wp\/v2\/media\/76517"}],"wp:attachment":[{"href":"https:\/\/eltrabajo.cl\/portal\/wp-json\/wp\/v2\/media?parent=76516"}],"wp:term":[{"taxonomy":"category","embeddable":true,"href":"https:\/\/eltrabajo.cl\/portal\/wp-json\/wp\/v2\/categories?post=76516"},{"taxonomy":"post_tag","embeddable":true,"href":"https:\/\/eltrabajo.cl\/portal\/wp-json\/wp\/v2\/tags?post=76516"}],"curies":[{"name":"wp","href":"https:\/\/api.w.org\/{rel}","templated":true}]}}