{"id":76537,"date":"2017-01-16T08:36:02","date_gmt":"2017-01-16T08:36:02","guid":{"rendered":"http:\/\/www.eltrabajo.cl\/portal\/?p=76537"},"modified":"2017-01-16T08:36:02","modified_gmt":"2017-01-16T08:36:02","slug":"por-segunda-vez-martin-gimenez-vuelve-a-marcharse-del-uni-uni","status":"publish","type":"post","link":"https:\/\/eltrabajo.cl\/portal\/por-segunda-vez-martin-gimenez-vuelve-a-marcharse-del-uni-uni\/","title":{"rendered":"Por segunda vez Mart\u00edn Gim\u00e9nez vuelve a marcharse del Un\u00ed Un\u00ed"},"content":{"rendered":"<p>Definitivamente parece ser que Uni\u00f3n San Felipe no le acomoda a Mart\u00edn Gim\u00e9nez, a ra\u00edz que el talentoso volante de nacionalidad trasandina, una vez m\u00e1s (segunda vez que lo hace), sin la debida autorizaci\u00f3n del cuerpo t\u00e9cnico y el directorio, decidi\u00f3 partir a Argentina, con lo que dej\u00f3 de ser jugador del Un\u00ed Un\u00ed.<br \/>\nMart\u00edn Gim\u00e9nez era la gran carta albirroja para esta temporada luego de haber cumplido una buena actuaci\u00f3n en el Arsenal de la Primera Divisi\u00f3n argentina, pero algunos problemas personales habr\u00edan provocado que durante la tarde del s\u00e1bado, el jugador optara por alejarse de San Felipe, ahora parece que de manera definitiva porque habr\u00eda mucha molestia de parte de la dirigencia, la que despu\u00e9s de esto le cerrar\u00eda todas las puertas para otro retornar al valle de Aconcagua.<\/p>\n<figure id=\"attachment_76538\" aria-describedby=\"caption-attachment-76538\" style=\"width: 530px\" class=\"wp-caption alignleft\"><a href=\"http:\/\/www.eltrabajo.cl\/portal\/por-segunda-vez-martin-gimenez-vuelve-a-marcharse-del-uni-uni\/martin-gimenez-2\/\" rel=\"attachment wp-att-76538\"><img data-recalc-dims=\"1\" loading=\"lazy\" decoding=\"async\" class=\"size-full wp-image-76538\" src=\"https:\/\/i0.wp.com\/www.eltrabajo.cl\/2017\/wp-content\/uploads\/2017\/01\/martin-gimenez.jpg?resize=530%2C349\" alt=\"Mart\u00edn Gim\u00e9nez era la gran apuesta albirroja para este 2017.\" width=\"530\" height=\"349\" srcset=\"https:\/\/i0.wp.com\/eltrabajo.cl\/portal\/wp-content\/uploads\/2017\/01\/martin-gimenez.jpg?w=530&amp;ssl=1 530w, https:\/\/i0.wp.com\/eltrabajo.cl\/portal\/wp-content\/uploads\/2017\/01\/martin-gimenez.jpg?resize=200%2C132&amp;ssl=1 200w, https:\/\/i0.wp.com\/eltrabajo.cl\/portal\/wp-content\/uploads\/2017\/01\/martin-gimenez.jpg?resize=300%2C198&amp;ssl=1 300w, https:\/\/i0.wp.com\/eltrabajo.cl\/portal\/wp-content\/uploads\/2017\/01\/martin-gimenez.jpg?resize=228%2C150&amp;ssl=1 228w, https:\/\/i0.wp.com\/eltrabajo.cl\/portal\/wp-content\/uploads\/2017\/01\/martin-gimenez.jpg?resize=400%2C263&amp;ssl=1 400w\" sizes=\"auto, (max-width: 530px) 100vw, 530px\" \/><\/a><figcaption id=\"caption-attachment-76538\" class=\"wp-caption-text\">Mart\u00edn Gim\u00e9nez era la gran apuesta albirroja para este 2017.<\/figcaption><\/figure>\n","protected":false},"excerpt":{"rendered":"<p>Definitivamente parece ser que Uni\u00f3n San Felipe no le acomoda a Mart\u00edn Gim\u00e9nez, a ra\u00edz que el talentoso volante de nacionalidad trasandina, una vez m\u00e1s (segunda vez que lo hace), sin la&#8230;<\/p>\n","protected":false},"author":1,"featured_media":76538,"comment_status":"open","ping_status":"open","sticky":false,"template":"","format":"standard","meta":{"advanced_seo_description":"","jetpack_seo_html_title":"","jetpack_seo_noindex":false,"_jetpack_memberships_contains_paid_content":false,"footnotes":""},"categories":[19],"tags":[],"class_list":["post-76537","post","type-post","status-publish","format-standard","has-post-thumbnail","hentry","category-deportes"],"jetpack_featured_media_url":"https:\/\/i0.wp.com\/eltrabajo.cl\/portal\/wp-content\/uploads\/2017\/01\/martin-gimenez.jpg?fit=530%2C349&ssl=1","jetpack_sharing_enabled":true,"jetpack_likes_enabled":true,"jetpack-related-posts":[],"_links":{"self":[{"href":"https:\/\/eltrabajo.cl\/portal\/wp-json\/wp\/v2\/posts\/76537","targetHints":{"allow":["GET"]}}],"collection":[{"href":"https:\/\/eltrabajo.cl\/portal\/wp-json\/wp\/v2\/posts"}],"about":[{"href":"https:\/\/eltrabajo.cl\/portal\/wp-json\/wp\/v2\/types\/post"}],"author":[{"embeddable":true,"href":"https:\/\/eltrabajo.cl\/portal\/wp-json\/wp\/v2\/users\/1"}],"replies":[{"embeddable":true,"href":"https:\/\/eltrabajo.cl\/portal\/wp-json\/wp\/v2\/comments?post=76537"}],"version-history":[{"count":0,"href":"https:\/\/eltrabajo.cl\/portal\/wp-json\/wp\/v2\/posts\/76537\/revisions"}],"wp:featuredmedia":[{"embeddable":true,"href":"https:\/\/eltrabajo.cl\/portal\/wp-json\/wp\/v2\/media\/76538"}],"wp:attachment":[{"href":"https:\/\/eltrabajo.cl\/portal\/wp-json\/wp\/v2\/media?parent=76537"}],"wp:term":[{"taxonomy":"category","embeddable":true,"href":"https:\/\/eltrabajo.cl\/portal\/wp-json\/wp\/v2\/categories?post=76537"},{"taxonomy":"post_tag","embeddable":true,"href":"https:\/\/eltrabajo.cl\/portal\/wp-json\/wp\/v2\/tags?post=76537"}],"curies":[{"name":"wp","href":"https:\/\/api.w.org\/{rel}","templated":true}]}}