{"id":76546,"date":"2017-01-16T08:40:03","date_gmt":"2017-01-16T08:40:03","guid":{"rendered":"http:\/\/www.eltrabajo.cl\/portal\/?p=76546"},"modified":"2018-12-17T14:11:56","modified_gmt":"2018-12-17T17:11:56","slug":"de-milagro-salvo-menor-tras-caida-de-gancho-de-arbol-en-plaza-de-armas","status":"publish","type":"post","link":"https:\/\/eltrabajo.cl\/portal\/de-milagro-salvo-menor-tras-caida-de-gancho-de-arbol-en-plaza-de-armas\/","title":{"rendered":"\u2018De milagro\u2019 salv\u00f3 menor tras ca\u00edda de gancho de \u00e1rbol en plaza de armas"},"content":{"rendered":"<p>Con lesiones leves result\u00f3 una menor de siete a\u00f1os de edad luego que este s\u00e1bado, pasadas las seis de la tarde, el gancho de un \u00e1rbol de la plaza de armas de San Felipe cayera sobre ella.<br \/>\nSe trata de la menor de iniciales C.I. H.L, domiciliada en la comuna de Panquehue.<br \/>\nSeg\u00fan su madre, Beatriz Leiva Abarca, el s\u00e1bado pasadas las seis de la tarde, vinieron a San Felipe de paseo con sus hijos, para romper la rutina y divertirse. \u00abComo hac\u00eda tanto calor, la chiquitita le pide a su pap\u00e1 una bebida, entonces nosotros vamos a la plaza de armas a buscar un ladito donde hubiera m\u00e1s sombra, lo m\u00e1s cerca era frente al Montserrat nos sentamos y en eso ella vio una profesora conocida, fue a saludarla, vuelve en dos segundos, y fue como algo s\u00faper r\u00e1pido, un ruido, yo estaba con mi beb\u00e9 de un a\u00f1o y medio y estaba mi hija y su pap\u00e1 y resulta que escuchamos el ruido y en cosas de segundo, yo por sacar r\u00e1pido a mi beb\u00e9 que es chiquitito, no alcanc\u00e9 a tomarla a ella de la mano y ayudar que saliera corriendo conmigo\u00bb.<br \/>\nDice que se da vuelta y escucha el golpe \u00abfue desesperante, de repente la veo que sale de entremedio de las ramas y un caballero me dice que le revise la espalda porque se golpe\u00f3 muy fuerte la espalda y la veo y le hab\u00eda sacado un pedacito de piel de la espalda y la cara la ten\u00eda rajada. Se junt\u00f3 mucha gente con la disposici\u00f3n de ayudarnos y justo se acerc\u00f3 la carabinera del ret\u00e9n m\u00f3vil y ella nos dijo que iba a seguir el procedimiento, llam\u00f3 a unos compa\u00f1eros y nos llevaron a constatar lesiones para que la revisaran y ah\u00ed nos derivaron al hospital\u00bb.<br \/>\nEn este lugar les dijeron que eran lesiones leves: \u00abClaro, yo s\u00e9 que son lesiones leves, pero qu\u00e9 hubiera pasado si el tronco de la rama le golpea la cabeza (\u2026) me la mata, entonces a eso yo voy, que mi hija no est\u00e9 muerta (\u2026) que no tenga lesiones graves no quiere decir que el hecho no fue menor, porque esto es algo grave lo que pas\u00f3\u00bb.<br \/>\nCuenta que cuando estaba en el hospital, llegaron dos personas de la municipalidad de San Felipe para pedirles los datos, le preguntaron c\u00f3mo estaba la ni\u00f1a y nada m\u00e1s: \u00abNadie me pregunt\u00f3 si necesitaba algo, la ni\u00f1a necesita algo porque est\u00e1 en shock, la ni\u00f1a no quiere ir a San Felipe, me dice que nunca m\u00e1s se va a sentar al lado de los \u00e1rboles, pasamos muy mala noche porque estaba asustada.<br \/>\n\u00abEs f\u00e1cil hoy en d\u00eda entrar al Facebook y buscar como lo hizo usted, a m\u00ed nadie me ha preguntado c\u00f3mo est\u00e1 mi hija, en qu\u00e9 condiciones qued\u00f3 ella, nosotros \u00edbamos a salir de viaje ahora, pero con todo esto no voy a poder salir, porque la ni\u00f1a est\u00e1 mal (\u2026) no est\u00e1 grave, pero emocionalmente est\u00e1 mal, la ni\u00f1a me dice no quiero pasar m\u00e1s por ah\u00ed porque me da miedo si me cae otra rama encima, ella est\u00e1 acostumbrada de andar en los carritos. Yo hice la denuncia, tengo que esperar que me llamen de la fiscal\u00eda y seguir el procedimiento\u00bb, finaliza la madre de la menor.<br \/>\nRecordar que el s\u00e1bado de la semana pasada un \u00e1rbol cay\u00f3 frente a la Municipalidad sin causar desgracias, teniendo en cuenta que fue en la madrugada.<\/p>\n<figure id=\"attachment_76547\" aria-describedby=\"caption-attachment-76547\" style=\"width: 530px\" class=\"wp-caption alignleft\"><a href=\"http:\/\/www.eltrabajo.cl\/portal\/rama_plaza\/\" rel=\"attachment wp-att-76547\"><img data-recalc-dims=\"1\" loading=\"lazy\" decoding=\"async\" class=\"wp-image-76547 size-full\" src=\"https:\/\/i0.wp.com\/www.eltrabajo.cl\/portal\/wp-content\/uploads\/2017\/01\/rama_plaza.jpg?resize=530%2C350\" alt=\"En la imagen se muestra parte del gancho que se cay\u00f3.\" width=\"530\" height=\"350\" srcset=\"https:\/\/i0.wp.com\/eltrabajo.cl\/portal\/wp-content\/uploads\/2017\/01\/rama_plaza.jpg?w=530&amp;ssl=1 530w, https:\/\/i0.wp.com\/eltrabajo.cl\/portal\/wp-content\/uploads\/2017\/01\/rama_plaza.jpg?resize=200%2C132&amp;ssl=1 200w, https:\/\/i0.wp.com\/eltrabajo.cl\/portal\/wp-content\/uploads\/2017\/01\/rama_plaza.jpg?resize=300%2C198&amp;ssl=1 300w, https:\/\/i0.wp.com\/eltrabajo.cl\/portal\/wp-content\/uploads\/2017\/01\/rama_plaza.jpg?resize=227%2C150&amp;ssl=1 227w, https:\/\/i0.wp.com\/eltrabajo.cl\/portal\/wp-content\/uploads\/2017\/01\/rama_plaza.jpg?resize=400%2C264&amp;ssl=1 400w\" sizes=\"auto, (max-width: 530px) 100vw, 530px\" \/><\/a><figcaption id=\"caption-attachment-76547\" class=\"wp-caption-text\">En la imagen se muestra parte del gancho que se cay\u00f3.<\/figcaption><\/figure>\n","protected":false},"excerpt":{"rendered":"<p>Con lesiones leves result\u00f3 una menor de siete a\u00f1os de edad luego que este s\u00e1bado, pasadas las seis de la tarde, el gancho de un \u00e1rbol de la plaza de armas de&#8230;<\/p>\n","protected":false},"author":1,"featured_media":76547,"comment_status":"open","ping_status":"open","sticky":false,"template":"","format":"standard","meta":{"advanced_seo_description":"","jetpack_seo_html_title":"","jetpack_seo_noindex":false,"_jetpack_memberships_contains_paid_content":false,"footnotes":""},"categories":[1],"tags":[],"class_list":["post-76546","post","type-post","status-publish","format-standard","has-post-thumbnail","hentry","category-cronica"],"jetpack_featured_media_url":"https:\/\/i0.wp.com\/eltrabajo.cl\/portal\/wp-content\/uploads\/2017\/01\/rama_plaza.jpg?fit=530%2C350&ssl=1","jetpack_sharing_enabled":true,"jetpack_likes_enabled":true,"jetpack-related-posts":[],"_links":{"self":[{"href":"https:\/\/eltrabajo.cl\/portal\/wp-json\/wp\/v2\/posts\/76546","targetHints":{"allow":["GET"]}}],"collection":[{"href":"https:\/\/eltrabajo.cl\/portal\/wp-json\/wp\/v2\/posts"}],"about":[{"href":"https:\/\/eltrabajo.cl\/portal\/wp-json\/wp\/v2\/types\/post"}],"author":[{"embeddable":true,"href":"https:\/\/eltrabajo.cl\/portal\/wp-json\/wp\/v2\/users\/1"}],"replies":[{"embeddable":true,"href":"https:\/\/eltrabajo.cl\/portal\/wp-json\/wp\/v2\/comments?post=76546"}],"version-history":[{"count":0,"href":"https:\/\/eltrabajo.cl\/portal\/wp-json\/wp\/v2\/posts\/76546\/revisions"}],"wp:featuredmedia":[{"embeddable":true,"href":"https:\/\/eltrabajo.cl\/portal\/wp-json\/wp\/v2\/media\/76547"}],"wp:attachment":[{"href":"https:\/\/eltrabajo.cl\/portal\/wp-json\/wp\/v2\/media?parent=76546"}],"wp:term":[{"taxonomy":"category","embeddable":true,"href":"https:\/\/eltrabajo.cl\/portal\/wp-json\/wp\/v2\/categories?post=76546"},{"taxonomy":"post_tag","embeddable":true,"href":"https:\/\/eltrabajo.cl\/portal\/wp-json\/wp\/v2\/tags?post=76546"}],"curies":[{"name":"wp","href":"https:\/\/api.w.org\/{rel}","templated":true}]}}