{"id":76730,"date":"2017-01-17T11:38:13","date_gmt":"2017-01-17T11:38:13","guid":{"rendered":"http:\/\/www.eltrabajo.cl\/2017\/?p=76730"},"modified":"2017-01-17T11:38:13","modified_gmt":"2017-01-17T11:38:13","slug":"fundacion-trivelli-inicia-campana-para-cubrir-gastos-de-hogar-en-san-felipe","status":"publish","type":"post","link":"https:\/\/eltrabajo.cl\/portal\/fundacion-trivelli-inicia-campana-para-cubrir-gastos-de-hogar-en-san-felipe\/","title":{"rendered":"Fundaci\u00f3n Trivelli inicia campa\u00f1a para cubrir gastos de Hogar en San Felipe"},"content":{"rendered":"<ul>\n<li><strong><span style=\"color: #ff0000;\">Recinto sanfelipe\u00f1o requiere cubrir gastos de \u2018abuelitos\u2019 provenientes de San Esteban:\u00a0<\/span>Aportes econ\u00f3micos, se pueden materializar en la p\u00e1gina web www.fet.cl, mientras que alimentos, pa\u00f1ales o medicamentos se pueden entregar personalmente en el establecimiento, ubicado en Tocornal, San Felipe.<\/strong><\/li>\n<\/ul>\n<p>Pr\u00e1cticamente han pasado dos meses desde que un voraz incendio destruy\u00f3 casi por completo, el Hogar de Adultos Mayores de la Fundaci\u00f3n Trivelli en la comuna de San Esteban. En el recinto, resid\u00edan unos 40 \u2018abuelitos\u2019, 20 de los cuales debieron ser trasladados hasta el establecimiento que la instituci\u00f3n posee en San Felipe.<br \/>\nCon el paso del tiempo, la estad\u00eda del total de adultos mayores que vive en el Hogar Trivelli de San Felipe se ha vuelto compleja, pues, en t\u00e9rminos de espacios, el establecimiento necesita con urgencia una ampliaci\u00f3n, mientras que, en el aspectoecon\u00f3mico, mantener de forma digna a los ancianos, tambi\u00e9n se ha transformado en una tarea tit\u00e1nica.<br \/>\nDebido a esto, el directorio de Fundaci\u00f3n Trivelli, decidi\u00f3 comenzar una campa\u00f1a de ayuda para poder solventar los gastos que conlleva mantener a estos 20 nuevos residentes que hay en San Felipe, que son pacientes asistenciales y por quienes la instituci\u00f3n no percibe ning\u00fan tipo de ingreso.<br \/>\nAs\u00ed lo dio a conocer Luis Rojas, presidente de la Fundaci\u00f3n Emilio Trivelli, quien inform\u00f3 que las donaciones se pueden hacer directamente en el Hogar, o bien, a trav\u00e9s de la p\u00e1gina www.fet.cl.<br \/>\n\u00abHoy, fundamentalmente, estamos necesitando pa\u00f1ales tama\u00f1o G, alimentaci\u00f3n y si es dinero en efectivo en la misma p\u00e1gina se da las opciones de donar desde mil pesos en adelante. Ahora, si en alg\u00fan caso, hay alguna empresa que quiera acogerse a la ley de donaciones y nos quiera colaborar desde ese punto de vista y enfocar sus impuestos en forma directa, tambi\u00e9n somos sujeto de donaci\u00f3n\u00bb, detall\u00f3 Rojas.<br \/>\nRespecto de c\u00f3mo instalaron a estos 20 adultos mayores provenientes del Hogar de San Esteban, el personero cont\u00f3 que debieron reacomodar y utilizar las mismas instalaciones existentes en San Felipe, por lo que, a partir del 1 de marzo, se iniciar\u00e1 una campa\u00f1a para poder reunir los recursos que permitan construir un m\u00f3dulo donde se pueda brindar mejores condiciones al total de los usuarios. \u00abLa primera soluci\u00f3n que necesitamos es habitabilidad, eso significa construir un pabell\u00f3n provisorio (mecano) que nos cuesta 50 millones de pesos, lo que nos dar\u00eda la tranquilidad para trabajar con calma y financiar la reconstrucci\u00f3n de San Esteban\u00bb, expuso Rojas.<br \/>\nReferente al proceso de reconstrucci\u00f3n del Hogar de San Esteban, el presidente de Fundaci\u00f3n Trivelli, cont\u00f3 que actualmente a\u00fan se encuentran en una etapa de limpieza, de evaluaci\u00f3n y confecci\u00f3n del proyecto de reconstrucci\u00f3n del recinto, fase que est\u00e1 siendo apoyada por diversos profesionales de la zona.<br \/>\nEn este contexto, Rojas asegur\u00f3 que no han recibido ayuda de ning\u00fan otro sector ( p\u00fablico y\/o privado) y que el costo para volver a levantar el establecimiento, podr\u00eda alcanzar los 160 millones de pesos.<br \/>\n\u00abEs dif\u00edcil, pero nosotros somos un grupo de so\u00f1adores, cada uno tiene su emprendimiento particular as\u00ed que estamos acostumbrados a pelear contra lo imposible, as\u00ed que si la comunidad nos tiende una mano y se dan cuenta que esta es una obra del Valle de Aconcagua, no nos dejen solos\u00bb, expres\u00f3 Rojas.<br \/>\nPor \u00faltimo, Rojas descart\u00f3 la posibilidad de poder postular a recursos del Servicio Nacional del Adulto Mayor, Senama, para la reconstrucci\u00f3n del hogar, porque \u00abellos ya otorgaron su Eleam (Establecimiento de Larga Estad\u00eda para Adultos Mayores) regional a Valpara\u00edso, pero si se puede optar a otros proyectos estatales, por lo cual estamos buscando la forma de hacerlo, con la cooperaci\u00f3n de la Fundaci\u00f3n Oportunidad Mayor, que son especialistas en ese tema\u00bb, advirti\u00f3.<\/p>\n<figure id=\"attachment_76731\" aria-describedby=\"caption-attachment-76731\" style=\"width: 530px\" class=\"wp-caption alignnone\"><img data-recalc-dims=\"1\" loading=\"lazy\" decoding=\"async\" class=\"size-full wp-image-76731\" src=\"https:\/\/i0.wp.com\/www.eltrabajo.cl\/2017\/wp-content\/uploads\/2017\/01\/LUIS-ROJAS.jpg?resize=530%2C348\" alt=\"Luis Rojas, presidente de la Fundaci\u00f3n Emilio Trivelli.\" width=\"530\" height=\"348\" srcset=\"https:\/\/i0.wp.com\/eltrabajo.cl\/portal\/wp-content\/uploads\/2017\/01\/LUIS-ROJAS.jpg?w=530&amp;ssl=1 530w, https:\/\/i0.wp.com\/eltrabajo.cl\/portal\/wp-content\/uploads\/2017\/01\/LUIS-ROJAS.jpg?resize=200%2C131&amp;ssl=1 200w, https:\/\/i0.wp.com\/eltrabajo.cl\/portal\/wp-content\/uploads\/2017\/01\/LUIS-ROJAS.jpg?resize=300%2C197&amp;ssl=1 300w, https:\/\/i0.wp.com\/eltrabajo.cl\/portal\/wp-content\/uploads\/2017\/01\/LUIS-ROJAS.jpg?resize=150%2C98&amp;ssl=1 150w\" sizes=\"auto, (max-width: 530px) 100vw, 530px\" \/><figcaption id=\"caption-attachment-76731\" class=\"wp-caption-text\">Luis Rojas, presidente de la Fundaci\u00f3n Emilio Trivelli.<\/figcaption><\/figure>\n","protected":false},"excerpt":{"rendered":"<p>Recinto sanfelipe\u00f1o requiere cubrir gastos de \u2018abuelitos\u2019 provenientes de San Esteban:\u00a0Aportes econ\u00f3micos, se pueden materializar en la p\u00e1gina web www.fet.cl, mientras que alimentos, pa\u00f1ales o medicamentos se pueden entregar personalmente en el&#8230;<\/p>\n","protected":false},"author":1,"featured_media":76731,"comment_status":"open","ping_status":"open","sticky":false,"template":"","format":"standard","meta":{"advanced_seo_description":"","jetpack_seo_html_title":"","jetpack_seo_noindex":false,"_jetpack_memberships_contains_paid_content":false,"footnotes":""},"categories":[15],"tags":[],"class_list":["post-76730","post","type-post","status-publish","format-standard","has-post-thumbnail","hentry","category-comunidad"],"jetpack_featured_media_url":"https:\/\/i0.wp.com\/eltrabajo.cl\/portal\/wp-content\/uploads\/2017\/01\/LUIS-ROJAS.jpg?fit=530%2C348&ssl=1","jetpack_sharing_enabled":true,"jetpack_likes_enabled":true,"jetpack-related-posts":[],"_links":{"self":[{"href":"https:\/\/eltrabajo.cl\/portal\/wp-json\/wp\/v2\/posts\/76730","targetHints":{"allow":["GET"]}}],"collection":[{"href":"https:\/\/eltrabajo.cl\/portal\/wp-json\/wp\/v2\/posts"}],"about":[{"href":"https:\/\/eltrabajo.cl\/portal\/wp-json\/wp\/v2\/types\/post"}],"author":[{"embeddable":true,"href":"https:\/\/eltrabajo.cl\/portal\/wp-json\/wp\/v2\/users\/1"}],"replies":[{"embeddable":true,"href":"https:\/\/eltrabajo.cl\/portal\/wp-json\/wp\/v2\/comments?post=76730"}],"version-history":[{"count":0,"href":"https:\/\/eltrabajo.cl\/portal\/wp-json\/wp\/v2\/posts\/76730\/revisions"}],"wp:featuredmedia":[{"embeddable":true,"href":"https:\/\/eltrabajo.cl\/portal\/wp-json\/wp\/v2\/media\/76731"}],"wp:attachment":[{"href":"https:\/\/eltrabajo.cl\/portal\/wp-json\/wp\/v2\/media?parent=76730"}],"wp:term":[{"taxonomy":"category","embeddable":true,"href":"https:\/\/eltrabajo.cl\/portal\/wp-json\/wp\/v2\/categories?post=76730"},{"taxonomy":"post_tag","embeddable":true,"href":"https:\/\/eltrabajo.cl\/portal\/wp-json\/wp\/v2\/tags?post=76730"}],"curies":[{"name":"wp","href":"https:\/\/api.w.org\/{rel}","templated":true}]}}