{"id":76749,"date":"2017-01-18T11:48:09","date_gmt":"2017-01-18T11:48:09","guid":{"rendered":"http:\/\/www.eltrabajo.cl\/2017\/?p=76749"},"modified":"2017-01-18T11:48:09","modified_gmt":"2017-01-18T11:48:09","slug":"dos-mujeres-mueren-tras-larga-espera-para-cruzar-frontera-hacia-nuestro-pais","status":"publish","type":"post","link":"https:\/\/eltrabajo.cl\/portal\/dos-mujeres-mueren-tras-larga-espera-para-cruzar-frontera-hacia-nuestro-pais\/","title":{"rendered":"Dos mujeres mueren tras larga espera para cruzar frontera hacia nuestro pa\u00eds"},"content":{"rendered":"<p><strong>LOS ANDES.-<\/strong> Dos ciudadanas extranjeras murieron con 48 horas de diferencia tras cruzar la frontera por el paso Cristo Redentor, ambas a causa de problemas de salud.<br \/>\nEl primero de estos hechos ocurri\u00f3 la tarde del s\u00e1bado cuando la ciudadana peruana procedente de Buenos Aires, identificada como Rosario Sipan Tolempino, de 41 a\u00f1os, quien viajaba como pasajera en un bus de la empresa El R\u00e1pido con destino a su pa\u00eds natal, comenz\u00f3 a presentar problemas de salud cuando estaba en el complejo de Horcones.<br \/>\nLa mujer tom\u00f3 medicamentos y sigui\u00f3 a bordo de la m\u00e1quina, sin embargo, cuando efectuaba los tr\u00e1mites migratorios en el Complejo Los Libertadores, volvi\u00f3 a sentirme mal, por lo que la tripulaci\u00f3n del bus la hizo descender para que recibiera atenci\u00f3n.<br \/>\nLa ciudadana peruana fue asistida por param\u00e9dicos de una ambulancia del Samu que est\u00e1 en el complejo, quienes le encontraron alza de presi\u00f3n y la estabilizaron.<br \/>\nComo manera preventiva, los param\u00e9dicos decidieron trasladarla hasta el Hospital San Juan de Dios de Los Andes, pero la mujer se opuso ya que no quer\u00eda perder el viaje. Ante eso, le hicieron firmar un documento por no querer bajar en la ambulancia por el estado en que estaba y desligar responsabilidades.<br \/>\nPosteriormente la pasajera regres\u00f3 al bus y \u00e9ste continu\u00f3 su marcha hacia Los Andes, pero cuando se desplazaban por el sector del cuarto cobertizo su estado de salud empeor\u00f3 y se desvaneci\u00f3, muriendo a los pocos minutos en el asiento en que ven\u00eda. El conductor prosigui\u00f3 y baj\u00f3 hasta el control de Carabineros en Guardia Vieja, informando de lo ocurrido, quedando las primeras diligencias a cargo de personal Subcomisar\u00eda Los Libertadores.<br \/>\nEl bus qued\u00f3 detenido en ese lugar hasta la llegada de Oficiales de la Brigada de Homicidios de la PDI quienes llevaron adelante las pericias correspondientes.<br \/>\nEl Servicio M\u00e9dico Legal hizo retiro del cuerpo y los traslad\u00f3 hasta sus dependencias en San Felipe, donde se le realiz\u00f3 la autopsia pertinente, siendo la causa de muerte la rotura de un quiste ov\u00e1rico.<\/p>\n<p><strong>Segundo Caso<\/strong><br \/>\nEl segundo fallecimiento corresponde al de la ciudadana argentina Mar\u00eda Teresa de la Vega Barzola, de 62 a\u00f1os, quien ingres\u00f3 a territorio nacional acompa\u00f1ada de su esposo Jos\u00e9 Alberto Vittaz y su hija a bordo de un furg\u00f3n Fiat modelo Qubo la tarde del lunes.<br \/>\nCuando se encontraban en la fila para realizar los tr\u00e1mites migratorios, la mujer comenz\u00f3 a sentir malestares de salud, siendo llevada hasta la asistencia p\u00fablica del complejo donde fue atendida por un param\u00e9dico. Lamentablemente a eso de las 18:30 horas la ciudadana argentina dej\u00f3 de existir a causa de un paro cardio respiratorio.<br \/>\nSeg\u00fan se pudo conocer, la familia oriunda de Mendoza intentaba cruzar a Chile para pasar sus vacaciones en la zona de Vi\u00f1a del Mar.<br \/>\nPor instrucciones del fiscal de turno del Ministerio P\u00fablico de Los Andes, las pericias del cuerpo de la infortunada mujer quedaron a cargo de la Brigada de Homicidios de la PDI.<br \/>\nEsta situaci\u00f3n pone en tela de juicio las largas esperas que a veces superan las seis horas que deben soportar los extranjeros que ingresan a territorio nacional y al hecho que el complejo no cuenta con un puesto m\u00e9dico avanzado para atender casos de emergencia como \u00e9stos.<\/p>\n<figure id=\"attachment_76750\" aria-describedby=\"caption-attachment-76750\" style=\"width: 580px\" class=\"wp-caption alignnone\"><img data-recalc-dims=\"1\" loading=\"lazy\" decoding=\"async\" class=\"size-full wp-image-76750\" src=\"https:\/\/i0.wp.com\/www.eltrabajo.cl\/2017\/wp-content\/uploads\/2017\/01\/espera-libertadores.jpg?resize=580%2C349\" alt=\"Interminables filas de veh\u00edculos ha provocado en los \u00faltimos d\u00edas, la elevada afluencia de turistas procedentes de Argentina.\" width=\"580\" height=\"349\" srcset=\"https:\/\/i0.wp.com\/eltrabajo.cl\/portal\/wp-content\/uploads\/2017\/01\/espera-libertadores.jpg?w=580&amp;ssl=1 580w, https:\/\/i0.wp.com\/eltrabajo.cl\/portal\/wp-content\/uploads\/2017\/01\/espera-libertadores.jpg?resize=200%2C120&amp;ssl=1 200w, https:\/\/i0.wp.com\/eltrabajo.cl\/portal\/wp-content\/uploads\/2017\/01\/espera-libertadores.jpg?resize=300%2C181&amp;ssl=1 300w, https:\/\/i0.wp.com\/eltrabajo.cl\/portal\/wp-content\/uploads\/2017\/01\/espera-libertadores.jpg?resize=150%2C90&amp;ssl=1 150w\" sizes=\"auto, (max-width: 580px) 100vw, 580px\" \/><figcaption id=\"caption-attachment-76750\" class=\"wp-caption-text\">Interminables filas de veh\u00edculos ha provocado en los \u00faltimos d\u00edas, la elevada afluencia de turistas procedentes de Argentina.<\/figcaption><\/figure>\n","protected":false},"excerpt":{"rendered":"<p>LOS ANDES.- Dos ciudadanas extranjeras murieron con 48 horas de diferencia tras cruzar la frontera por el paso Cristo Redentor, ambas a causa de problemas de salud. El primero de estos hechos&#8230;<\/p>\n","protected":false},"author":1,"featured_media":76750,"comment_status":"open","ping_status":"open","sticky":false,"template":"","format":"standard","meta":{"advanced_seo_description":"","jetpack_seo_html_title":"","jetpack_seo_noindex":false,"_jetpack_memberships_contains_paid_content":false,"footnotes":""},"categories":[1],"tags":[38,39,40,41],"class_list":["post-76749","post","type-post","status-publish","format-standard","has-post-thumbnail","hentry","category-cronica","tag-aconcagua","tag-cristo-redentor","tag-los-andes","tag-paso-fronterizo"],"jetpack_featured_media_url":"https:\/\/i0.wp.com\/eltrabajo.cl\/portal\/wp-content\/uploads\/2017\/01\/espera-libertadores.jpg?fit=580%2C349&ssl=1","jetpack_sharing_enabled":true,"jetpack_likes_enabled":true,"jetpack-related-posts":[],"_links":{"self":[{"href":"https:\/\/eltrabajo.cl\/portal\/wp-json\/wp\/v2\/posts\/76749","targetHints":{"allow":["GET"]}}],"collection":[{"href":"https:\/\/eltrabajo.cl\/portal\/wp-json\/wp\/v2\/posts"}],"about":[{"href":"https:\/\/eltrabajo.cl\/portal\/wp-json\/wp\/v2\/types\/post"}],"author":[{"embeddable":true,"href":"https:\/\/eltrabajo.cl\/portal\/wp-json\/wp\/v2\/users\/1"}],"replies":[{"embeddable":true,"href":"https:\/\/eltrabajo.cl\/portal\/wp-json\/wp\/v2\/comments?post=76749"}],"version-history":[{"count":0,"href":"https:\/\/eltrabajo.cl\/portal\/wp-json\/wp\/v2\/posts\/76749\/revisions"}],"wp:featuredmedia":[{"embeddable":true,"href":"https:\/\/eltrabajo.cl\/portal\/wp-json\/wp\/v2\/media\/76750"}],"wp:attachment":[{"href":"https:\/\/eltrabajo.cl\/portal\/wp-json\/wp\/v2\/media?parent=76749"}],"wp:term":[{"taxonomy":"category","embeddable":true,"href":"https:\/\/eltrabajo.cl\/portal\/wp-json\/wp\/v2\/categories?post=76749"},{"taxonomy":"post_tag","embeddable":true,"href":"https:\/\/eltrabajo.cl\/portal\/wp-json\/wp\/v2\/tags?post=76749"}],"curies":[{"name":"wp","href":"https:\/\/api.w.org\/{rel}","templated":true}]}}