{"id":76755,"date":"2017-01-18T11:54:51","date_gmt":"2017-01-18T11:54:51","guid":{"rendered":"http:\/\/www.eltrabajo.cl\/2017\/?p=76755"},"modified":"2017-01-18T11:54:51","modified_gmt":"2017-01-18T11:54:51","slug":"interponen-querella-criminal-para-investigar-extraccion-ilegal-de-aridos","status":"publish","type":"post","link":"https:\/\/eltrabajo.cl\/portal\/interponen-querella-criminal-para-investigar-extraccion-ilegal-de-aridos\/","title":{"rendered":"Interponen querella criminal para investigar extracci\u00f3n ilegal de \u00e1ridos"},"content":{"rendered":"<ul>\n<li><span style=\"color: #ff0000;\"><strong>Alcalde de Llay Llay, Edgardo Gonz\u00e1lez:\u00a0<\/strong><\/span><\/li>\n<\/ul>\n<p><strong>LLAY LLAY.-<\/strong> El pasado martes, el alcalde de Llay Llay, Edgardo Gonz\u00e1lez, interpuso una querella criminal por cohecho y falsificaci\u00f3n de instrumentos p\u00fablicos, ante el Juzgado de Garant\u00eda de San Felipe, contra quienes resulten responsables en el contexto de la extracci\u00f3n ilegal de \u00e1ridos que se suscita en la comuna hace m\u00e1s de tres a\u00f1os.<br \/>\nSeg\u00fan explic\u00f3 el alcalde, existen informes emitidos por la Contralor\u00eda General de Rep\u00fablica, que hacen presente las irregularidades administrativas que hubo en la extracci\u00f3n de \u00e1ridos, las cuales generaron un detrimento en el patrimonio municipal, \u201cpodr\u00edamos haber destinado estos recursos a inversi\u00f3n social, educaci\u00f3n, recuperaci\u00f3n de espacios p\u00fablico, etc. Entonces es mi convicci\u00f3n legal hacer la denuncia para que las autoridades competentes determinen la existencia de responsabilidades penales y delitos, ya que hay antecedentes que a m\u00ed me hacen presumir que esto es as\u00ed\u201d, enfatiz\u00f3 el alcalde.<br \/>\nLa m\u00e1xima autoridad local dijo que en esta querella no se est\u00e1 inculpando a nadie en espec\u00edfico, simplemente frente a los hechos que existen, se requiere una investigaci\u00f3n penal, para determinar a los responsables.<br \/>\nSeg\u00fan explic\u00f3 el edil, al asumir su administraci\u00f3n en el municipio se encontr\u00f3 con instrumentos p\u00fablicos que faltan a la verdad, \u201cHay certificados que dan cuenta de ingresos de recursos que no son tal, aqu\u00ed hubo falta de control y fiscalizaci\u00f3n, autorizaciones entregadas sin el cumplimiento de la Ley, sin autorizaci\u00f3n de la DOH y sin autorizaci\u00f3n del Concejo Municipal\u201d, concluy\u00f3 Gonz\u00e1lez.<br \/>\nCabe destacar, que el \u00fanico convenio suscrito vigente es entre la Direcci\u00f3n General de Aguas (DGA) y la empresa OHL, instrumento que es ajeno al municipio, por lo cual se est\u00e1 a la espera de la conclusi\u00f3n de este convenio a fin de proceder a encomendar evaluaci\u00f3n de impacto ambiental, regulando definitivamente la extracci\u00f3n de \u00e1ridos en la comuna.<\/p>\n<figure id=\"attachment_76756\" aria-describedby=\"caption-attachment-76756\" style=\"width: 580px\" class=\"wp-caption alignnone\"><img data-recalc-dims=\"1\" loading=\"lazy\" decoding=\"async\" class=\"size-full wp-image-76756\" src=\"https:\/\/i0.wp.com\/www.eltrabajo.cl\/2017\/wp-content\/uploads\/2017\/01\/querella-municipio-llay-llay.jpg?resize=580%2C349\" alt=\"El Alcalde de Llay Llay, Edgardo Gonz\u00e1lez, interpuso una querella criminal por cohecho y falsificaci\u00f3n de instrumentos p\u00fablicos, en el contexto de la extracci\u00f3n ilegal de \u00e1ridos que se suscita en la comuna hace m\u00e1s de tres a\u00f1os. \" width=\"580\" height=\"349\" srcset=\"https:\/\/i0.wp.com\/eltrabajo.cl\/portal\/wp-content\/uploads\/2017\/01\/querella-municipio-llay-llay.jpg?w=580&amp;ssl=1 580w, https:\/\/i0.wp.com\/eltrabajo.cl\/portal\/wp-content\/uploads\/2017\/01\/querella-municipio-llay-llay.jpg?resize=200%2C120&amp;ssl=1 200w, https:\/\/i0.wp.com\/eltrabajo.cl\/portal\/wp-content\/uploads\/2017\/01\/querella-municipio-llay-llay.jpg?resize=300%2C181&amp;ssl=1 300w, https:\/\/i0.wp.com\/eltrabajo.cl\/portal\/wp-content\/uploads\/2017\/01\/querella-municipio-llay-llay.jpg?resize=150%2C90&amp;ssl=1 150w\" sizes=\"auto, (max-width: 580px) 100vw, 580px\" \/><figcaption id=\"caption-attachment-76756\" class=\"wp-caption-text\">El Alcalde de Llay Llay, Edgardo Gonz\u00e1lez, interpuso una querella criminal por cohecho y falsificaci\u00f3n de instrumentos p\u00fablicos, en el contexto de la extracci\u00f3n ilegal de \u00e1ridos que se suscita en la comuna hace m\u00e1s de tres a\u00f1os.<\/figcaption><\/figure>\n","protected":false},"excerpt":{"rendered":"<p>Alcalde de Llay Llay, Edgardo Gonz\u00e1lez:\u00a0 LLAY LLAY.- El pasado martes, el alcalde de Llay Llay, Edgardo Gonz\u00e1lez, interpuso una querella criminal por cohecho y falsificaci\u00f3n de instrumentos p\u00fablicos, ante el Juzgado&#8230;<\/p>\n","protected":false},"author":1,"featured_media":76756,"comment_status":"open","ping_status":"open","sticky":false,"template":"","format":"standard","meta":{"advanced_seo_description":"","jetpack_seo_html_title":"","jetpack_seo_noindex":false,"_jetpack_memberships_contains_paid_content":false,"footnotes":""},"categories":[1],"tags":[43],"class_list":["post-76755","post","type-post","status-publish","format-standard","has-post-thumbnail","hentry","category-cronica","tag-llay-llay"],"jetpack_featured_media_url":"https:\/\/i0.wp.com\/eltrabajo.cl\/portal\/wp-content\/uploads\/2017\/01\/querella-municipio-llay-llay.jpg?fit=580%2C349&ssl=1","jetpack_sharing_enabled":true,"jetpack_likes_enabled":true,"jetpack-related-posts":[],"_links":{"self":[{"href":"https:\/\/eltrabajo.cl\/portal\/wp-json\/wp\/v2\/posts\/76755","targetHints":{"allow":["GET"]}}],"collection":[{"href":"https:\/\/eltrabajo.cl\/portal\/wp-json\/wp\/v2\/posts"}],"about":[{"href":"https:\/\/eltrabajo.cl\/portal\/wp-json\/wp\/v2\/types\/post"}],"author":[{"embeddable":true,"href":"https:\/\/eltrabajo.cl\/portal\/wp-json\/wp\/v2\/users\/1"}],"replies":[{"embeddable":true,"href":"https:\/\/eltrabajo.cl\/portal\/wp-json\/wp\/v2\/comments?post=76755"}],"version-history":[{"count":0,"href":"https:\/\/eltrabajo.cl\/portal\/wp-json\/wp\/v2\/posts\/76755\/revisions"}],"wp:featuredmedia":[{"embeddable":true,"href":"https:\/\/eltrabajo.cl\/portal\/wp-json\/wp\/v2\/media\/76756"}],"wp:attachment":[{"href":"https:\/\/eltrabajo.cl\/portal\/wp-json\/wp\/v2\/media?parent=76755"}],"wp:term":[{"taxonomy":"category","embeddable":true,"href":"https:\/\/eltrabajo.cl\/portal\/wp-json\/wp\/v2\/categories?post=76755"},{"taxonomy":"post_tag","embeddable":true,"href":"https:\/\/eltrabajo.cl\/portal\/wp-json\/wp\/v2\/tags?post=76755"}],"curies":[{"name":"wp","href":"https:\/\/api.w.org\/{rel}","templated":true}]}}