{"id":76758,"date":"2017-01-18T11:59:15","date_gmt":"2017-01-18T11:59:15","guid":{"rendered":"http:\/\/www.eltrabajo.cl\/2017\/?p=76758"},"modified":"2017-01-18T11:59:15","modified_gmt":"2017-01-18T11:59:15","slug":"somos-millones-en-contra-de-ley-de-ideologia-de-genero-en-colegios","status":"publish","type":"post","link":"https:\/\/eltrabajo.cl\/portal\/somos-millones-en-contra-de-ley-de-ideologia-de-genero-en-colegios\/","title":{"rendered":"\u2018Somos Millones\u2019 en contra de ley de ideolog\u00eda de g\u00e9nero en colegios"},"content":{"rendered":"<ul>\n<li><span style=\"color: #ff0000;\"><strong>Agrupaci\u00f3n reparti\u00f3 folletos y anuncian marcha nacional:<\/strong><\/span><\/li>\n<\/ul>\n<p>Toda una campa\u00f1a nacional, es la que se est\u00e1 gestando desde que el gobierno de la presidenta Michell Bachelet anunci\u00f3 la formulaci\u00f3n de una ley que pretende instaurar la ideolog\u00eda de g\u00e9nero, sistema educativo que busca desvirtuar el concepto de Familia entre hombre y mujer e hijos como establece el art\u00edculo 16 de la Declaraci\u00f3n Universal de los Derechos Humanos, y traslada el derecho de los ni\u00f1os a tener padres, al supuesto derecho de las minor\u00edas sexuales a tener ni\u00f1os a su cuidado.<\/p>\n<p><strong>CAMPA\u00d1A NACIONAL<\/strong><br \/>\nAyer martes en Santa Mar\u00eda, Los Andes y San Felipe, as\u00ed como en muchas otras ciudades de Chile, cientos de personas pertenecientes a la agrupaci\u00f3n Somos Millones, con presencia en varios pa\u00edses del Cono Sur, repartieron panfletos e informaci\u00f3n verbal en lugares p\u00fablicos sobre este tema.<\/p>\n<figure id=\"attachment_76759\" aria-describedby=\"caption-attachment-76759\" style=\"width: 300px\" class=\"wp-caption alignnone\"><img data-recalc-dims=\"1\" loading=\"lazy\" decoding=\"async\" class=\"size-medium wp-image-76759\" src=\"https:\/\/i0.wp.com\/www.eltrabajo.cl\/2017\/wp-content\/uploads\/2017\/01\/Angelica-Perez-300x181.jpg?resize=300%2C181\" alt=\"Ang\u00e9lica P\u00e9rez Pe\u00f1a, representante en Aconcagua de la agrupaci\u00f3n internacional Somos Millones.\" width=\"300\" height=\"181\" srcset=\"https:\/\/i0.wp.com\/eltrabajo.cl\/portal\/wp-content\/uploads\/2017\/01\/Angelica-Perez.jpg?resize=300%2C181&amp;ssl=1 300w, https:\/\/i0.wp.com\/eltrabajo.cl\/portal\/wp-content\/uploads\/2017\/01\/Angelica-Perez.jpg?resize=200%2C120&amp;ssl=1 200w, https:\/\/i0.wp.com\/eltrabajo.cl\/portal\/wp-content\/uploads\/2017\/01\/Angelica-Perez.jpg?resize=150%2C90&amp;ssl=1 150w, https:\/\/i0.wp.com\/eltrabajo.cl\/portal\/wp-content\/uploads\/2017\/01\/Angelica-Perez.jpg?w=580&amp;ssl=1 580w\" sizes=\"auto, (max-width: 300px) 100vw, 300px\" \/><figcaption id=\"caption-attachment-76759\" class=\"wp-caption-text\">Ang\u00e9lica P\u00e9rez Pe\u00f1a, representante en Aconcagua de la agrupaci\u00f3n internacional Somos Millones.<\/figcaption><\/figure>\n<p>Diario El Trabajo habl\u00f3 con una de estas dirigentes, Ang\u00e9lica P\u00e9rez Pe\u00f1a, quien fue tajante al se\u00f1alar que \u00abyo represento a muchos padres que no estamos de acuerdo con la ideolog\u00eda de g\u00e9nero, lo que implica que a partir de los tres a\u00f1os ya los ni\u00f1os recibir\u00e1n un despertar sexual, pues los profesionales parvularios estar\u00edan autorizados para instruir a los peque\u00f1itos sobre el tema sexual (\u2026) no nos parece que el d\u00eda de ma\u00f1ana si mi hijo var\u00f3n se pone ropa de ni\u00f1a o juega con mu\u00f1ecas, pues creemos que somos los padres quienes elegimos la forma de educar a nuestros ni\u00f1os, pues en los colegios se deben limitar a ense\u00f1ar matem\u00e1ticas, lenguaje, ciencias y otras materias escolares, creo que se les confundir\u00e1 y que tambi\u00e9n esta ley nos limita como padres\u00bb, dijo P\u00e9rez.<\/p>\n<p><strong>REACCI\u00d3N MUNDIAL<\/strong><br \/>\nEn esencia, los padres chilenos est\u00e1n en desacuerdo, lo que indican es que ni los medios de comunicaci\u00f3n, ni por medio de organismos estatales se les ha informado a ellos sobre este tipo de educaci\u00f3n, sus objetivos y actividades en el aula. Los padres refieren haberse informado por la experiencia de otros pa\u00edses, que llevan m\u00e1s a\u00f1os con este tipo de educaci\u00f3n, y de c\u00f3mo los estados socialistas han vulnerado el derecho de los padres a educar a los hijos en sus creencias, ya que detr\u00e1s de estos aparentes y justos DD.HH. de las mujeres, se esconde una reingenier\u00eda social marxista que va en contra de las creencias, las convicciones paternas, lo cual ha llevado a padres detenidos en Alemania por no llevar a sus hijos a estas clases; masivas protestas en Italia, en Francia y en Puerto Rico.<\/p>\n<p><strong>LA ENTREVISTA<\/strong><br \/>\nNuestro medio habl\u00f3 a profundidad con esta sanfelipe\u00f1a preocupada.<br \/>\n<strong>&#8211; \u00bfQu\u00e9 plantea la ideolog\u00eda de g\u00e9nero?<\/strong><br \/>\n&#8211; Esta ley desvirt\u00faa el concepto de Familia entre hombre y mujer e hijos como establece el art\u00edculo 16 de la Declaraci\u00f3n Universal de los Derechos Humanos, y traslada el derecho de los ni\u00f1os a tener padres, al supuesto derecho de las minor\u00edas sexuales a tener ni\u00f1os a su cuidado, adem\u00e1s, impone por ley que el Estado sea el responsable de entregar a los ni\u00f1os educaci\u00f3n sexual a temprana edad, en desconocimiento e incluso en contra de la voluntad de los padres y por lo tanto, vulnera los derechos de los padres a educar en sus valores a sus propios hijos.<br \/>\n<strong>&#8211; \u00bfDesde qu\u00e9 edad se pretender\u00eda implementar esta \u2018educaci\u00f3n sexual\u2019 a los infantes?<\/strong><br \/>\n&#8211; Esta propuesta se basa en el programa de la OMS para la educaci\u00f3n sexual, que incluso promueve esta educaci\u00f3n a partir de los 0 a\u00f1os de edad. Promueve la desorientaci\u00f3n de los ni\u00f1os en cuanto a su sexualidad, confundi\u00e9ndolos en su identidad sexual a muy temprana edad.<br \/>\n<strong>&#8211; \u00bfPropone entonces esta ley la existencia de un tercer sexo?<\/strong><br \/>\n&#8211; S\u00ed, as\u00ed parece. Pues niega la existencia del sexo femenino y masculino, reemplaz\u00e1ndolo por g\u00e9nero y roles, que son orientaciones sexuales mutantes que se pueden cambiar en la vida todas las veces que se quiera. Desconoce totalmente la biolog\u00eda y gen\u00e9tica que ha probado que los genes del sexo existen, XX para las mujeres y XY para los hombres.<br \/>\n<strong>&#8211; \u00bfQu\u00e9 relaci\u00f3n tiene esta ley con el pol\u00e9mico tema del aborto?<\/strong><br \/>\n&#8211; Bueno, esta ley busca legalizar el aborto en ni\u00f1as menores de hasta catorce a\u00f1os sin el consentimiento de los padres, con el s\u00f3lo apoyo de un profesional de la salud que avale esta decisi\u00f3n de la ni\u00f1a de terminar con el embarazo.<br \/>\n<strong>&#8211; \u00bfQu\u00e9 est\u00e1 haciendo la agrupaci\u00f3n Somos Millones para frenar este proyecto de ley en Chile?<\/strong><br \/>\n&#8211; En todo Chile, en Aconcagua y tambi\u00e9n en algunos pa\u00edses vecinos, ya estamos despertando y tambi\u00e9n para el mes de marzo haremos una marcha simult\u00e1nea internacional, con la finalidad de llevar consciencia a los millones de padres que ignoran este problema.<br \/>\n<strong>Roberto Gonz\u00e1lez Short<\/strong><\/p>\n<figure id=\"attachment_76760\" aria-describedby=\"caption-attachment-76760\" style=\"width: 580px\" class=\"wp-caption alignnone\"><img data-recalc-dims=\"1\" loading=\"lazy\" decoding=\"async\" class=\"size-full wp-image-76760\" src=\"https:\/\/i0.wp.com\/www.eltrabajo.cl\/2017\/wp-content\/uploads\/2017\/01\/Genero28.jpg?resize=580%2C349\" alt=\"OLA MUNDIAL.- En varios pa\u00edses del mundo ya se est\u00e1n generando multitudinarias marchas contra este modelo educativo. (Referencial)\" width=\"580\" height=\"349\" srcset=\"https:\/\/i0.wp.com\/eltrabajo.cl\/portal\/wp-content\/uploads\/2017\/01\/Genero28.jpg?w=580&amp;ssl=1 580w, https:\/\/i0.wp.com\/eltrabajo.cl\/portal\/wp-content\/uploads\/2017\/01\/Genero28.jpg?resize=200%2C120&amp;ssl=1 200w, https:\/\/i0.wp.com\/eltrabajo.cl\/portal\/wp-content\/uploads\/2017\/01\/Genero28.jpg?resize=300%2C181&amp;ssl=1 300w, https:\/\/i0.wp.com\/eltrabajo.cl\/portal\/wp-content\/uploads\/2017\/01\/Genero28.jpg?resize=150%2C90&amp;ssl=1 150w\" sizes=\"auto, (max-width: 580px) 100vw, 580px\" \/><figcaption id=\"caption-attachment-76760\" class=\"wp-caption-text\">OLA MUNDIAL.- En varios pa\u00edses del mundo ya se est\u00e1n generando multitudinarias marchas contra este modelo educativo. (Referencial)<\/figcaption><\/figure>\n<figure id=\"attachment_76761\" aria-describedby=\"caption-attachment-76761\" style=\"width: 580px\" class=\"wp-caption alignnone\"><img data-recalc-dims=\"1\" loading=\"lazy\" decoding=\"async\" class=\"size-full wp-image-76761\" src=\"https:\/\/i0.wp.com\/www.eltrabajo.cl\/2017\/wp-content\/uploads\/2017\/01\/Millones28.jpg?resize=580%2C348\" alt=\"CAMPA\u00d1A SIGUE.- Estos j\u00f3venes bromeaban luego de recibir los folletos informativos de las voluntarias.\" width=\"580\" height=\"348\" srcset=\"https:\/\/i0.wp.com\/eltrabajo.cl\/portal\/wp-content\/uploads\/2017\/01\/Millones28.jpg?w=580&amp;ssl=1 580w, https:\/\/i0.wp.com\/eltrabajo.cl\/portal\/wp-content\/uploads\/2017\/01\/Millones28.jpg?resize=200%2C120&amp;ssl=1 200w, https:\/\/i0.wp.com\/eltrabajo.cl\/portal\/wp-content\/uploads\/2017\/01\/Millones28.jpg?resize=300%2C180&amp;ssl=1 300w, https:\/\/i0.wp.com\/eltrabajo.cl\/portal\/wp-content\/uploads\/2017\/01\/Millones28.jpg?resize=150%2C90&amp;ssl=1 150w\" sizes=\"auto, (max-width: 580px) 100vw, 580px\" \/><figcaption id=\"caption-attachment-76761\" class=\"wp-caption-text\">CAMPA\u00d1A SIGUE.- Estos j\u00f3venes bromeaban luego de recibir los folletos informativos de las voluntarias.<\/figcaption><\/figure>\n<figure id=\"attachment_76762\" aria-describedby=\"caption-attachment-76762\" style=\"width: 580px\" class=\"wp-caption alignnone\"><img data-recalc-dims=\"1\" loading=\"lazy\" decoding=\"async\" class=\"size-full wp-image-76762\" src=\"https:\/\/i0.wp.com\/www.eltrabajo.cl\/2017\/wp-content\/uploads\/2017\/01\/Millones33.jpg?resize=580%2C349\" alt=\"SOMOS MILLONES.- En San Felipe por ejemplo, ayer martes varios activistas de Somos Millones hicieron acto de presencia en nuestra comuna, Los Andes y Santa Mar\u00eda.\" width=\"580\" height=\"349\" srcset=\"https:\/\/i0.wp.com\/eltrabajo.cl\/portal\/wp-content\/uploads\/2017\/01\/Millones33.jpg?w=580&amp;ssl=1 580w, https:\/\/i0.wp.com\/eltrabajo.cl\/portal\/wp-content\/uploads\/2017\/01\/Millones33.jpg?resize=200%2C120&amp;ssl=1 200w, https:\/\/i0.wp.com\/eltrabajo.cl\/portal\/wp-content\/uploads\/2017\/01\/Millones33.jpg?resize=300%2C181&amp;ssl=1 300w, https:\/\/i0.wp.com\/eltrabajo.cl\/portal\/wp-content\/uploads\/2017\/01\/Millones33.jpg?resize=150%2C90&amp;ssl=1 150w\" sizes=\"auto, (max-width: 580px) 100vw, 580px\" \/><figcaption id=\"caption-attachment-76762\" class=\"wp-caption-text\">SOMOS MILLONES.- En San Felipe por ejemplo, ayer martes varios activistas de Somos Millones hicieron acto de presencia en nuestra comuna, Los Andes y Santa Mar\u00eda.<\/figcaption><\/figure>\n","protected":false},"excerpt":{"rendered":"<p>Agrupaci\u00f3n reparti\u00f3 folletos y anuncian marcha nacional: Toda una campa\u00f1a nacional, es la que se est\u00e1 gestando desde que el gobierno de la presidenta Michell Bachelet anunci\u00f3 la formulaci\u00f3n de una ley&#8230;<\/p>\n","protected":false},"author":1,"featured_media":76760,"comment_status":"open","ping_status":"open","sticky":false,"template":"","format":"standard","meta":{"advanced_seo_description":"","jetpack_seo_html_title":"","jetpack_seo_noindex":false,"_jetpack_memberships_contains_paid_content":false,"footnotes":""},"categories":[15],"tags":[],"class_list":["post-76758","post","type-post","status-publish","format-standard","has-post-thumbnail","hentry","category-comunidad"],"jetpack_featured_media_url":"https:\/\/i0.wp.com\/eltrabajo.cl\/portal\/wp-content\/uploads\/2017\/01\/Genero28.jpg?fit=580%2C349&ssl=1","jetpack_sharing_enabled":true,"jetpack_likes_enabled":true,"jetpack-related-posts":[],"_links":{"self":[{"href":"https:\/\/eltrabajo.cl\/portal\/wp-json\/wp\/v2\/posts\/76758","targetHints":{"allow":["GET"]}}],"collection":[{"href":"https:\/\/eltrabajo.cl\/portal\/wp-json\/wp\/v2\/posts"}],"about":[{"href":"https:\/\/eltrabajo.cl\/portal\/wp-json\/wp\/v2\/types\/post"}],"author":[{"embeddable":true,"href":"https:\/\/eltrabajo.cl\/portal\/wp-json\/wp\/v2\/users\/1"}],"replies":[{"embeddable":true,"href":"https:\/\/eltrabajo.cl\/portal\/wp-json\/wp\/v2\/comments?post=76758"}],"version-history":[{"count":0,"href":"https:\/\/eltrabajo.cl\/portal\/wp-json\/wp\/v2\/posts\/76758\/revisions"}],"wp:featuredmedia":[{"embeddable":true,"href":"https:\/\/eltrabajo.cl\/portal\/wp-json\/wp\/v2\/media\/76760"}],"wp:attachment":[{"href":"https:\/\/eltrabajo.cl\/portal\/wp-json\/wp\/v2\/media?parent=76758"}],"wp:term":[{"taxonomy":"category","embeddable":true,"href":"https:\/\/eltrabajo.cl\/portal\/wp-json\/wp\/v2\/categories?post=76758"},{"taxonomy":"post_tag","embeddable":true,"href":"https:\/\/eltrabajo.cl\/portal\/wp-json\/wp\/v2\/tags?post=76758"}],"curies":[{"name":"wp","href":"https:\/\/api.w.org\/{rel}","templated":true}]}}