{"id":76764,"date":"2017-01-18T12:11:00","date_gmt":"2017-01-18T12:11:00","guid":{"rendered":"http:\/\/www.eltrabajo.cl\/2017\/?p=76764"},"modified":"2017-01-18T12:11:00","modified_gmt":"2017-01-18T12:11:00","slug":"tras-anos-de-espera-por-fin-abriran-prolongacion-de-san-martin-al-oriente","status":"publish","type":"post","link":"https:\/\/eltrabajo.cl\/portal\/tras-anos-de-espera-por-fin-abriran-prolongacion-de-san-martin-al-oriente\/","title":{"rendered":"Tras a\u00f1os de espera por fin abrir\u00e1n prolongaci\u00f3n de San Mart\u00edn al oriente"},"content":{"rendered":"<ul>\n<li><strong><span style=\"color: #ff0000;\">A fines de marzo comenzar\u00edan los trabajos:<\/span> Intendente regional Gabriel Aldoney, firm\u00f3 convenio de mandato que habilita los recursos para la expropiaci\u00f3n y licitaci\u00f3n de los trabajos que permitir\u00e1n que esta arteria se extienda al oriente hasta avenida Hermanos Carrera, la cual -a su vez- se conectar\u00e1 con Michimalongo.<\/strong><\/li>\n<\/ul>\n<p>\u00abEste es un gran sue\u00f1o de los sanfelipe\u00f1os, abrir estas calles, proyecto que se entramp\u00f3 durante 5 a\u00f1os, por algunos motivos u otros (\u2026) al fin este sue\u00f1o comienza a hacerse realidad\u00bb, con esta frase el alcalde de San Felipe, Patricio Freire Canto, expres\u00f3 su satisfacci\u00f3n, luego de recibir el convenio de mandato que autoriza los recursos para expropiar los terrenos y posteriormente licitar las obras de un proyecto vial muy esperado en la comuna.<br \/>\nSe trata de la extensi\u00f3n de calle San Mart\u00edn hacia el oriente, y la apertura de Hermanos Carrera hacia el sur, obra cuya licitaci\u00f3n debiera realizarse dentro de los pr\u00f3ximos d\u00edas, y que, tal como lo destac\u00f3 el mismo edil sanfelipe\u00f1o, viene a cumplir con uno de los prop\u00f3sitos de su gesti\u00f3n: mejorar la conectividad vial, considerando el aumento del parque vehicular que ha experimentado la comuna.<br \/>\n\u00abTen\u00edamos la aprobaci\u00f3n t\u00e9cnica de este gran proyecto de ciudad como es la conexi\u00f3n de calle San Mart\u00edn con Hermanos Carrera y la salida entre Tocornal y Michimalongo, lo que va a significar una conectividad vial important\u00edsima para los vecinos de la ciudad de San Felipe. Despu\u00e9s de esperar mucho tiempo, se consigue una mejora en su calidad de vida con este gran cambio de ciudad que queremos\u00bb, sentenci\u00f3 el jefe comunal.<br \/>\nTal como lo manifestara el edil sanfelipe\u00f1o, el proyecto estuvo estancado por m\u00e1s de 5 a\u00f1os, debido a inconvenientes entre el Gobierno Regional y el Serviu (Servicio de Vivienda y Urbanismo). Esta entidad, deb\u00eda funcionar como unidad t\u00e9cnica, pero no se quer\u00eda responsabilizar del proyecto, debido al proceso de expropiaci\u00f3n que conlleva la materializaci\u00f3n de la obra.<br \/>\nAs\u00ed lo dio a conocer el secretario de Planificaci\u00f3n Comunal de la Municipalidad de San Felipe, Secplac, Claudio Paredes, quien calific\u00f3 como un \u00abgran logro de la actual administraci\u00f3n\u00bb, el haber conseguido la ejecuci\u00f3n de este proyecto, puesto que \u00abel alcalde Freire se hizo cargo de esto, se reevalu\u00f3 ante el Serviu, el proyecto qued\u00f3 aprobado en RS, y posteriormente se solicit\u00f3 un aumento para los fondos de expropiaci\u00f3n, esto significa que el Gobierno Regional va a invertir en San Felipe casi 1300 millones de pesos\u00bb, ratific\u00f3 Paredes.<br \/>\nEn t\u00e9rminos pr\u00e1cticos, la extensi\u00f3n de las avenidas San Mart\u00edn (al oriente) y Hermanos Carrera (al sur), implica la expropiaci\u00f3n de dos fajas de terreno, pertenecientes a dos propiedades ubicadas justamente en ese sector. Seg\u00fan el Secplac, la prolongaci\u00f3n vial considera la construcci\u00f3n de \u00abun bandej\u00f3n con doble calzada, con veredas incluidas y la iluminaci\u00f3n respectiva\u00bb, advirtiendo que por el momento, el sentido de San Mart\u00edn continuar\u00e1 siendo el mismo (de poniente a oriente), aunque en el Plan de Gesti\u00f3n de Tr\u00e1nsito, est\u00e1 presupuestado hacer un recorrido inverso, de tal manera de favorecer el acceso de los vecinos de El Se\u00f1orial, desde y hasta el damero central de la ciudad.<br \/>\nRespecto de cu\u00e1les son las fechas que se han fijado para comenzar a ejecutar los trabajos, el profesional asegur\u00f3 que esperan acelerar los plazos y levantar la licitaci\u00f3n antes de que termine la semana, a partir de ah\u00ed, se estipula un margen de un mes para recibir oferentes, tras lo cual se debiera llevar a cabo la firma del contrato y la boleta de garant\u00eda.<br \/>\n\u00abMa\u00f1ana (hoy) nos juntamos con los due\u00f1os de los dos lotes del predio, para poder llegar a acuerdo con el precio, tenemos valores comerciales adem\u00e1s para los metros que se van a expropiar, una vez levantada la licitaci\u00f3n deben contarse 30 d\u00edas, es decir, \u00e9sta se est\u00e1 cerrando a mediados de febrero, por tanto, si nos va bien en la licitaci\u00f3n y llegan oferentes, nosotros podr\u00edamos tomar posesi\u00f3n del sector a fines de marzo\u00bb, anticip\u00f3 Paredes.<\/p>\n<figure id=\"attachment_76765\" aria-describedby=\"caption-attachment-76765\" style=\"width: 580px\" class=\"wp-caption alignnone\"><img data-recalc-dims=\"1\" loading=\"lazy\" decoding=\"async\" class=\"size-full wp-image-76765\" src=\"https:\/\/i0.wp.com\/www.eltrabajo.cl\/2017\/wp-content\/uploads\/2017\/01\/Foto-1-Alcalde-de-San-Felipe-Patricio-Freire-Canto.jpg?resize=580%2C349\" alt=\"Alcalde de San Felipe Patricio Freire Canto, junto al secretario de planificaci\u00f3n comunal, Claudio Paredes.\" width=\"580\" height=\"349\" srcset=\"https:\/\/i0.wp.com\/eltrabajo.cl\/portal\/wp-content\/uploads\/2017\/01\/Foto-1-Alcalde-de-San-Felipe-Patricio-Freire-Canto.jpg?w=580&amp;ssl=1 580w, https:\/\/i0.wp.com\/eltrabajo.cl\/portal\/wp-content\/uploads\/2017\/01\/Foto-1-Alcalde-de-San-Felipe-Patricio-Freire-Canto.jpg?resize=200%2C120&amp;ssl=1 200w, https:\/\/i0.wp.com\/eltrabajo.cl\/portal\/wp-content\/uploads\/2017\/01\/Foto-1-Alcalde-de-San-Felipe-Patricio-Freire-Canto.jpg?resize=300%2C181&amp;ssl=1 300w, https:\/\/i0.wp.com\/eltrabajo.cl\/portal\/wp-content\/uploads\/2017\/01\/Foto-1-Alcalde-de-San-Felipe-Patricio-Freire-Canto.jpg?resize=150%2C90&amp;ssl=1 150w\" sizes=\"auto, (max-width: 580px) 100vw, 580px\" \/><figcaption id=\"caption-attachment-76765\" class=\"wp-caption-text\">Alcalde de San Felipe Patricio Freire Canto, junto al secretario de planificaci\u00f3n comunal, Claudio Paredes.<\/figcaption><\/figure>\n<figure id=\"attachment_76766\" aria-describedby=\"caption-attachment-76766\" style=\"width: 580px\" class=\"wp-caption alignnone\"><img data-recalc-dims=\"1\" loading=\"lazy\" decoding=\"async\" class=\"size-full wp-image-76766\" src=\"https:\/\/i0.wp.com\/www.eltrabajo.cl\/2017\/wp-content\/uploads\/2017\/01\/Foto-2-Hasta-aqu%C3%AD-llega-actualmente-calle-San-Mart%C3%ADn.jpg?resize=580%2C348\" alt=\"Hasta aqu\u00ed llega actualmente calle San Mart\u00edn, terminando con calle El Molino.\" width=\"580\" height=\"348\" srcset=\"https:\/\/i0.wp.com\/eltrabajo.cl\/portal\/wp-content\/uploads\/2017\/01\/Foto-2-Hasta-aqu%C3%AD-llega-actualmente-calle-San-Mart%C3%ADn.jpg?w=580&amp;ssl=1 580w, https:\/\/i0.wp.com\/eltrabajo.cl\/portal\/wp-content\/uploads\/2017\/01\/Foto-2-Hasta-aqu%C3%AD-llega-actualmente-calle-San-Mart%C3%ADn.jpg?resize=200%2C120&amp;ssl=1 200w, https:\/\/i0.wp.com\/eltrabajo.cl\/portal\/wp-content\/uploads\/2017\/01\/Foto-2-Hasta-aqu%C3%AD-llega-actualmente-calle-San-Mart%C3%ADn.jpg?resize=300%2C180&amp;ssl=1 300w, https:\/\/i0.wp.com\/eltrabajo.cl\/portal\/wp-content\/uploads\/2017\/01\/Foto-2-Hasta-aqu%C3%AD-llega-actualmente-calle-San-Mart%C3%ADn.jpg?resize=150%2C90&amp;ssl=1 150w\" sizes=\"auto, (max-width: 580px) 100vw, 580px\" \/><figcaption id=\"caption-attachment-76766\" class=\"wp-caption-text\">Hasta aqu\u00ed llega actualmente calle San Mart\u00edn, terminando con calle El Molino.<\/figcaption><\/figure>\n<figure id=\"attachment_76767\" aria-describedby=\"caption-attachment-76767\" style=\"width: 580px\" class=\"wp-caption alignnone\"><img data-recalc-dims=\"1\" loading=\"lazy\" decoding=\"async\" class=\"size-full wp-image-76767\" src=\"https:\/\/i0.wp.com\/www.eltrabajo.cl\/2017\/wp-content\/uploads\/2017\/01\/san-martin-dron.jpg?resize=580%2C349\" alt=\"En esta vista a\u00e9rea se aprecia el terreno que deber\u00e1 ser expropiado para abrir la calle San Mart\u00edn.\" width=\"580\" height=\"349\" srcset=\"https:\/\/i0.wp.com\/eltrabajo.cl\/portal\/wp-content\/uploads\/2017\/01\/san-martin-dron.jpg?w=580&amp;ssl=1 580w, https:\/\/i0.wp.com\/eltrabajo.cl\/portal\/wp-content\/uploads\/2017\/01\/san-martin-dron.jpg?resize=200%2C120&amp;ssl=1 200w, https:\/\/i0.wp.com\/eltrabajo.cl\/portal\/wp-content\/uploads\/2017\/01\/san-martin-dron.jpg?resize=300%2C181&amp;ssl=1 300w, https:\/\/i0.wp.com\/eltrabajo.cl\/portal\/wp-content\/uploads\/2017\/01\/san-martin-dron.jpg?resize=150%2C90&amp;ssl=1 150w\" sizes=\"auto, (max-width: 580px) 100vw, 580px\" \/><figcaption id=\"caption-attachment-76767\" class=\"wp-caption-text\">En esta vista a\u00e9rea se aprecia el terreno que deber\u00e1 ser expropiado para abrir la calle San Mart\u00edn.<\/figcaption><\/figure>\n<figure id=\"attachment_76768\" aria-describedby=\"caption-attachment-76768\" style=\"width: 580px\" class=\"wp-caption alignnone\"><img data-recalc-dims=\"1\" loading=\"lazy\" decoding=\"async\" class=\"size-full wp-image-76768\" src=\"https:\/\/i0.wp.com\/www.eltrabajo.cl\/2017\/wp-content\/uploads\/2017\/01\/san-martin.jpg?resize=580%2C349\" alt=\"Hasta aqu\u00ed llega actualmente calle San Mart\u00edn, terminando con calle El Molino.\" width=\"580\" height=\"349\" srcset=\"https:\/\/i0.wp.com\/eltrabajo.cl\/portal\/wp-content\/uploads\/2017\/01\/san-martin.jpg?w=580&amp;ssl=1 580w, https:\/\/i0.wp.com\/eltrabajo.cl\/portal\/wp-content\/uploads\/2017\/01\/san-martin.jpg?resize=200%2C120&amp;ssl=1 200w, https:\/\/i0.wp.com\/eltrabajo.cl\/portal\/wp-content\/uploads\/2017\/01\/san-martin.jpg?resize=300%2C181&amp;ssl=1 300w, https:\/\/i0.wp.com\/eltrabajo.cl\/portal\/wp-content\/uploads\/2017\/01\/san-martin.jpg?resize=150%2C90&amp;ssl=1 150w\" sizes=\"auto, (max-width: 580px) 100vw, 580px\" \/><figcaption id=\"caption-attachment-76768\" class=\"wp-caption-text\">Hasta aqu\u00ed llega actualmente calle San Mart\u00edn, terminando con calle El Molino.<\/figcaption><\/figure>\n<figure id=\"attachment_76769\" aria-describedby=\"caption-attachment-76769\" style=\"width: 580px\" class=\"wp-caption alignnone\"><img data-recalc-dims=\"1\" loading=\"lazy\" decoding=\"async\" class=\"size-full wp-image-76769\" src=\"https:\/\/i0.wp.com\/www.eltrabajo.cl\/2017\/wp-content\/uploads\/2017\/01\/sanmartin-satelite.jpg?resize=580%2C349\" alt=\"San Mart\u00edn y Herrmanos Carrera, dos arterias que se extender\u00edan con este proyecto.\" width=\"580\" height=\"349\" srcset=\"https:\/\/i0.wp.com\/eltrabajo.cl\/portal\/wp-content\/uploads\/2017\/01\/sanmartin-satelite.jpg?w=580&amp;ssl=1 580w, https:\/\/i0.wp.com\/eltrabajo.cl\/portal\/wp-content\/uploads\/2017\/01\/sanmartin-satelite.jpg?resize=200%2C120&amp;ssl=1 200w, https:\/\/i0.wp.com\/eltrabajo.cl\/portal\/wp-content\/uploads\/2017\/01\/sanmartin-satelite.jpg?resize=300%2C181&amp;ssl=1 300w, https:\/\/i0.wp.com\/eltrabajo.cl\/portal\/wp-content\/uploads\/2017\/01\/sanmartin-satelite.jpg?resize=150%2C90&amp;ssl=1 150w\" sizes=\"auto, (max-width: 580px) 100vw, 580px\" \/><figcaption id=\"caption-attachment-76769\" class=\"wp-caption-text\">San Mart\u00edn y Herrmanos Carrera, dos arterias que se extender\u00edan con este proyecto.<\/figcaption><\/figure>\n","protected":false},"excerpt":{"rendered":"<p>A fines de marzo comenzar\u00edan los trabajos: Intendente regional Gabriel Aldoney, firm\u00f3 convenio de mandato que habilita los recursos para la expropiaci\u00f3n y licitaci\u00f3n de los trabajos que permitir\u00e1n que esta arteria&#8230;<\/p>\n","protected":false},"author":1,"featured_media":76769,"comment_status":"open","ping_status":"open","sticky":false,"template":"","format":"standard","meta":{"advanced_seo_description":"","jetpack_seo_html_title":"","jetpack_seo_noindex":false,"_jetpack_memberships_contains_paid_content":false,"footnotes":""},"categories":[1],"tags":[27],"class_list":["post-76764","post","type-post","status-publish","format-standard","has-post-thumbnail","hentry","category-cronica","tag-san-felipe"],"jetpack_featured_media_url":"https:\/\/i0.wp.com\/eltrabajo.cl\/portal\/wp-content\/uploads\/2017\/01\/sanmartin-satelite.jpg?fit=580%2C349&ssl=1","jetpack_sharing_enabled":true,"jetpack_likes_enabled":true,"jetpack-related-posts":[],"_links":{"self":[{"href":"https:\/\/eltrabajo.cl\/portal\/wp-json\/wp\/v2\/posts\/76764","targetHints":{"allow":["GET"]}}],"collection":[{"href":"https:\/\/eltrabajo.cl\/portal\/wp-json\/wp\/v2\/posts"}],"about":[{"href":"https:\/\/eltrabajo.cl\/portal\/wp-json\/wp\/v2\/types\/post"}],"author":[{"embeddable":true,"href":"https:\/\/eltrabajo.cl\/portal\/wp-json\/wp\/v2\/users\/1"}],"replies":[{"embeddable":true,"href":"https:\/\/eltrabajo.cl\/portal\/wp-json\/wp\/v2\/comments?post=76764"}],"version-history":[{"count":0,"href":"https:\/\/eltrabajo.cl\/portal\/wp-json\/wp\/v2\/posts\/76764\/revisions"}],"wp:featuredmedia":[{"embeddable":true,"href":"https:\/\/eltrabajo.cl\/portal\/wp-json\/wp\/v2\/media\/76769"}],"wp:attachment":[{"href":"https:\/\/eltrabajo.cl\/portal\/wp-json\/wp\/v2\/media?parent=76764"}],"wp:term":[{"taxonomy":"category","embeddable":true,"href":"https:\/\/eltrabajo.cl\/portal\/wp-json\/wp\/v2\/categories?post=76764"},{"taxonomy":"post_tag","embeddable":true,"href":"https:\/\/eltrabajo.cl\/portal\/wp-json\/wp\/v2\/tags?post=76764"}],"curies":[{"name":"wp","href":"https:\/\/api.w.org\/{rel}","templated":true}]}}