{"id":76779,"date":"2017-01-19T07:40:09","date_gmt":"2017-01-19T11:40:09","guid":{"rendered":"http:\/\/www.eltrabajo.cl\/2017\/?p=76779"},"modified":"2017-01-19T07:40:09","modified_gmt":"2017-01-19T11:40:09","slug":"ninos-son-protagonistas-del-verano-en-el-club-de-tenis-valle-de-aconcagua","status":"publish","type":"post","link":"https:\/\/eltrabajo.cl\/portal\/ninos-son-protagonistas-del-verano-en-el-club-de-tenis-valle-de-aconcagua\/","title":{"rendered":"Ni\u00f1os son protagonistas del verano en el Club de Tenis Valle de Aconcagua"},"content":{"rendered":"<p>Bajo la atenta mirada de los instructores Luis Fredes y Armando Villarreal, un grupo de ni\u00f1os y ni\u00f1as, que no pasan los 13 a\u00f1os de edad, se introducen a la pr\u00e1ctica del \u2018deporte blanco\u2019, en un taller que para este verano prepar\u00f3 la Ilustre Municipalidad de San Felipe.<br \/>\nEl fuerte calor que se deja sentir en el complejo ten\u00edstico ubicado en las intersecciones de las Avenidas Yungay con Chacabuco, no es un obst\u00e1culo para que los peque\u00f1os(as) hagan su mejor esfuerzo para traducir en jugadas las ense\u00f1anzas de sus profesores, que con una paciencia infinita buscan sacar lo mejor de cada uno de los integrantes de esta escuela estival.<br \/>\nEl Trabajo Deportivo, estuvo presente en el Club Valle de Aconcagua, donde fue testigo directo del \u00e9xito que est\u00e1 teniendo esta iniciativa municipal, con la cual se pretende que cualquier ni\u00f1o, independiente de su condici\u00f3n social pueda practicar tenis. \u201cAfortunadamente podemos contar con una gran cantidad de ni\u00f1os, lo cual motiva mucho para poder trabajar; en el nivel m\u00e1s chiquito son aproximadamente 40 y en el otro son alrededor de 15\u201d, nos cuenta Armando Villarreal, mientras raquetea con sus alumnos.<br \/>\nEl instructor se incorpor\u00f3 -no hace mucho- al staff t\u00e9cnico del Club Valle de Aconcagua, cosa que fue posible gracias a la gesti\u00f3n personal del jefe de deportes de la municipalidad, Danilo Pe\u00f1a. \u201cSab\u00eda que hab\u00eda una escuela y Danilo me ofreci\u00f3 entrar. Afortunadamente mi llegada coincide con el aumento de los ni\u00f1os y eso me hace feliz\u201d, aport\u00f3 el querido coach, que se ve muy motivado, principalmente porque, \u201ccada d\u00eda son m\u00e1s los chicos que llegan, ya que se pasan la voz porque ac\u00e1 lo pasan bien, se entretienen, que es lo que buscamos con esta actividad, ya que m\u00e1s all\u00e1 que aprendan tenis lo principal es que se entretengan y quiz\u00e1s despu\u00e9s en abril se puedan incorporar al nuevo proceso\u201d, agreg\u00f3.<br \/>\nLa Escuela tiene agendado trabajar hasta el 10 de febrero y todav\u00eda se pueden integrar m\u00e1s peque\u00f1os. \u201cVengan, no se arrepentir\u00e1n, todos son muy bienvenidos\u201d, finaliz\u00f3 el instructor.<\/p>\n<figure id=\"attachment_76780\" aria-describedby=\"caption-attachment-76780\" style=\"width: 580px\" class=\"wp-caption alignnone\"><img data-recalc-dims=\"1\" loading=\"lazy\" decoding=\"async\" class=\"size-full wp-image-76780\" src=\"https:\/\/i0.wp.com\/www.eltrabajo.cl\/2017\/wp-content\/uploads\/2017\/01\/portada-taller-de-tenis.jpg?resize=580%2C349\" alt=\"Con un entusiasmo desbordante los peque\u00f1os(as) integrantes del taller municipal de tenis buscan aprender y jugar esta linda disciplina deportiva. \" width=\"580\" height=\"349\" srcset=\"https:\/\/i0.wp.com\/eltrabajo.cl\/portal\/wp-content\/uploads\/2017\/01\/portada-taller-de-tenis.jpg?w=580&amp;ssl=1 580w, https:\/\/i0.wp.com\/eltrabajo.cl\/portal\/wp-content\/uploads\/2017\/01\/portada-taller-de-tenis.jpg?resize=200%2C120&amp;ssl=1 200w, https:\/\/i0.wp.com\/eltrabajo.cl\/portal\/wp-content\/uploads\/2017\/01\/portada-taller-de-tenis.jpg?resize=300%2C181&amp;ssl=1 300w, https:\/\/i0.wp.com\/eltrabajo.cl\/portal\/wp-content\/uploads\/2017\/01\/portada-taller-de-tenis.jpg?resize=150%2C90&amp;ssl=1 150w\" sizes=\"auto, (max-width: 580px) 100vw, 580px\" \/><figcaption id=\"caption-attachment-76780\" class=\"wp-caption-text\">Con un entusiasmo desbordante los peque\u00f1os(as) integrantes del taller municipal de tenis buscan aprender y jugar esta linda disciplina deportiva.<\/figcaption><\/figure>\n<figure id=\"attachment_76781\" aria-describedby=\"caption-attachment-76781\" style=\"width: 580px\" class=\"wp-caption alignnone\"><img data-recalc-dims=\"1\" loading=\"lazy\" decoding=\"async\" class=\"size-full wp-image-76781\" src=\"https:\/\/i0.wp.com\/www.eltrabajo.cl\/2017\/wp-content\/uploads\/2017\/01\/practicando.jpg?resize=580%2C349\" alt=\"Bajo la supervisi\u00f3n de los instructores, los ni\u00f1os dan sus primeros golpes a la peque\u00f1a bola amarilla.  \" width=\"580\" height=\"349\" srcset=\"https:\/\/i0.wp.com\/eltrabajo.cl\/portal\/wp-content\/uploads\/2017\/01\/practicando.jpg?w=580&amp;ssl=1 580w, https:\/\/i0.wp.com\/eltrabajo.cl\/portal\/wp-content\/uploads\/2017\/01\/practicando.jpg?resize=200%2C120&amp;ssl=1 200w, https:\/\/i0.wp.com\/eltrabajo.cl\/portal\/wp-content\/uploads\/2017\/01\/practicando.jpg?resize=300%2C181&amp;ssl=1 300w, https:\/\/i0.wp.com\/eltrabajo.cl\/portal\/wp-content\/uploads\/2017\/01\/practicando.jpg?resize=150%2C90&amp;ssl=1 150w\" sizes=\"auto, (max-width: 580px) 100vw, 580px\" \/><figcaption id=\"caption-attachment-76781\" class=\"wp-caption-text\">Bajo la supervisi\u00f3n de los instructores, los ni\u00f1os dan sus primeros golpes a la peque\u00f1a bola amarilla.<\/figcaption><\/figure>\n","protected":false},"excerpt":{"rendered":"<p>Bajo la atenta mirada de los instructores Luis Fredes y Armando Villarreal, un grupo de ni\u00f1os y ni\u00f1as, que no pasan los 13 a\u00f1os de edad, se introducen a la pr\u00e1ctica del&#8230;<\/p>\n","protected":false},"author":1,"featured_media":76780,"comment_status":"open","ping_status":"open","sticky":false,"template":"","format":"standard","meta":{"advanced_seo_description":"","jetpack_seo_html_title":"","jetpack_seo_noindex":false,"_jetpack_memberships_contains_paid_content":false,"footnotes":""},"categories":[19],"tags":[27],"class_list":["post-76779","post","type-post","status-publish","format-standard","has-post-thumbnail","hentry","category-deportes","tag-san-felipe"],"jetpack_featured_media_url":"https:\/\/i0.wp.com\/eltrabajo.cl\/portal\/wp-content\/uploads\/2017\/01\/portada-taller-de-tenis.jpg?fit=580%2C349&ssl=1","jetpack_sharing_enabled":true,"jetpack_likes_enabled":true,"jetpack-related-posts":[],"_links":{"self":[{"href":"https:\/\/eltrabajo.cl\/portal\/wp-json\/wp\/v2\/posts\/76779","targetHints":{"allow":["GET"]}}],"collection":[{"href":"https:\/\/eltrabajo.cl\/portal\/wp-json\/wp\/v2\/posts"}],"about":[{"href":"https:\/\/eltrabajo.cl\/portal\/wp-json\/wp\/v2\/types\/post"}],"author":[{"embeddable":true,"href":"https:\/\/eltrabajo.cl\/portal\/wp-json\/wp\/v2\/users\/1"}],"replies":[{"embeddable":true,"href":"https:\/\/eltrabajo.cl\/portal\/wp-json\/wp\/v2\/comments?post=76779"}],"version-history":[{"count":0,"href":"https:\/\/eltrabajo.cl\/portal\/wp-json\/wp\/v2\/posts\/76779\/revisions"}],"wp:featuredmedia":[{"embeddable":true,"href":"https:\/\/eltrabajo.cl\/portal\/wp-json\/wp\/v2\/media\/76780"}],"wp:attachment":[{"href":"https:\/\/eltrabajo.cl\/portal\/wp-json\/wp\/v2\/media?parent=76779"}],"wp:term":[{"taxonomy":"category","embeddable":true,"href":"https:\/\/eltrabajo.cl\/portal\/wp-json\/wp\/v2\/categories?post=76779"},{"taxonomy":"post_tag","embeddable":true,"href":"https:\/\/eltrabajo.cl\/portal\/wp-json\/wp\/v2\/tags?post=76779"}],"curies":[{"name":"wp","href":"https:\/\/api.w.org\/{rel}","templated":true}]}}