{"id":76793,"date":"2017-01-19T07:54:30","date_gmt":"2017-01-19T11:54:30","guid":{"rendered":"http:\/\/www.eltrabajo.cl\/2017\/?p=76793"},"modified":"2017-01-19T07:54:30","modified_gmt":"2017-01-19T11:54:30","slug":"duena-denuncia-a-arrendatario-por-no-pagarle-seis-meses-de-renta","status":"publish","type":"post","link":"https:\/\/eltrabajo.cl\/portal\/duena-denuncia-a-arrendatario-por-no-pagarle-seis-meses-de-renta\/","title":{"rendered":"Due\u00f1a denuncia a arrendatario por no pagarle seis meses de renta"},"content":{"rendered":"<figure id=\"attachment_76795\" aria-describedby=\"caption-attachment-76795\" style=\"width: 580px\" class=\"wp-caption alignnone\"><img data-recalc-dims=\"1\" loading=\"lazy\" decoding=\"async\" class=\"size-full wp-image-76795\" src=\"https:\/\/i0.wp.com\/www.eltrabajo.cl\/2017\/wp-content\/uploads\/2017\/01\/Chilquinta33.jpg?resize=580%2C348\" alt=\"DEUDAS EN VARIAS PARTES.- A m\u00e1s de $200.000 asciende la deuda en Chilquinta de este usuario de casas ajenas.\" width=\"580\" height=\"348\" srcset=\"https:\/\/i0.wp.com\/eltrabajo.cl\/portal\/wp-content\/uploads\/2017\/01\/Chilquinta33.jpg?w=580&amp;ssl=1 580w, https:\/\/i0.wp.com\/eltrabajo.cl\/portal\/wp-content\/uploads\/2017\/01\/Chilquinta33.jpg?resize=200%2C120&amp;ssl=1 200w, https:\/\/i0.wp.com\/eltrabajo.cl\/portal\/wp-content\/uploads\/2017\/01\/Chilquinta33.jpg?resize=300%2C180&amp;ssl=1 300w, https:\/\/i0.wp.com\/eltrabajo.cl\/portal\/wp-content\/uploads\/2017\/01\/Chilquinta33.jpg?resize=150%2C90&amp;ssl=1 150w\" sizes=\"auto, (max-width: 580px) 100vw, 580px\" \/><figcaption id=\"caption-attachment-76795\" class=\"wp-caption-text\">DEUDAS EN VARIAS PARTES.- A m\u00e1s de $200.000 asciende la deuda en Chilquinta de este usuario de casas ajenas.<\/figcaption><\/figure>\n<p><span style=\"color: #ff0000;\"><strong>Lo pill\u00f3 robando agua y luz, dej\u00e1ndole deuda de casi $1.500.000:<\/strong><\/span><\/p>\n<p>Muy angustiada asegura estar una vecina sanfelipe\u00f1a, quien a finales de 2015 arrend\u00f3 una casa a un se\u00f1or en Putaendo centro, alquiler acordado en $200.000 mensuales y que el usuario, seg\u00fan la denunciante, no pag\u00f3 honradamente con su compromiso. La denuncia ciudadana la present\u00f3 en nuestra Sala de Redacci\u00f3n la se\u00f1ora Carolina Osorio.<\/p>\n<p><strong>ROBA AGUA Y LUZ<\/strong><br \/>\n\u00abYo rent\u00e9 mi casa al se\u00f1or Rafael Alban Spencer, quien me pag\u00f3 lo correspondiente en diciembre de 2015, pag\u00f3 normalmente hasta junio de 2016, de ah\u00ed hasta la fecha \u00e9l no me pag\u00f3 m\u00e1s, en diciembre de 2016 \u00e9l hizo abandono de la casa, pero resulta que cuando yo ingres\u00e9 a la casa alquilada de mi propiedad, result\u00f3 que este se\u00f1or hab\u00eda alterado los medidores de agua y luz, hasta le tom\u00e9 fotograf\u00edas cuando lo hac\u00eda, dicho esto, \u00e9l me debe $1.200.000 de alquiler, y tambi\u00e9n una deuda $205.000 de electricidad y $111.000 en Esval\u00bb, asegur\u00f3 la afectada.<br \/>\nSeg\u00fan do\u00f1a Carolina, ella le ha dado tiempo suficiente al arrendatario para que pague su deuda, pero \u00e9l indica que no la puede pagar, aunque s\u00ed se compromete a pagar en cuotas pero s\u00f3lo para salir del apuro inmediato.<br \/>\n\u00abYo estoy denunciando este problema y a esta persona, para que todos los lectores del diario sepan qu\u00e9 clase de inquilino es este se\u00f1or, para que se cuiden y sepan que est\u00e1n arriesgando mucho si le rentan casa\u00bb, agreg\u00f3 Osorio.<\/p>\n<p><strong>RECONOCE SU DEUDA<\/strong><br \/>\nDiario El Trabajo logr\u00f3 hablar con el arrendatario v\u00eda telef\u00f3nica, en nuestra conversaci\u00f3n con el denunciado, asegur\u00f3 \u00e9ste que se encuentra en mala situaci\u00f3n econ\u00f3mica desde hace meses, y que le impide pagar por ahora, el se\u00f1or Alban Spencer no niega ni reconoce su deuda, pero reitera que no puede pagar.<br \/>\n<strong>Roberto Gonz\u00e1lez Short<\/strong><\/p>\n<figure id=\"attachment_76794\" aria-describedby=\"caption-attachment-76794\" style=\"width: 580px\" class=\"wp-caption alignnone\"><img data-recalc-dims=\"1\" loading=\"lazy\" decoding=\"async\" class=\"size-full wp-image-76794\" src=\"https:\/\/i0.wp.com\/www.eltrabajo.cl\/2017\/wp-content\/uploads\/2017\/01\/Carolina-Osorio.jpg?resize=580%2C348\" alt=\"PAPELITO HABLA.- Do\u00f1a Carolina Osorio, muestra a Diario El Trabajo los documentos en los que se establece los compromisos de Spencer con ella, y que ahora se niega a pagar.\" width=\"580\" height=\"348\" srcset=\"https:\/\/i0.wp.com\/eltrabajo.cl\/portal\/wp-content\/uploads\/2017\/01\/Carolina-Osorio.jpg?w=580&amp;ssl=1 580w, https:\/\/i0.wp.com\/eltrabajo.cl\/portal\/wp-content\/uploads\/2017\/01\/Carolina-Osorio.jpg?resize=200%2C120&amp;ssl=1 200w, https:\/\/i0.wp.com\/eltrabajo.cl\/portal\/wp-content\/uploads\/2017\/01\/Carolina-Osorio.jpg?resize=300%2C180&amp;ssl=1 300w, https:\/\/i0.wp.com\/eltrabajo.cl\/portal\/wp-content\/uploads\/2017\/01\/Carolina-Osorio.jpg?resize=150%2C90&amp;ssl=1 150w\" sizes=\"auto, (max-width: 580px) 100vw, 580px\" \/><figcaption id=\"caption-attachment-76794\" class=\"wp-caption-text\">PAPELITO HABLA.- Do\u00f1a Carolina Osorio, muestra a Diario El Trabajo los documentos en los que se establece los compromisos de Spencer con ella, y que ahora se niega a pagar.<\/figcaption><\/figure>\n<figure id=\"attachment_76796\" aria-describedby=\"caption-attachment-76796\" style=\"width: 580px\" class=\"wp-caption alignnone\"><img data-recalc-dims=\"1\" loading=\"lazy\" decoding=\"async\" class=\"size-full wp-image-76796\" src=\"https:\/\/i0.wp.com\/www.eltrabajo.cl\/2017\/wp-content\/uploads\/2017\/01\/Llave28.jpg?resize=580%2C349\" alt=\"\u00bfAGUA GRATIS?.- Do\u00f1a Carolina, fotografi\u00f3 a su arrendatario en los momentos que \u00e9l alteraba la llave de agua para no pagar lo justo a Esval.\" width=\"580\" height=\"349\" srcset=\"https:\/\/i0.wp.com\/eltrabajo.cl\/portal\/wp-content\/uploads\/2017\/01\/Llave28.jpg?w=580&amp;ssl=1 580w, https:\/\/i0.wp.com\/eltrabajo.cl\/portal\/wp-content\/uploads\/2017\/01\/Llave28.jpg?resize=200%2C120&amp;ssl=1 200w, https:\/\/i0.wp.com\/eltrabajo.cl\/portal\/wp-content\/uploads\/2017\/01\/Llave28.jpg?resize=300%2C181&amp;ssl=1 300w, https:\/\/i0.wp.com\/eltrabajo.cl\/portal\/wp-content\/uploads\/2017\/01\/Llave28.jpg?resize=150%2C90&amp;ssl=1 150w\" sizes=\"auto, (max-width: 580px) 100vw, 580px\" \/><figcaption id=\"caption-attachment-76796\" class=\"wp-caption-text\">\u00bfAGUA GRATIS?.- Do\u00f1a Carolina, fotografi\u00f3 a su arrendatario en los momentos que \u00e9l alteraba la llave de agua para no pagar lo justo a Esval.<\/figcaption><\/figure>\n","protected":false},"excerpt":{"rendered":"<p>Lo pill\u00f3 robando agua y luz, dej\u00e1ndole deuda de casi $1.500.000: Muy angustiada asegura estar una vecina sanfelipe\u00f1a, quien a finales de 2015 arrend\u00f3 una casa a un se\u00f1or en Putaendo centro,&#8230;<\/p>\n","protected":false},"author":1,"featured_media":76794,"comment_status":"open","ping_status":"open","sticky":false,"template":"","format":"standard","meta":{"advanced_seo_description":"","jetpack_seo_html_title":"","jetpack_seo_noindex":false,"_jetpack_memberships_contains_paid_content":false,"footnotes":""},"categories":[15],"tags":[44,27],"class_list":["post-76793","post","type-post","status-publish","format-standard","has-post-thumbnail","hentry","category-comunidad","tag-denuncia","tag-san-felipe"],"jetpack_featured_media_url":"https:\/\/i0.wp.com\/eltrabajo.cl\/portal\/wp-content\/uploads\/2017\/01\/Carolina-Osorio.jpg?fit=580%2C348&ssl=1","jetpack_sharing_enabled":true,"jetpack_likes_enabled":true,"jetpack-related-posts":[],"_links":{"self":[{"href":"https:\/\/eltrabajo.cl\/portal\/wp-json\/wp\/v2\/posts\/76793","targetHints":{"allow":["GET"]}}],"collection":[{"href":"https:\/\/eltrabajo.cl\/portal\/wp-json\/wp\/v2\/posts"}],"about":[{"href":"https:\/\/eltrabajo.cl\/portal\/wp-json\/wp\/v2\/types\/post"}],"author":[{"embeddable":true,"href":"https:\/\/eltrabajo.cl\/portal\/wp-json\/wp\/v2\/users\/1"}],"replies":[{"embeddable":true,"href":"https:\/\/eltrabajo.cl\/portal\/wp-json\/wp\/v2\/comments?post=76793"}],"version-history":[{"count":0,"href":"https:\/\/eltrabajo.cl\/portal\/wp-json\/wp\/v2\/posts\/76793\/revisions"}],"wp:featuredmedia":[{"embeddable":true,"href":"https:\/\/eltrabajo.cl\/portal\/wp-json\/wp\/v2\/media\/76794"}],"wp:attachment":[{"href":"https:\/\/eltrabajo.cl\/portal\/wp-json\/wp\/v2\/media?parent=76793"}],"wp:term":[{"taxonomy":"category","embeddable":true,"href":"https:\/\/eltrabajo.cl\/portal\/wp-json\/wp\/v2\/categories?post=76793"},{"taxonomy":"post_tag","embeddable":true,"href":"https:\/\/eltrabajo.cl\/portal\/wp-json\/wp\/v2\/tags?post=76793"}],"curies":[{"name":"wp","href":"https:\/\/api.w.org\/{rel}","templated":true}]}}