{"id":76798,"date":"2017-01-19T07:58:44","date_gmt":"2017-01-19T11:58:44","guid":{"rendered":"http:\/\/www.eltrabajo.cl\/2017\/?p=76798"},"modified":"2017-01-19T07:58:44","modified_gmt":"2017-01-19T11:58:44","slug":"madre-denuncia-mal-trato-en-hospital-al-llevar-a-hijo-mordido-por-arana-de-rincon","status":"publish","type":"post","link":"https:\/\/eltrabajo.cl\/portal\/madre-denuncia-mal-trato-en-hospital-al-llevar-a-hijo-mordido-por-arana-de-rincon\/","title":{"rendered":"Madre denuncia mal trato en hospital al llevar a hijo mordido por ara\u00f1a de rinc\u00f3n"},"content":{"rendered":"<figure id=\"attachment_76799\" aria-describedby=\"caption-attachment-76799\" style=\"width: 580px\" class=\"wp-caption alignnone\"><img data-recalc-dims=\"1\" loading=\"lazy\" decoding=\"async\" class=\"size-full wp-image-76799\" src=\"https:\/\/i0.wp.com\/www.eltrabajo.cl\/2017\/wp-content\/uploads\/2017\/01\/Ara%C3%B1a-2.jpg?resize=580%2C350\" alt=\"El certificado de atenci\u00f3n m\u00e9dica en el Cesfam Doctor Segismundo Iturra Taito.\" width=\"580\" height=\"350\" srcset=\"https:\/\/i0.wp.com\/eltrabajo.cl\/portal\/wp-content\/uploads\/2017\/01\/Ara%C3%B1a-2.jpg?w=580&amp;ssl=1 580w, https:\/\/i0.wp.com\/eltrabajo.cl\/portal\/wp-content\/uploads\/2017\/01\/Ara%C3%B1a-2.jpg?resize=200%2C121&amp;ssl=1 200w, https:\/\/i0.wp.com\/eltrabajo.cl\/portal\/wp-content\/uploads\/2017\/01\/Ara%C3%B1a-2.jpg?resize=300%2C181&amp;ssl=1 300w, https:\/\/i0.wp.com\/eltrabajo.cl\/portal\/wp-content\/uploads\/2017\/01\/Ara%C3%B1a-2.jpg?resize=150%2C91&amp;ssl=1 150w\" sizes=\"auto, (max-width: 580px) 100vw, 580px\" \/><figcaption id=\"caption-attachment-76799\" class=\"wp-caption-text\">El certificado de atenci\u00f3n m\u00e9dica en el Cesfam Doctor Segismundo Iturra Taito.<\/figcaption><\/figure>\n<ul>\n<li><span style=\"color: #ff0000;\"><strong>Menor deb\u00eda ser \u00abcategorizado\u00bb antes de ser atendido:<\/strong><\/span><\/li>\n<\/ul>\n<p>Molesta a m\u00e1s no poder se encuentra Fracesca Aguirre Guajardo, con el Hospital San Camilo, porque seg\u00fan ella no le brindaron la atenci\u00f3n necesaria al acudir con su hijo I.G.A. de tres a\u00f1os de edad, porque lo habr\u00eda mordido una ara\u00f1a de rinc\u00f3n.<br \/>\nTodo comenz\u00f3 cuando este lunes su hijo les coment\u00f3 que le dol\u00eda un poco su pie derecho. En ese momento le sacaron su zapatilla, d\u00e1ndose cuenta que la parte interna de su pie la ten\u00eda enrojecida y en el centro algo parecido a un cr\u00e1ter gigante que r\u00e1pidamente empez\u00f3 a evolucionar. Tambi\u00e9n ten\u00eda fiebre, y fue por eso que lo llevaron al Sapu del Cesfam Segismundo Iturra, ubicado en el sector de la Villa Las Acacias, donde lo ingresaron de inmediato y tras revisarlo lo derivaron con una solicitud de internaci\u00f3n al Hospital San Camilo, para tenerlo en observaci\u00f3n m\u00ednimo por 48 horas para ver su evoluci\u00f3n, ya que supon\u00edan que aquella herida se tratar\u00eda de una mordedura de ara\u00f1a de rinc\u00f3n, pero no sab\u00edan si el ar\u00e1cnido hab\u00eda inyectado veneno en su sangre.<br \/>\n\u201cEntonces nosotros fuimos con esa solicitud de hospitalizaci\u00f3n al San Camilo, pensando que iba a quedar internado. Cu\u00e1l fue mi sorpresa que cuando llego all\u00e1 me dicen que hay que seguir el protocolo. Perfecto, lo entiendo, estamos en Chile, pero veamos la magnitud, no es menos, no fue un resfriado com\u00fan, faringitis, sino que una ara\u00f1a de rinc\u00f3n. La enfermera me dice: &#8216;tienes que categorizarlo para que te puedan atender&#8217;; reconozco que entre mis palabras no dije ninguna vulgaridad, pero s\u00ed fui sarc\u00e1stica, muy ir\u00f3nica porque la respuesta que tuve me dio rabia. Como mam\u00e1 p\u00f3nganse en mi lugar, ah\u00ed le dije me importa una r (\u2026) yo te estoy pagando, necesito que me veas a mi hijo\u201d.<br \/>\nCuenta que en ese momento apareci\u00f3 un param\u00e9dico muy prepotente, quien la conmin\u00f3 a que se retirara. Ella se neg\u00f3 pidi\u00e9ndole solamente que su hijo fuera atendido.<br \/>\n\u201cMe dijo que esperara afuera porque mi hijo debe ser atendido como todos, en ese momento la gente que estaba me apoy\u00f3 dici\u00e9ndome que entrara por la gravedad de la urgencia de mi hijo, que no lo dejara as\u00ed\u201d, menciona.<br \/>\nDenuncia que la trataron muy mal, luego la situaci\u00f3n se calm\u00f3, comenz\u00f3 a responder lo que le preguntaban; \u201cpero t\u00fa crees que fueron capaces de hacer una curaci\u00f3n (\u2026) nada (\u2026) nada (\u2026) absolutamente nada, s\u00f3lo le pusieron un suero para hidratar. Los ex\u00e1menes salieron buenos, lo comprendo, pero estamos hablando de una ara\u00f1a de rinc\u00f3n que hace da\u00f1o. Ahora por lo que acabamos de saber, est\u00e1 un poco comprometido el tejido, esto va a seguir propag\u00e1ndose por su pierna , pero mi hijo est\u00e1 ac\u00e1 conmigo d\u00e1ndote esta entrevista, \u00e9l debiera estar hospitalizado en una evaluaci\u00f3n\u201d, comenta la angustiada madre.<br \/>\n\u201cEl hospital lleno (\u2026) lleno y adentro conversando relajados; genial, sueldos muy altos, pero atenci\u00f3n muy vaga, es una impotencia para m\u00ed como mam\u00e1, no le hicieron nada, la enfermera me dijo que le iban a sacar sangre, le sacaron como corresponde, todo bien, entre 4 a 5 horas tiene que esperar porque eso se demoran los ex\u00e1menes, si a mi hijo le pasa algo en ese tiempo, t\u00fa me vas a devolver la plata que tengo que gastar ahora en adelante. Fue p\u00e9simo, te lo juro, no se lo doy a ninguna mam\u00e1, y como ves sigue igual, tengo una orden de un pediatra quien me dijo que esto era criterio solo del pediatra o sea si el pediatra tiene criterio mi hijo se queda hospitalizado, si el pediatra no tiene criterio, no queda hospitalizado. Tambi\u00e9n me dijeron que era una ara\u00f1a de rinc\u00f3n pero no hab\u00eda veneno, pero si hay compromiso del tejido, ahora solo queda esperar, en menos de doce horas mide siete cent\u00edmetros, es mucho y esto va a seguir creciendo si no se le hace la observaci\u00f3n pertinente\u201d finaliz\u00f3 Francesca.<br \/>\nLa madre ignora el lugar exacto donde pudo haber sido mordido su hijo por la ara\u00f1a de rinc\u00f3n, pero entre el jard\u00edn infantil y su casa, asimila que debi\u00f3 haber sido en su inmueble, ya que cuando lleg\u00f3 aproximadamente a las siete de la tarde, su hijo estaba jugando con su tablet en su pieza, y ah\u00ed fue donde el menor se puso a llorar dici\u00e9ndoles que le dol\u00eda mucho su pie, al sacarle la zapatilla se dieron cuenta de la situaci\u00f3n.<br \/>\nDice que en el jard\u00edn no le dijeron nada, siente que no se dieron cuenta.<br \/>\nReconoce como un error no haber alcanzado la ara\u00f1a para tomarla y llevarla donde los doctores para que fuera analizada, algo que piden los m\u00e9dicos.<\/p>\n<p><strong>HOSPITAL SAN CAMILO<\/strong><br \/>\nPor su parte, el Hospital San Camilo manifiesta que el paciente consult\u00f3 en dos ocasiones por mordedura de ara\u00f1a, indicando la madre que ser\u00eda de rinc\u00f3n, pero sin estar segura ni presentar el cuerpo de la ara\u00f1a, que es lo que se recomienda en estos casos. En ambas instancias, se entreg\u00f3 el tratamiento de acuerdo a la sintomatolog\u00eda, sin presentar necrosis de la zona afectada y sin presentar fiebre luego de varias horas de ocurrido el incidente. Cabe destacar que pese a la indicaci\u00f3n m\u00e9dica, la madre se neg\u00f3 a realizar ex\u00e1menes en la segunda atenci\u00f3n por el tiempo que esto significaba, retirando al menor de manera voluntaria de la unidad, hecho que qued\u00f3 consignado en la hoja de atenci\u00f3n.<\/p>\n<figure id=\"attachment_76800\" aria-describedby=\"caption-attachment-76800\" style=\"width: 578px\" class=\"wp-caption alignnone\"><img data-recalc-dims=\"1\" loading=\"lazy\" decoding=\"async\" class=\"size-full wp-image-76800\" src=\"https:\/\/i0.wp.com\/www.eltrabajo.cl\/2017\/wp-content\/uploads\/2017\/01\/Ara%C3%B1a.jpg?resize=578%2C350\" alt=\"As\u00ed estaba el p\u00ede del menor este martes en la tarde.\" width=\"578\" height=\"350\" srcset=\"https:\/\/i0.wp.com\/eltrabajo.cl\/portal\/wp-content\/uploads\/2017\/01\/Ara%C3%B1a.jpg?w=578&amp;ssl=1 578w, https:\/\/i0.wp.com\/eltrabajo.cl\/portal\/wp-content\/uploads\/2017\/01\/Ara%C3%B1a.jpg?resize=200%2C121&amp;ssl=1 200w, https:\/\/i0.wp.com\/eltrabajo.cl\/portal\/wp-content\/uploads\/2017\/01\/Ara%C3%B1a.jpg?resize=300%2C182&amp;ssl=1 300w, https:\/\/i0.wp.com\/eltrabajo.cl\/portal\/wp-content\/uploads\/2017\/01\/Ara%C3%B1a.jpg?resize=150%2C91&amp;ssl=1 150w\" sizes=\"auto, (max-width: 578px) 100vw, 578px\" \/><figcaption id=\"caption-attachment-76800\" class=\"wp-caption-text\">As\u00ed estaba el p\u00ede del menor este martes en la tarde.<\/figcaption><\/figure>\n","protected":false},"excerpt":{"rendered":"<p>Menor deb\u00eda ser \u00abcategorizado\u00bb antes de ser atendido: Molesta a m\u00e1s no poder se encuentra Fracesca Aguirre Guajardo, con el Hospital San Camilo, porque seg\u00fan ella no le brindaron la atenci\u00f3n necesaria&#8230;<\/p>\n","protected":false},"author":1,"featured_media":76800,"comment_status":"open","ping_status":"open","sticky":false,"template":"","format":"standard","meta":{"advanced_seo_description":"","jetpack_seo_html_title":"","jetpack_seo_noindex":false,"_jetpack_memberships_contains_paid_content":false,"footnotes":""},"categories":[15],"tags":[45,44,46,27],"class_list":["post-76798","post","type-post","status-publish","format-standard","has-post-thumbnail","hentry","category-comunidad","tag-arana-de-rincon","tag-denuncia","tag-hospital-san-camilo","tag-san-felipe"],"jetpack_featured_media_url":"https:\/\/i0.wp.com\/eltrabajo.cl\/portal\/wp-content\/uploads\/2017\/01\/Ara%C3%B1a.jpg?fit=578%2C350&ssl=1","jetpack_sharing_enabled":true,"jetpack_likes_enabled":true,"jetpack-related-posts":[],"_links":{"self":[{"href":"https:\/\/eltrabajo.cl\/portal\/wp-json\/wp\/v2\/posts\/76798","targetHints":{"allow":["GET"]}}],"collection":[{"href":"https:\/\/eltrabajo.cl\/portal\/wp-json\/wp\/v2\/posts"}],"about":[{"href":"https:\/\/eltrabajo.cl\/portal\/wp-json\/wp\/v2\/types\/post"}],"author":[{"embeddable":true,"href":"https:\/\/eltrabajo.cl\/portal\/wp-json\/wp\/v2\/users\/1"}],"replies":[{"embeddable":true,"href":"https:\/\/eltrabajo.cl\/portal\/wp-json\/wp\/v2\/comments?post=76798"}],"version-history":[{"count":0,"href":"https:\/\/eltrabajo.cl\/portal\/wp-json\/wp\/v2\/posts\/76798\/revisions"}],"wp:featuredmedia":[{"embeddable":true,"href":"https:\/\/eltrabajo.cl\/portal\/wp-json\/wp\/v2\/media\/76800"}],"wp:attachment":[{"href":"https:\/\/eltrabajo.cl\/portal\/wp-json\/wp\/v2\/media?parent=76798"}],"wp:term":[{"taxonomy":"category","embeddable":true,"href":"https:\/\/eltrabajo.cl\/portal\/wp-json\/wp\/v2\/categories?post=76798"},{"taxonomy":"post_tag","embeddable":true,"href":"https:\/\/eltrabajo.cl\/portal\/wp-json\/wp\/v2\/tags?post=76798"}],"curies":[{"name":"wp","href":"https:\/\/api.w.org\/{rel}","templated":true}]}}