{"id":76802,"date":"2017-01-19T08:03:09","date_gmt":"2017-01-19T12:03:09","guid":{"rendered":"http:\/\/www.eltrabajo.cl\/2017\/?p=76802"},"modified":"2017-01-19T08:03:09","modified_gmt":"2017-01-19T12:03:09","slug":"stefan-kramer-y-miranda-confirmados-para-xviii-festival-palmenia-pizarro","status":"publish","type":"post","link":"https:\/\/eltrabajo.cl\/portal\/stefan-kramer-y-miranda-confirmados-para-xviii-festival-palmenia-pizarro\/","title":{"rendered":"Stefan Kramer y Miranda confirmados para XVIII Festival &#8216;Palmenia Pizarro&#8217;"},"content":{"rendered":"<figure id=\"attachment_76803\" aria-describedby=\"caption-attachment-76803\" style=\"width: 580px\" class=\"wp-caption alignnone\"><img data-recalc-dims=\"1\" loading=\"lazy\" decoding=\"async\" class=\"size-full wp-image-76803\" src=\"https:\/\/i0.wp.com\/www.eltrabajo.cl\/2017\/wp-content\/uploads\/2017\/01\/Alcalde-de-San-Felipe-Patricio-Freire-y-Concejo-Municipal.jpg?resize=580%2C350\" alt=\"Alcalde de San Felipe Patricio Freire y Concejo Municipal, presentaron parrilla art\u00edstica del Festival Palmenia Pizarro 2017.\" width=\"580\" height=\"350\" srcset=\"https:\/\/i0.wp.com\/eltrabajo.cl\/portal\/wp-content\/uploads\/2017\/01\/Alcalde-de-San-Felipe-Patricio-Freire-y-Concejo-Municipal.jpg?w=580&amp;ssl=1 580w, https:\/\/i0.wp.com\/eltrabajo.cl\/portal\/wp-content\/uploads\/2017\/01\/Alcalde-de-San-Felipe-Patricio-Freire-y-Concejo-Municipal.jpg?resize=200%2C121&amp;ssl=1 200w, https:\/\/i0.wp.com\/eltrabajo.cl\/portal\/wp-content\/uploads\/2017\/01\/Alcalde-de-San-Felipe-Patricio-Freire-y-Concejo-Municipal.jpg?resize=300%2C181&amp;ssl=1 300w, https:\/\/i0.wp.com\/eltrabajo.cl\/portal\/wp-content\/uploads\/2017\/01\/Alcalde-de-San-Felipe-Patricio-Freire-y-Concejo-Municipal.jpg?resize=150%2C91&amp;ssl=1 150w\" sizes=\"auto, (max-width: 580px) 100vw, 580px\" \/><figcaption id=\"caption-attachment-76803\" class=\"wp-caption-text\">Alcalde de San Felipe Patricio Freire y Concejo Municipal, presentaron parrilla art\u00edstica del Festival Palmenia Pizarro 2017.<\/figcaption><\/figure>\n<ul>\n<li><strong><span style=\"color: #ff0000;\">Viernes 3 y s\u00e1bado 4 de febrero, en el Estadio Municipal de San Felipe:<\/span>\u00a0Aunque todav\u00eda falta por definir a los animadores del certamen, ya se confirm\u00f3 la parrilla program\u00e1tica de ambas jornadas, que adem\u00e1s considera el humor del Lagarto Murdock, el romanticismo de Los V\u00e1squez y las cumbias de la banda nacional Villa Cari\u00f1o.<\/strong><\/li>\n<\/ul>\n<p>Poni\u00e9ndose a la altura de los m\u00e1s connotados Festivales del pa\u00eds, la Municipalidad de San Felipe dio a conocer la variada y destacada parrilla art\u00edstica del Festival de la Canci\u00f3n Palmenia Pizarro 2017, a desarrollarse el viernes 3 y s\u00e1bado 4 de febrero, a partir de las 20:30 horas, en el Estadio Municipal de San Felipe.<br \/>\nLa primera jornada tendr\u00e1 para todos los gustos: el romanticismo, la pachanga y la irreverencia se apoderar\u00e1n del escenario de la gran Palmenia Pizarro, con la presencia del d\u00fao nacional Los V\u00e1squez, la banda tropical Villa Cari\u00f1o y el sarc\u00e1stico Lagarto Murdock.<br \/>\nLa segunda noche tambi\u00e9n presentar\u00e1 variedad, destacando la presentaci\u00f3n internacional que realizar\u00e1 la banda argentina de pop rock y electropop melodram\u00e1tico Miranda, art\u00edfice de \u00e9xitos musicales como: La Guitarra de Lolo, Perfecta, Yo te dir\u00e9, Ment\u00eda, entre otros. A los trasandinos se suman las cumbias y romanticismo de Jordan, y el show del extraordinario comediante e imitador nacional, Stefan Kramer.<br \/>\nEl alcalde de San Felipe, Patricio Freire, se mostr\u00f3 feliz de poder tener un espect\u00e1culo de tan extraordinario nivel art\u00edstico y agradeci\u00f3 al concejo municipal, haber aprobado los recursos para la realizaci\u00f3n de un evento que es completamente gratuito para toda la comunidad.<br \/>\nEl edil sanfelipe\u00f1o anunci\u00f3 tambi\u00e9n que, tal como ha ocurrido en ediciones anteriores del festival, se abrir\u00e1 un lugar y se rendir\u00e1 homenaje a los artistas locales que durante todo el a\u00f1o se presentan en distintos escenarios de la ciudad, confirmando que \u201ctenemos una parrilla muy novedosa, como todos los a\u00f1os (\u2026) hay que mencionar que le daremos espacio tambi\u00e9n a los artistas sanfelipe\u00f1os que van a estar encargados de los intermedios\u201d, destac\u00f3 Patricio Freire.<br \/>\nEl jefe comunal se mostr\u00f3 orgulloso de haber conseguido que el Festival Palmenia Pizarro lograra un salto importante en t\u00e9rminos de calidad, y mencion\u00f3 que \u201clo m\u00e1s importante es que cada a\u00f1o vamos mejorando la parrilla de artistas; estamos contentos, conformes por poder contar con artistas de renombre internacional, as\u00ed que llamamos e invitamos a todos los vecinos de las provincias de San Felipe Los Andes y Petorca, a que vengan a este gran festival 2017\u201d, sentenci\u00f3 el alcalde de San Felipe.<br \/>\nA su vez, el concejal sanfelipe\u00f1o, Juan Carlos Sabaj, evalu\u00f3 la parrilla festivalera diciendo que \u201clos artistas que tenemos, est\u00e1n a un muy bien nivel (\u2026) al grupo Miranda lo encuentro top\u00edsimo y todos creo que est\u00e1n a un nivel muy elevado, as\u00ed que vamos a dejar la vara bien alta este a\u00f1o (\u2026) a m\u00ed me gusta mucho bailar, as\u00ed que si me ven bailando, que no les llame la atenci\u00f3n. Kramer como comediante astut\u00edsimo, lo encuentro perfect (sic), estamos a nivel de cualquier otro festival nacional\u201d, expres\u00f3 Sabaj.<br \/>\nEl edil agradeci\u00f3 tambi\u00e9n la oportunidad de ser parte del jurado del festival y mencion\u00f3 que \u201ces una responsabilidad y un desaf\u00edo tambi\u00e9n, porque es primera vez que participo como jurado en un evento como \u00e9ste. Me he estado informando respecto de c\u00f3mo es el sistema para elegir las canciones, pero lo tomo de muy buena manera\u201d, declar\u00f3 Sabaj.<\/p>\n","protected":false},"excerpt":{"rendered":"<p>Viernes 3 y s\u00e1bado 4 de febrero, en el Estadio Municipal de San Felipe:\u00a0Aunque todav\u00eda falta por definir a los animadores del certamen, ya se confirm\u00f3 la parrilla program\u00e1tica de ambas jornadas,&#8230;<\/p>\n","protected":false},"author":1,"featured_media":76803,"comment_status":"open","ping_status":"open","sticky":false,"template":"","format":"standard","meta":{"advanced_seo_description":"","jetpack_seo_html_title":"","jetpack_seo_noindex":false,"_jetpack_memberships_contains_paid_content":false,"footnotes":""},"categories":[1],"tags":[47,27],"class_list":["post-76802","post","type-post","status-publish","format-standard","has-post-thumbnail","hentry","category-cronica","tag-festival-palmenia-pizarro","tag-san-felipe"],"jetpack_featured_media_url":"https:\/\/i0.wp.com\/eltrabajo.cl\/portal\/wp-content\/uploads\/2017\/01\/Alcalde-de-San-Felipe-Patricio-Freire-y-Concejo-Municipal.jpg?fit=580%2C350&ssl=1","jetpack_sharing_enabled":true,"jetpack_likes_enabled":true,"jetpack-related-posts":[],"_links":{"self":[{"href":"https:\/\/eltrabajo.cl\/portal\/wp-json\/wp\/v2\/posts\/76802","targetHints":{"allow":["GET"]}}],"collection":[{"href":"https:\/\/eltrabajo.cl\/portal\/wp-json\/wp\/v2\/posts"}],"about":[{"href":"https:\/\/eltrabajo.cl\/portal\/wp-json\/wp\/v2\/types\/post"}],"author":[{"embeddable":true,"href":"https:\/\/eltrabajo.cl\/portal\/wp-json\/wp\/v2\/users\/1"}],"replies":[{"embeddable":true,"href":"https:\/\/eltrabajo.cl\/portal\/wp-json\/wp\/v2\/comments?post=76802"}],"version-history":[{"count":0,"href":"https:\/\/eltrabajo.cl\/portal\/wp-json\/wp\/v2\/posts\/76802\/revisions"}],"wp:featuredmedia":[{"embeddable":true,"href":"https:\/\/eltrabajo.cl\/portal\/wp-json\/wp\/v2\/media\/76803"}],"wp:attachment":[{"href":"https:\/\/eltrabajo.cl\/portal\/wp-json\/wp\/v2\/media?parent=76802"}],"wp:term":[{"taxonomy":"category","embeddable":true,"href":"https:\/\/eltrabajo.cl\/portal\/wp-json\/wp\/v2\/categories?post=76802"},{"taxonomy":"post_tag","embeddable":true,"href":"https:\/\/eltrabajo.cl\/portal\/wp-json\/wp\/v2\/tags?post=76802"}],"curies":[{"name":"wp","href":"https:\/\/api.w.org\/{rel}","templated":true}]}}