{"id":76808,"date":"2017-01-20T07:59:02","date_gmt":"2017-01-20T11:59:02","guid":{"rendered":"http:\/\/www.eltrabajo.cl\/2017\/?p=76808"},"modified":"2017-01-20T07:59:02","modified_gmt":"2017-01-20T11:59:02","slug":"denuncian-discriminacion-contra-haitianos-en-san-felipe","status":"publish","type":"post","link":"https:\/\/eltrabajo.cl\/portal\/denuncian-discriminacion-contra-haitianos-en-san-felipe\/","title":{"rendered":"Denuncian discriminaci\u00f3n contra haitianos"},"content":{"rendered":"<figure id=\"attachment_76809\" aria-describedby=\"caption-attachment-76809\" style=\"width: 580px\" class=\"wp-caption alignnone\"><img data-recalc-dims=\"1\" loading=\"lazy\" decoding=\"async\" class=\"size-full wp-image-76809\" src=\"https:\/\/i0.wp.com\/www.eltrabajo.cl\/2017\/wp-content\/uploads\/2017\/01\/Haitianos.jpg?resize=580%2C349\" alt=\"Un grupo de haitianos realizando tramites de extranjer\u00eda, en la Gobernaci\u00f3n de San Felipe.\" width=\"580\" height=\"349\" srcset=\"https:\/\/i0.wp.com\/eltrabajo.cl\/portal\/wp-content\/uploads\/2017\/01\/Haitianos.jpg?w=580&amp;ssl=1 580w, https:\/\/i0.wp.com\/eltrabajo.cl\/portal\/wp-content\/uploads\/2017\/01\/Haitianos.jpg?resize=200%2C120&amp;ssl=1 200w, https:\/\/i0.wp.com\/eltrabajo.cl\/portal\/wp-content\/uploads\/2017\/01\/Haitianos.jpg?resize=300%2C181&amp;ssl=1 300w, https:\/\/i0.wp.com\/eltrabajo.cl\/portal\/wp-content\/uploads\/2017\/01\/Haitianos.jpg?resize=150%2C90&amp;ssl=1 150w\" sizes=\"auto, (max-width: 580px) 100vw, 580px\" \/><figcaption id=\"caption-attachment-76809\" class=\"wp-caption-text\">Un grupo de haitianos realizando tramites de extranjer\u00eda, en la Gobernaci\u00f3n de San Felipe.<\/figcaption><\/figure>\n<ul>\n<li><span style=\"color: #ff0000;\"><strong>Algunos arrendadores subir\u00edan valores de propiedades que alquilan al saber que ser\u00e1n ocupadas por haitianos.<\/strong><\/span><\/li>\n<\/ul>\n<p>Al parecer esa frase que dice \u201cy ver\u00e1s c\u00f3mo quieren en Chile al amigo cuando es forastero\u201d no alcanza para los ciudadanos Haitianos llegados a San Felipe, ya que lamentablemente existe gente que sencillamente est\u00e1 lucrando m\u00e1s de la cuenta con la llagada de estas personas a la ciudad, en cuanto a los altos valores que deben pagar por concepto de arriendos de piezas donde vivir.<br \/>\nA parte de pagar, caro enfrentan otro problema, como es lo estrecho del lugar debiendo vivir pr\u00e1cticamente hacinados.<br \/>\nLo m\u00e1s preocupante, es que cuando le dicen que es para haitianos, les suben el precio. Hay casos donde viven tres personas en una pieza de tres por tres, algunos duermen en suelo, pues el lugar que arriendan caro, no cuenta ni con las m\u00ednimas comodidades.<br \/>\nNuestro medio, convers\u00f3 con un grupo de haitianos, entre ellos \u2018Fosta\u2019 nos dice textual ante la pregunta, \u00bfsi hay mucho abuso en los arriendos para personas venidas de su pa\u00eds? \u201cmucho abuso aqu\u00ed en Chile a los extranjeros, porque donde arrendamos tenemos agua, luz pero no la cama, nevera, estufa, tenemos que comprarnos nosotros y pagamos 120 mil pesos entre tres por una pieza y la pieza es mala no hay internet en la casa ah\u00ed donde vivimos hay mucho haitianos\u201d comenta.<br \/>\nEstaba acompa\u00f1ado por Yuri Lazcano, contratista quien ratifica lo caro que son los arriendos en San Felipe, m\u00e1s cuando les dicen a los arrendatarios que son haitianos.<br \/>\n\u201cHay muchos que nos cuentan que est\u00e1n durmiendo en el suelo incluso, pero tambi\u00e9n les cobran demasiado caro el arriendo, yo encuentro que es un abuso porque es una pieza de tres por tres, que le cobren 120 mil pesos es muy caro, yo lo considero que es demasiado caro, algunos pagan 200 mil pesos por una pieza, otros por un Departamento pagan 250 mil pesos, y el lugar est\u00e1 en muy mal estado, el piso est\u00e1 con hoyos, el ba\u00f1o no tiene las cosas que debe tener , nosotros hemos ido a verlos e incluso le hemos buscado casa mas econ\u00f3micas pero uno les dice que son haitianos y suben el arriendo en San Felipe y en hartos lugares m\u00e1s\u201d expresa Yuri.<br \/>\nAgrega, que ella busc\u00f3 en Catemu, con la salvedad que es grande la casa y le cobran 500 mil pesos, tiene seis dormitorios que est\u00e1n en buenas condiciones, adem\u00e1s tiene de todo.<br \/>\n\u201cYo encuentro que es una situaci\u00f3n lamentable, desafortunada, ya que ellos son trabajadores y seres humanos, hay muchos a quienes los estafan y no es la idea, m\u00e1s encima cuando llegamos a consultar por el valor de una pieza y le decimos que es para un grupo de haitianos nos suben el precio, porque son extranjeros, me parece p\u00e9simo eso de subirles el arriendo, ni a nosotros que somos chilenos nos suben el arriendo\u201d.<br \/>\nEn cuanto a la experiencia de trabajar con haitianos, indica que ha sido buen\u00edsima \u201cson todas muy buenas personas, nada que decir, buenos trabajadores, llegan a la hora, muy responsable no hemos tenido ning\u00fan problema\u201d comenta Yuri.<br \/>\nAl finalizar, la contratista lo \u00fanico que pide a los arrendatarios, que bajen el valor de los arriendos.<\/p>\n","protected":false},"excerpt":{"rendered":"<p>Algunos arrendadores subir\u00edan valores de propiedades que alquilan al saber que ser\u00e1n ocupadas por haitianos. Al parecer esa frase que dice \u201cy ver\u00e1s c\u00f3mo quieren en Chile al amigo cuando es forastero\u201d&#8230;<\/p>\n","protected":false},"author":1,"featured_media":76809,"comment_status":"open","ping_status":"open","sticky":false,"template":"","format":"standard","meta":{"advanced_seo_description":"","jetpack_seo_html_title":"","jetpack_seo_noindex":false,"_jetpack_memberships_contains_paid_content":false,"footnotes":""},"categories":[1],"tags":[44,48,49,50,27],"class_list":["post-76808","post","type-post","status-publish","format-standard","has-post-thumbnail","hentry","category-cronica","tag-denuncia","tag-discriminacion","tag-extranjeros","tag-haitianos","tag-san-felipe"],"jetpack_featured_media_url":"https:\/\/i0.wp.com\/eltrabajo.cl\/portal\/wp-content\/uploads\/2017\/01\/Haitianos.jpg?fit=580%2C349&ssl=1","jetpack_sharing_enabled":true,"jetpack_likes_enabled":true,"jetpack-related-posts":[],"_links":{"self":[{"href":"https:\/\/eltrabajo.cl\/portal\/wp-json\/wp\/v2\/posts\/76808","targetHints":{"allow":["GET"]}}],"collection":[{"href":"https:\/\/eltrabajo.cl\/portal\/wp-json\/wp\/v2\/posts"}],"about":[{"href":"https:\/\/eltrabajo.cl\/portal\/wp-json\/wp\/v2\/types\/post"}],"author":[{"embeddable":true,"href":"https:\/\/eltrabajo.cl\/portal\/wp-json\/wp\/v2\/users\/1"}],"replies":[{"embeddable":true,"href":"https:\/\/eltrabajo.cl\/portal\/wp-json\/wp\/v2\/comments?post=76808"}],"version-history":[{"count":0,"href":"https:\/\/eltrabajo.cl\/portal\/wp-json\/wp\/v2\/posts\/76808\/revisions"}],"wp:featuredmedia":[{"embeddable":true,"href":"https:\/\/eltrabajo.cl\/portal\/wp-json\/wp\/v2\/media\/76809"}],"wp:attachment":[{"href":"https:\/\/eltrabajo.cl\/portal\/wp-json\/wp\/v2\/media?parent=76808"}],"wp:term":[{"taxonomy":"category","embeddable":true,"href":"https:\/\/eltrabajo.cl\/portal\/wp-json\/wp\/v2\/categories?post=76808"},{"taxonomy":"post_tag","embeddable":true,"href":"https:\/\/eltrabajo.cl\/portal\/wp-json\/wp\/v2\/tags?post=76808"}],"curies":[{"name":"wp","href":"https:\/\/api.w.org\/{rel}","templated":true}]}}