{"id":76812,"date":"2017-01-20T08:03:56","date_gmt":"2017-01-20T12:03:56","guid":{"rendered":"http:\/\/www.eltrabajo.cl\/2017\/?p=76812"},"modified":"2017-01-20T08:03:56","modified_gmt":"2017-01-20T12:03:56","slug":"trilla-a-yegua-suelta-este-fin-de-semana-en-calle-larga-2","status":"publish","type":"post","link":"https:\/\/eltrabajo.cl\/portal\/trilla-a-yegua-suelta-este-fin-de-semana-en-calle-larga-2\/","title":{"rendered":"\u2018Trilla a Yegua Suelta\u2019 en Calle Larga"},"content":{"rendered":"<figure id=\"attachment_76813\" aria-describedby=\"caption-attachment-76813\" style=\"width: 580px\" class=\"wp-caption alignnone\"><img data-recalc-dims=\"1\" loading=\"lazy\" decoding=\"async\" class=\"size-full wp-image-76813\" src=\"https:\/\/i0.wp.com\/www.eltrabajo.cl\/2017\/wp-content\/uploads\/2017\/01\/trilla-a-yeguas-sueltas.jpg?resize=580%2C348\" alt=\"Fiesta Costumbrista Trilla a Yegua Suelta, se realizar\u00e1 este s\u00e1bado 21 y domingo 22 de enero en antigua casona en la que naci\u00f3 el ex Presidente Pedro Aguirre Cerda, ubicada en Pocuro, Calle Larga. \" width=\"580\" height=\"348\" srcset=\"https:\/\/i0.wp.com\/eltrabajo.cl\/portal\/wp-content\/uploads\/2017\/01\/trilla-a-yeguas-sueltas.jpg?w=580&amp;ssl=1 580w, https:\/\/i0.wp.com\/eltrabajo.cl\/portal\/wp-content\/uploads\/2017\/01\/trilla-a-yeguas-sueltas.jpg?resize=200%2C120&amp;ssl=1 200w, https:\/\/i0.wp.com\/eltrabajo.cl\/portal\/wp-content\/uploads\/2017\/01\/trilla-a-yeguas-sueltas.jpg?resize=300%2C180&amp;ssl=1 300w, https:\/\/i0.wp.com\/eltrabajo.cl\/portal\/wp-content\/uploads\/2017\/01\/trilla-a-yeguas-sueltas.jpg?resize=150%2C90&amp;ssl=1 150w\" sizes=\"auto, (max-width: 580px) 100vw, 580px\" \/><figcaption id=\"caption-attachment-76813\" class=\"wp-caption-text\">Fiesta Costumbrista Trilla a Yegua Suelta, se realizar\u00e1 este s\u00e1bado 21 y domingo 22 de enero en antigua casona en la que naci\u00f3 el ex Presidente Pedro Aguirre Cerda, ubicada en Pocuro, Calle Larga.<\/figcaption><\/figure>\n<ul>\n<li><strong><span style=\"color: #ff0000;\">Charquic\u00e1n, empanadas criollas y otros platos t\u00edpicos:<\/span> Folclor, platos t\u00edpicos, cultura y tradiciones, podr\u00e1n ser disfrutados el s\u00e1bado y el domingo en los terrenos de la antigua casona en la que naci\u00f3 el ex presidente Pedro Aguirre Cerda. <\/strong><\/li>\n<\/ul>\n<p><strong>LOS ANDES.-<\/strong> Este s\u00e1bado 21 y domingo 22 de enero, se realizar\u00e1 la 41\u00b0 versi\u00f3n de la Fiesta Costumbrista Trilla a Yegua Suelta, que se realizar\u00e1 en los terrenos de la antigua casona en la que naci\u00f3 el ex Presidente Pedro Aguirre Cerda, ubicada en Pocuro, Calle Larga.<br \/>\nCharquic\u00e1n, empanadas criollas y otros platos t\u00edpicos, cocinados por los vecinos de la comuna, podr\u00e1n ser disfrutados por los asistentes a esta actividad, quienes tambi\u00e9n tendr\u00e1n la posibilidad de visitar stand de artesan\u00edas, ver presentaci\u00f3n de grupos folcl\u00f3ricos, conocer diversas actividades y juegos tradicionales del campo de la zona central del pa\u00eds y disfrutar de la actuaci\u00f3n de agrupaciones nacionales tales como Los Halcones Negros, Viking 5, Lalo Vilches y Megapuesta. Adem\u00e1s la actriz Sigrid Alegr\u00eda, se presentar\u00e1 con su grupo de cueca chora Aparcoa.<br \/>\nEsta actividad es organizada por la Municipalidad de Calle Larga, en conjunto con el Club de Rodeo Chileno de la comuna y financiada con recursos del Gobierno Regional y el Consejo de la Cultura y las Artes, Regi\u00f3n de Valpara\u00edso.<br \/>\nAdem\u00e1s de disfrutar de la Trilla, los asistentes podr\u00e1n visitar el Centro Cultural y Museo Pedro Aguirre Cerda, espacio en el que se presentar\u00e1n cuatro exposiciones abiertas al p\u00fablico: Margot Loyola, un poco campesina, un poco maestra, un poco cantora, Archivo fotogr\u00e1fico de Calle Larga, Mundo Campesino y Muestra de la Embajada de Jap\u00f3n.<br \/>\nEn la cuadrag\u00e9sima primera versi\u00f3n de este encuentro que se realiza este fin de semana, se busca potenciar el turismo rural que ha cobrado relevancia como panorama para visitantes nacionales y extranjeros, quienes podr\u00e1n degustar la gastronom\u00eda de la zona.<\/p>\n","protected":false},"excerpt":{"rendered":"<p>Charquic\u00e1n, empanadas criollas y otros platos t\u00edpicos: Folclor, platos t\u00edpicos, cultura y tradiciones, podr\u00e1n ser disfrutados el s\u00e1bado y el domingo en los terrenos de la antigua casona en la que naci\u00f3&#8230;<\/p>\n","protected":false},"author":1,"featured_media":76813,"comment_status":"open","ping_status":"open","sticky":false,"template":"","format":"standard","meta":{"advanced_seo_description":"","jetpack_seo_html_title":"","jetpack_seo_noindex":false,"_jetpack_memberships_contains_paid_content":false,"footnotes":""},"categories":[15],"tags":[38,51,52,53],"class_list":["post-76812","post","type-post","status-publish","format-standard","has-post-thumbnail","hentry","category-comunidad","tag-aconcagua","tag-calle-larga","tag-folklore","tag-trilla-a-yegua-suelta"],"jetpack_featured_media_url":"https:\/\/i0.wp.com\/eltrabajo.cl\/portal\/wp-content\/uploads\/2017\/01\/trilla-a-yeguas-sueltas.jpg?fit=580%2C348&ssl=1","jetpack_sharing_enabled":true,"jetpack_likes_enabled":true,"jetpack-related-posts":[],"_links":{"self":[{"href":"https:\/\/eltrabajo.cl\/portal\/wp-json\/wp\/v2\/posts\/76812","targetHints":{"allow":["GET"]}}],"collection":[{"href":"https:\/\/eltrabajo.cl\/portal\/wp-json\/wp\/v2\/posts"}],"about":[{"href":"https:\/\/eltrabajo.cl\/portal\/wp-json\/wp\/v2\/types\/post"}],"author":[{"embeddable":true,"href":"https:\/\/eltrabajo.cl\/portal\/wp-json\/wp\/v2\/users\/1"}],"replies":[{"embeddable":true,"href":"https:\/\/eltrabajo.cl\/portal\/wp-json\/wp\/v2\/comments?post=76812"}],"version-history":[{"count":0,"href":"https:\/\/eltrabajo.cl\/portal\/wp-json\/wp\/v2\/posts\/76812\/revisions"}],"wp:featuredmedia":[{"embeddable":true,"href":"https:\/\/eltrabajo.cl\/portal\/wp-json\/wp\/v2\/media\/76813"}],"wp:attachment":[{"href":"https:\/\/eltrabajo.cl\/portal\/wp-json\/wp\/v2\/media?parent=76812"}],"wp:term":[{"taxonomy":"category","embeddable":true,"href":"https:\/\/eltrabajo.cl\/portal\/wp-json\/wp\/v2\/categories?post=76812"},{"taxonomy":"post_tag","embeddable":true,"href":"https:\/\/eltrabajo.cl\/portal\/wp-json\/wp\/v2\/tags?post=76812"}],"curies":[{"name":"wp","href":"https:\/\/api.w.org\/{rel}","templated":true}]}}