{"id":76828,"date":"2017-01-20T08:22:57","date_gmt":"2017-01-20T12:22:57","guid":{"rendered":"http:\/\/www.eltrabajo.cl\/2017\/?p=76828"},"modified":"2017-01-20T08:22:57","modified_gmt":"2017-01-20T12:22:57","slug":"carabineros-reune-a-hermanas-separadas-hace-40-anos","status":"publish","type":"post","link":"https:\/\/eltrabajo.cl\/portal\/carabineros-reune-a-hermanas-separadas-hace-40-anos\/","title":{"rendered":"Carabineros re\u00fane a hermanas 40 a\u00f1os separadas"},"content":{"rendered":"<figure id=\"attachment_76829\" aria-describedby=\"caption-attachment-76829\" style=\"width: 580px\" class=\"wp-caption alignnone\"><img data-recalc-dims=\"1\" loading=\"lazy\" decoding=\"async\" class=\"size-full wp-image-76829\" src=\"https:\/\/i0.wp.com\/www.eltrabajo.cl\/2017\/wp-content\/uploads\/2017\/01\/REENCUENTRO-HERMANAS.jpg?resize=580%2C348\" alt=\"De izquierda a derecha: El comisario de Carabineros de San Felipe, Mayor H\u00e9ctor Soto M\u00f6eller, junto a Susana y Mary Carmen quienes se abrazaron en el reencuentro. La acompa\u00f1an los funcionarios policiales de la Oficina de Asuntos Comunitarios, encabezada por el suboficial Jaime Gonz\u00e1lez Mi\u00f1o.\" width=\"580\" height=\"348\" srcset=\"https:\/\/i0.wp.com\/eltrabajo.cl\/portal\/wp-content\/uploads\/2017\/01\/REENCUENTRO-HERMANAS.jpg?w=580&amp;ssl=1 580w, https:\/\/i0.wp.com\/eltrabajo.cl\/portal\/wp-content\/uploads\/2017\/01\/REENCUENTRO-HERMANAS.jpg?resize=200%2C120&amp;ssl=1 200w, https:\/\/i0.wp.com\/eltrabajo.cl\/portal\/wp-content\/uploads\/2017\/01\/REENCUENTRO-HERMANAS.jpg?resize=300%2C180&amp;ssl=1 300w, https:\/\/i0.wp.com\/eltrabajo.cl\/portal\/wp-content\/uploads\/2017\/01\/REENCUENTRO-HERMANAS.jpg?resize=150%2C90&amp;ssl=1 150w\" sizes=\"auto, (max-width: 580px) 100vw, 580px\" \/><figcaption id=\"caption-attachment-76829\" class=\"wp-caption-text\">De izquierda a derecha: El comisario de Carabineros de San Felipe, Mayor H\u00e9ctor Soto M\u00f6eller, junto a Susana y Mary Carmen quienes se abrazaron en el reencuentro. La acompa\u00f1an los funcionarios policiales de la Oficina de Asuntos Comunitarios, encabezada por el suboficial Jaime Gonz\u00e1lez Mi\u00f1o.<\/figcaption><\/figure>\n<ul>\n<li><strong><span style=\"color: #ff0000;\">Cinco hermanos fueron separados de ni\u00f1os:<\/span>\u00a0Mary Carmen, tras ser adoptada por una familia, conoci\u00f3 a una de sus hermanas Susana, quien fue criada toda su vida en hogares de acogida, viajando desde Laja a San Felipe para no volver a separarse.<\/strong><\/li>\n<\/ul>\n<p>La oficina de Asuntos Comunitarios de la Segunda Comisar\u00eda de Carabineros de San Felipe, luego de diversas diligencias, coordin\u00f3 un emotivo encuentro entre dos hermanas que por tristes circunstancias de la vida, fueron separadas desde peque\u00f1as, reencontr\u00e1ndose despu\u00e9s de 40 a\u00f1os.<br \/>\nEsta es la historia de Mary Carmen y Susana Celed\u00f3n Pe\u00f1a, quienes fueron abandonadas por su madre a los pocos a\u00f1os de vida, quedando al cuidado de su padre enviciado en el alcohol. Tristemente las cuatro mujeres y un var\u00f3n, fueron separados como hermanos, quedando algunos al cuidado de los abuelos y otros en casas de acogida en aquel tiempo en Rinconada de Silva de Putaendo.<br \/>\nMary Carmen en una entrevista concedida a Diario El Trabajo, recorri\u00f3 diversos cap\u00edtulos desde su ni\u00f1ez hasta ser adulta, destacando lo que le ha significado reencontrarse con su hermana a quien pr\u00e1cticamente nunca conoci\u00f3 tras esta brutal separaci\u00f3n.<br \/>\n<strong>&#8211; \u00bfC\u00f3mo se produce la separaci\u00f3n entre ustedes?<\/strong><br \/>\n&#8211; Yo ten\u00eda como un a\u00f1o y tanto cuando estaba en el internado. Esto ocurri\u00f3 porque mi mam\u00e1 nos abandon\u00f3, nos dej\u00f3 con mi pap\u00e1, \u00e9l era borracho y los hermanos (5) est\u00e1bamos desnutridos. Los vecinos se aburrieron de tanto llanto y llamaron en ese tiempo a las autoridades de Familia.<br \/>\n<strong>&#8211; \u00bfQu\u00e9 sucede posteriormente con sus hermanos?<\/strong><br \/>\n&#8211; A nosotros nos internaron y mis hermanos mayores los enviaron a Valpara\u00edso, como nosotras est\u00e1bamos chicas nos dejaron ac\u00e1 en un hogar en Rinconada de Silva que ahora es un colegio.<br \/>\n<strong>&#8211; \u00bfQu\u00e9 pas\u00f3 con su hermana Susana?<\/strong><br \/>\n&#8211; A ella se la llevaron los abuelos y la tuvieron como hasta los 5 a\u00f1os, despu\u00e9s mi pap\u00e1 se la llev\u00f3 y la intern\u00f3. Desde esa edad ella (Susana) vivi\u00f3 siempre en distintos internados, casas de acogida. Despu\u00e9s ya siendo adulta, termin\u00f3 viviendo en la comuna de Laja (Regi\u00f3n del B\u00edo B\u00edo), form\u00f3 su familia: se cas\u00f3 y tiene tres hijos.<br \/>\n<strong>&#8211; \u00bfCu\u00e1l fue su suerte?<\/strong><br \/>\n-Yo fui adoptada por una familia, de los cinco hermanos una est\u00e1 fallecida -la mayor-. Creo que yo fui la m\u00e1s afortunada porque tuve una familia adoptiva que me cri\u00f3 desde los cuatro a\u00f1os de edad.<br \/>\n<strong>-\u00bfSu hermana es quien inicia las gestiones para encontrarla?<\/strong><br \/>\n-S\u00ed, mi hermana concurri\u00f3 a Carabineros en Laja para buscarme, de ah\u00ed los carabineros de aqu\u00ed en San Felipe me ubicaron ac\u00e1. Me sorprend\u00ed much\u00edsimo, mucha emoci\u00f3n despu\u00e9s de tantos a\u00f1os, no sab\u00eda si estaba viva, nunca supe de ella.<br \/>\n<strong>-\u00bfQu\u00e9 ha sabido de sus otros hermanos?<\/strong><br \/>\n-Bueno la mayor falleci\u00f3, existe otra -Mar\u00eda Teresa- no sabemos nada de ella y mi hermano en estos momentos est\u00e1 preso por un delito.<br \/>\n<strong>-\u00bfEst\u00e1 agradecida la labor de Carabineros?<\/strong><br \/>\n-Por supuesto agradecer la labor de ellos, de poder hacer este reencuentro, pensaba que mi hermana hab\u00eda fallecido. Gracias a Dios apareci\u00f3 una de ellas, quiero destacar el trabajo realizado por los funcionarios policiales.<br \/>\n<strong>-\u00bfC\u00f3mo es su vida actualmente?<\/strong><br \/>\n-Soy soltera, vivo en la Poblaci\u00f3n La Santita de San Felipe, tengo dos hijas y un nieto.<br \/>\n<strong>-\u00bfCon su hermana hay toda una vida para conversar?<\/strong><br \/>\n-Si mucho que conversar, ella est\u00e1 hasta el fin de semana en mi casa. Ya no nos vamos a separar, tenemos los tel\u00e9fonos ya tengo su direcci\u00f3n para que vaya al sur y tengo que conocer a mis sobrinos tambi\u00e9n.<br \/>\n<strong>Pablo Salinas Sald\u00edas<\/strong><\/p>\n","protected":false},"excerpt":{"rendered":"<p>Cinco hermanos fueron separados de ni\u00f1os:\u00a0Mary Carmen, tras ser adoptada por una familia, conoci\u00f3 a una de sus hermanas Susana, quien fue criada toda su vida en hogares de acogida, viajando desde&#8230;<\/p>\n","protected":false},"author":1,"featured_media":76829,"comment_status":"open","ping_status":"open","sticky":false,"template":"","format":"standard","meta":{"advanced_seo_description":"","jetpack_seo_html_title":"","jetpack_seo_noindex":false,"_jetpack_memberships_contains_paid_content":false,"footnotes":""},"categories":[15],"tags":[57,58,27],"class_list":["post-76828","post","type-post","status-publish","format-standard","has-post-thumbnail","hentry","category-comunidad","tag-carabineros","tag-reencuentro-familiar","tag-san-felipe"],"jetpack_featured_media_url":"https:\/\/i0.wp.com\/eltrabajo.cl\/portal\/wp-content\/uploads\/2017\/01\/REENCUENTRO-HERMANAS.jpg?fit=580%2C348&ssl=1","jetpack_sharing_enabled":true,"jetpack_likes_enabled":true,"jetpack-related-posts":[],"_links":{"self":[{"href":"https:\/\/eltrabajo.cl\/portal\/wp-json\/wp\/v2\/posts\/76828","targetHints":{"allow":["GET"]}}],"collection":[{"href":"https:\/\/eltrabajo.cl\/portal\/wp-json\/wp\/v2\/posts"}],"about":[{"href":"https:\/\/eltrabajo.cl\/portal\/wp-json\/wp\/v2\/types\/post"}],"author":[{"embeddable":true,"href":"https:\/\/eltrabajo.cl\/portal\/wp-json\/wp\/v2\/users\/1"}],"replies":[{"embeddable":true,"href":"https:\/\/eltrabajo.cl\/portal\/wp-json\/wp\/v2\/comments?post=76828"}],"version-history":[{"count":0,"href":"https:\/\/eltrabajo.cl\/portal\/wp-json\/wp\/v2\/posts\/76828\/revisions"}],"wp:featuredmedia":[{"embeddable":true,"href":"https:\/\/eltrabajo.cl\/portal\/wp-json\/wp\/v2\/media\/76829"}],"wp:attachment":[{"href":"https:\/\/eltrabajo.cl\/portal\/wp-json\/wp\/v2\/media?parent=76828"}],"wp:term":[{"taxonomy":"category","embeddable":true,"href":"https:\/\/eltrabajo.cl\/portal\/wp-json\/wp\/v2\/categories?post=76828"},{"taxonomy":"post_tag","embeddable":true,"href":"https:\/\/eltrabajo.cl\/portal\/wp-json\/wp\/v2\/tags?post=76828"}],"curies":[{"name":"wp","href":"https:\/\/api.w.org\/{rel}","templated":true}]}}