{"id":76858,"date":"2017-01-24T09:02:39","date_gmt":"2017-01-24T13:02:39","guid":{"rendered":"http:\/\/www.eltrabajo.cl\/2017\/?p=76858"},"modified":"2017-01-24T09:02:39","modified_gmt":"2017-01-24T13:02:39","slug":"nayita-valdes-tambien-cantara-con-su-madre-en-festival-de-la-chaya","status":"publish","type":"post","link":"https:\/\/eltrabajo.cl\/portal\/nayita-valdes-tambien-cantara-con-su-madre-en-festival-de-la-chaya\/","title":{"rendered":"\u2018Nayita\u2019 Vald\u00e9s tambi\u00e9n cantar\u00e1 con su madre en Festival de la Chaya"},"content":{"rendered":"<figure id=\"attachment_76860\" aria-describedby=\"caption-attachment-76860\" style=\"width: 580px\" class=\"wp-caption alignnone\"><img data-recalc-dims=\"1\" loading=\"lazy\" decoding=\"async\" class=\"size-full wp-image-76860\" src=\"https:\/\/i0.wp.com\/www.eltrabajo.cl\/2017\/wp-content\/uploads\/2017\/01\/Nayita12-1.jpg?resize=580%2C348\" alt=\"EST\u00c1 CLASIFICADA.- As\u00ed fue su participaci\u00f3n en este Matinal de Chilevisi\u00f3n de esta ni\u00f1a sanfelipe\u00f1a\" width=\"580\" height=\"348\" srcset=\"https:\/\/i0.wp.com\/eltrabajo.cl\/portal\/wp-content\/uploads\/2017\/01\/Nayita12-1.jpg?w=580&amp;ssl=1 580w, https:\/\/i0.wp.com\/eltrabajo.cl\/portal\/wp-content\/uploads\/2017\/01\/Nayita12-1.jpg?resize=200%2C120&amp;ssl=1 200w, https:\/\/i0.wp.com\/eltrabajo.cl\/portal\/wp-content\/uploads\/2017\/01\/Nayita12-1.jpg?resize=300%2C180&amp;ssl=1 300w, https:\/\/i0.wp.com\/eltrabajo.cl\/portal\/wp-content\/uploads\/2017\/01\/Nayita12-1.jpg?resize=150%2C90&amp;ssl=1 150w\" sizes=\"auto, (max-width: 580px) 100vw, 580px\" \/><figcaption id=\"caption-attachment-76860\" class=\"wp-caption-text\">EST\u00c1 CLASIFICADA.- As\u00ed fue su participaci\u00f3n en este Matinal de Chilevisi\u00f3n de esta ni\u00f1a sanfelipe\u00f1a<\/figcaption><\/figure>\n<p>Dice aquella vieja y sabia frase: \u00abHijo de Tigre (\u2026) nace pintado\u00bb, dicho esto, hoy en Diario El Trabajo podemos comprobar que la sabidur\u00eda popular en esas palabras s\u00ed son aplicables al caso que hoy vive una ni\u00f1a sanfelipe\u00f1a, hablamos de la bella jovencita Nayadet \u2018Nayita\u2019 Vald\u00e9s Berr\u00edos, vecina de Villa El Totoral, quien desde sus seis a\u00f1os le gusta cantar, pues ella sigue los pasos de su madre, la conocida cantante sanfelipe\u00f1a D\u00e9bora Berr\u00edos (La Flor del Valle).<\/p>\n<p><strong>DESDE MUY CHICA<\/strong><br \/>\nEsta talentosa ni\u00f1a de apenas doce a\u00f1os, ha figurado como finalista en varios concursos de canto en varias comunas de nuestra provincia, tan es as\u00ed que el 2 de enero se present\u00f3 a un Casting en Chilevisi\u00f3n, empresa que no dud\u00f3 en llamarla tres d\u00edas despu\u00e9s para que se incorporara al matinal \u2018\u00bfCu\u00e1nto vale el show?\u2019, pues fue seleccionada de entre 60 participantes m\u00e1s.<br \/>\n\u00abS\u00ed estaba un poco nerviosa al principio, pero como desde muy chica he cantado en escenarios con mucha gente, no me dio problema el tema de las c\u00e1maras y la gente. Particip\u00e9 cantando el tema Corre, de Jesse &amp; Joy, no estoy muy clara de las reglas y montos del concurso, lo que s\u00ed s\u00e9, es que por mi show pagaron $37.000, tampoco s\u00e9 si los montos ir\u00e1n aumentando conforme avancen las etapas, ya estoy clasificada\u00bb, dijo la ni\u00f1a a Diario El Trabajo.<\/p>\n<p><strong>EN LA CHAYA 2017<\/strong><br \/>\nPara quienes quieran ver a Nayita Vald\u00e9s cantando en vivo, ella estar\u00e1 participando en la Fiesta de la Chaya de San Felipe, este jueves 26 de enero a partir de las 21:00 horas, pues ella participar\u00e1 con su madre D\u00e9bora Berr\u00edos. \u00abSue\u00f1o con viajar a Paris, Francia, tambi\u00e9n con estudiar gastronom\u00eda y Derecho, aunque por ahora lo que m\u00e1s me gusta es estudiar y cantar\u00bb, agreg\u00f3 la ni\u00f1a.<br \/>\n<strong>Roberto Gonz\u00e1lez Short<\/strong><\/p>\n","protected":false},"excerpt":{"rendered":"<p>Dice aquella vieja y sabia frase: \u00abHijo de Tigre (\u2026) nace pintado\u00bb, dicho esto, hoy en Diario El Trabajo podemos comprobar que la sabidur\u00eda popular en esas palabras s\u00ed son aplicables al&#8230;<\/p>\n","protected":false},"author":1,"featured_media":76860,"comment_status":"open","ping_status":"open","sticky":false,"template":"","format":"standard","meta":{"advanced_seo_description":"","jetpack_seo_html_title":"","jetpack_seo_noindex":false,"_jetpack_memberships_contains_paid_content":false,"footnotes":""},"categories":[15],"tags":[],"class_list":["post-76858","post","type-post","status-publish","format-standard","has-post-thumbnail","hentry","category-comunidad"],"jetpack_featured_media_url":"https:\/\/i0.wp.com\/eltrabajo.cl\/portal\/wp-content\/uploads\/2017\/01\/Nayita12-1.jpg?fit=580%2C348&ssl=1","jetpack_sharing_enabled":true,"jetpack_likes_enabled":true,"jetpack-related-posts":[],"_links":{"self":[{"href":"https:\/\/eltrabajo.cl\/portal\/wp-json\/wp\/v2\/posts\/76858","targetHints":{"allow":["GET"]}}],"collection":[{"href":"https:\/\/eltrabajo.cl\/portal\/wp-json\/wp\/v2\/posts"}],"about":[{"href":"https:\/\/eltrabajo.cl\/portal\/wp-json\/wp\/v2\/types\/post"}],"author":[{"embeddable":true,"href":"https:\/\/eltrabajo.cl\/portal\/wp-json\/wp\/v2\/users\/1"}],"replies":[{"embeddable":true,"href":"https:\/\/eltrabajo.cl\/portal\/wp-json\/wp\/v2\/comments?post=76858"}],"version-history":[{"count":0,"href":"https:\/\/eltrabajo.cl\/portal\/wp-json\/wp\/v2\/posts\/76858\/revisions"}],"wp:featuredmedia":[{"embeddable":true,"href":"https:\/\/eltrabajo.cl\/portal\/wp-json\/wp\/v2\/media\/76860"}],"wp:attachment":[{"href":"https:\/\/eltrabajo.cl\/portal\/wp-json\/wp\/v2\/media?parent=76858"}],"wp:term":[{"taxonomy":"category","embeddable":true,"href":"https:\/\/eltrabajo.cl\/portal\/wp-json\/wp\/v2\/categories?post=76858"},{"taxonomy":"post_tag","embeddable":true,"href":"https:\/\/eltrabajo.cl\/portal\/wp-json\/wp\/v2\/tags?post=76858"}],"curies":[{"name":"wp","href":"https:\/\/api.w.org\/{rel}","templated":true}]}}