{"id":76893,"date":"2017-01-26T09:03:17","date_gmt":"2017-01-26T13:03:17","guid":{"rendered":"http:\/\/www.eltrabajo.cl\/2017\/?p=76893"},"modified":"2017-01-26T09:03:17","modified_gmt":"2017-01-26T13:03:17","slug":"vecinos-de-san-felipe-solicitan-que-es-necesario-tener-farmacias-fuera-de-las-cuatro-alamedas","status":"publish","type":"post","link":"https:\/\/eltrabajo.cl\/portal\/vecinos-de-san-felipe-solicitan-que-es-necesario-tener-farmacias-fuera-de-las-cuatro-alamedas\/","title":{"rendered":"Vecinos de San Felipe solicitan que es necesario tener farmacias fuera de las cuatro alamedas"},"content":{"rendered":"<figure id=\"attachment_76894\" aria-describedby=\"caption-attachment-76894\" style=\"width: 580px\" class=\"wp-caption alignnone\"><img data-recalc-dims=\"1\" loading=\"lazy\" decoding=\"async\" class=\"size-full wp-image-76894\" src=\"https:\/\/i0.wp.com\/www.eltrabajo.cl\/2017\/wp-content\/uploads\/2017\/01\/Amanda.jpg?resize=580%2C349\" alt=\"Amanda una de las personas que consultamos.\" width=\"580\" height=\"349\" srcset=\"https:\/\/i0.wp.com\/eltrabajo.cl\/portal\/wp-content\/uploads\/2017\/01\/Amanda.jpg?w=580&amp;ssl=1 580w, https:\/\/i0.wp.com\/eltrabajo.cl\/portal\/wp-content\/uploads\/2017\/01\/Amanda.jpg?resize=200%2C120&amp;ssl=1 200w, https:\/\/i0.wp.com\/eltrabajo.cl\/portal\/wp-content\/uploads\/2017\/01\/Amanda.jpg?resize=300%2C181&amp;ssl=1 300w, https:\/\/i0.wp.com\/eltrabajo.cl\/portal\/wp-content\/uploads\/2017\/01\/Amanda.jpg?resize=150%2C90&amp;ssl=1 150w\" sizes=\"auto, (max-width: 580px) 100vw, 580px\" \/><figcaption id=\"caption-attachment-76894\" class=\"wp-caption-text\">Amanda una de las personas que consultamos.<\/figcaption><\/figure>\n<p>El centralismo al parecer, est\u00e1 presente en el d\u00eda a d\u00eda de la gente, especialmente en nuestro pa\u00eds donde muchos dicen que \u2018Santiago es Chile\u2019, pues bien, a tanto llega el centralismo que se vive en todo orden de cosas, como por ejemplo los supermercados, que muchas veces cuesta que se instalen en poblaciones, siendo el principal problema de seguridad.<br \/>\nPues, esto mismo pasa con las farmacias, porque la mayor\u00eda est\u00e1n ubicadas dentro de las cuatro alamedas, exceptuando las que est\u00e1n dentro de los supermercados que se encuentran ubicados fuera de ellas, Tottus y Acuenta.<br \/>\nEs por ello, que los vecinos de sector norponiente de San Felipe, especialmente adultos mayores, consideran que ser\u00eda bueno que hubiese farmacias, m\u00e1s cerca de las poblaciones, quiz\u00e1s una en la esquina colorada que abarcara todo ese sector hacia el poniente.<br \/>\nPrincipalmente para ir en ayuda de los adultos mayores, quienes muchas veces necesitan comprar un medicamente urgente.<br \/>\nConversamos con algunas personas sobre la necesidad de contar con farmacias m\u00e1s cercanas, Amanda nos dijo \u00abclaro que s\u00ed, es necesario porque hay tanta poblaci\u00f3n por ac\u00e1 entonces para comprar un remedio hay que ir al centro y a veces uno no tiene tiempo o no puede, cuando estaba la farmacia ac\u00e1 en la avenida Chacabuco prestaba mucho servicio, yo creo que ser\u00eda conveniente\u00bb.<br \/>\nOtras de las vecinas Tatiana Araya, tambi\u00e9n coment\u00f3 sobre este tema \u00abs\u00ed yo creo que s\u00ed porque estar\u00eda m\u00e1s cerca porque San Felipe se ha agrandado hacia adentro, yo creo que debiera haber una farmacia mas cercas, eso es importante porque hay tanto ni\u00f1o (\u2026) tanta gente de edad, yo por ejemplo tengo que ir al centro a la que est\u00e1 de turno cuando es fin de semana, ser\u00eda muy importante tener una farmacia fuera de las cuatro alamedas\u00bb dice Tatiana.<br \/>\nMilton Cisternas, tambi\u00e9n opina lo mismo, especialmente por los adultos mayores \u00abCreo que si es necesario, especialmente para la gente adulta que le quede m\u00e1s cerca en realidad, yo creo que debiera haber una farmacia, por ejemplo en el caso m\u00edo y de los dem\u00e1s hay que ir al centro, para una persona joven no es problema pero para un adulto mayor\u00bb.<br \/>\nOtra persona que quiso dar su opini\u00f3n, destac\u00f3 \u00abyo creo que si hace muchas falta, ah\u00ed donde hay una carnicer\u00eda por ese lado andar\u00eda bien una (esquina colorada), si porque en la noche en caso de emergencia tiene que ir a la plaza porque no hay en estos alrededor, por eso estoy de acuerdo que hubiera una por ac\u00e1\u00bb expone.<\/p>\n","protected":false},"excerpt":{"rendered":"<p>El centralismo al parecer, est\u00e1 presente en el d\u00eda a d\u00eda de la gente, especialmente en nuestro pa\u00eds donde muchos dicen que \u2018Santiago es Chile\u2019, pues bien, a tanto llega el centralismo&#8230;<\/p>\n","protected":false},"author":1,"featured_media":76894,"comment_status":"open","ping_status":"open","sticky":false,"template":"","format":"standard","meta":{"advanced_seo_description":"","jetpack_seo_html_title":"","jetpack_seo_noindex":false,"_jetpack_memberships_contains_paid_content":false,"footnotes":""},"categories":[1],"tags":[],"class_list":["post-76893","post","type-post","status-publish","format-standard","has-post-thumbnail","hentry","category-cronica"],"jetpack_featured_media_url":"https:\/\/i0.wp.com\/eltrabajo.cl\/portal\/wp-content\/uploads\/2017\/01\/Amanda.jpg?fit=580%2C349&ssl=1","jetpack_sharing_enabled":true,"jetpack_likes_enabled":true,"jetpack-related-posts":[],"_links":{"self":[{"href":"https:\/\/eltrabajo.cl\/portal\/wp-json\/wp\/v2\/posts\/76893","targetHints":{"allow":["GET"]}}],"collection":[{"href":"https:\/\/eltrabajo.cl\/portal\/wp-json\/wp\/v2\/posts"}],"about":[{"href":"https:\/\/eltrabajo.cl\/portal\/wp-json\/wp\/v2\/types\/post"}],"author":[{"embeddable":true,"href":"https:\/\/eltrabajo.cl\/portal\/wp-json\/wp\/v2\/users\/1"}],"replies":[{"embeddable":true,"href":"https:\/\/eltrabajo.cl\/portal\/wp-json\/wp\/v2\/comments?post=76893"}],"version-history":[{"count":0,"href":"https:\/\/eltrabajo.cl\/portal\/wp-json\/wp\/v2\/posts\/76893\/revisions"}],"wp:featuredmedia":[{"embeddable":true,"href":"https:\/\/eltrabajo.cl\/portal\/wp-json\/wp\/v2\/media\/76894"}],"wp:attachment":[{"href":"https:\/\/eltrabajo.cl\/portal\/wp-json\/wp\/v2\/media?parent=76893"}],"wp:term":[{"taxonomy":"category","embeddable":true,"href":"https:\/\/eltrabajo.cl\/portal\/wp-json\/wp\/v2\/categories?post=76893"},{"taxonomy":"post_tag","embeddable":true,"href":"https:\/\/eltrabajo.cl\/portal\/wp-json\/wp\/v2\/tags?post=76893"}],"curies":[{"name":"wp","href":"https:\/\/api.w.org\/{rel}","templated":true}]}}