{"id":76908,"date":"2017-01-27T09:12:28","date_gmt":"2017-01-27T13:12:28","guid":{"rendered":"http:\/\/www.eltrabajo.cl\/2017\/?p=76908"},"modified":"2017-01-27T09:12:28","modified_gmt":"2017-01-27T13:12:28","slug":"un-total-de-55-familias-de-villa-cordillera-ya-cuentan-con-sistema-termo-solar-en-sus-viviendas","status":"publish","type":"post","link":"https:\/\/eltrabajo.cl\/portal\/un-total-de-55-familias-de-villa-cordillera-ya-cuentan-con-sistema-termo-solar-en-sus-viviendas\/","title":{"rendered":"Un total de 55 familias de Villa Cordillera ya cuentan con sistema termo solar en sus viviendas"},"content":{"rendered":"<figure id=\"attachment_76909\" aria-describedby=\"caption-attachment-76909\" style=\"width: 580px\" class=\"wp-caption alignnone\"><img data-recalc-dims=\"1\" loading=\"lazy\" decoding=\"async\" class=\"size-full wp-image-76909\" src=\"https:\/\/i0.wp.com\/www.eltrabajo.cl\/2017\/wp-content\/uploads\/2017\/01\/termosolares-1.jpg?resize=580%2C348\" alt=\"Alcalde Freire visit\u00f3 a los vecinos, quienes podr\u00e1n tener un ahorro significativo en el presupuesto familiar gracias a esta tecnolog\u00eda. \" width=\"580\" height=\"348\" srcset=\"https:\/\/i0.wp.com\/eltrabajo.cl\/portal\/wp-content\/uploads\/2017\/01\/termosolares-1.jpg?w=580&amp;ssl=1 580w, https:\/\/i0.wp.com\/eltrabajo.cl\/portal\/wp-content\/uploads\/2017\/01\/termosolares-1.jpg?resize=200%2C120&amp;ssl=1 200w, https:\/\/i0.wp.com\/eltrabajo.cl\/portal\/wp-content\/uploads\/2017\/01\/termosolares-1.jpg?resize=300%2C180&amp;ssl=1 300w, https:\/\/i0.wp.com\/eltrabajo.cl\/portal\/wp-content\/uploads\/2017\/01\/termosolares-1.jpg?resize=150%2C90&amp;ssl=1 150w\" sizes=\"auto, (max-width: 580px) 100vw, 580px\" \/><figcaption id=\"caption-attachment-76909\" class=\"wp-caption-text\">Alcalde Freire visit\u00f3 a los vecinos, quienes podr\u00e1n tener un ahorro significativo en el presupuesto familiar gracias a esta tecnolog\u00eda.<\/figcaption><\/figure>\n<p>Un proyecto pionero se est\u00e1 desarrollando en la villa Cordillera de San Felipe, donde 55 familias se organizaron en un comit\u00e9 y postularon a la instalaci\u00f3n del sistema de termos solares en sus viviendas, lo que les permite calefaccionar el agua de sus viviendas.<br \/>\nPara conocer el avance del proyecto, el alcalde Patricio Freire se traslad\u00f3 hasta una de las viviendas de este sector de la comuna, donde ya se encuentran instalados los equipos, a las que se sumar\u00e1n tambi\u00e9n alguna casas de la villa Bernardo Cruz, adem\u00e1s de otros sectores de San Felipe.<br \/>\nSeg\u00fan explic\u00f3 Felipe Godoy, encargado de la oficina municipal de la Vivienda, este tipo de tecnolog\u00eda se instala en toda la red de agua caliente y permite a los vecinos ahorrar entre un 70 y un 80% de gas al a\u00f1o.<br \/>\n\u201cEs un ahorro importante lo que se est\u00e1 generando aqu\u00ed. Este sistema se conecta a la red de agua fr\u00eda y se calienta el agua con la energ\u00eda solar, eso es bien importante saber que los equipos que se instalan con este tipo de subsidio est\u00e1n destinados a satisfacer las necesidades de una familia de tres o cuatro personas\u201d, se\u00f1al\u00f3 el profesional.<br \/>\nLos vecinos que ya cuentan con esta tecnolog\u00eda, han podido acceder al agua caliente en ba\u00f1os, cocina, lavaderos y en general en toda la red con que cuenta su vivienda, sistema que se ve favorecido por las condiciones clim\u00e1ticas que es posible observar en esta zona.<br \/>\nPara lograr contar con esta tecnolog\u00eda, los vecinos se organizaron en un comit\u00e9, que cuenta con 55 familias, quienes lograron obtener un subsidio de 50 UF, que entrega el Estado, a trav\u00e9s del Serviu, y que se enmarca en el Subsidio de Protecci\u00f3n del Patrimonio Familiar, donde los vecinos deben tener un ahorro de 3 UF, que bordea los 80 mil pesos.<br \/>\nComo los equipos se instalan sobre cubierta de zinc, los vecinos en algunos casos deber\u00e1n realizar el cambio de materialidad, siendo estos los \u00fanicos requisitos que deben cumplir para poder instalar un equipo que puede llegar a pesar cerca de 200 kilos con agua.<br \/>\nLos vecinos se encuentran felices con este avance, ya que les permitir\u00e1 lograr un ahorro del presupuesto familiar.<br \/>\n\u201cEl proceso empez\u00f3 cuando nos enteramos de todos estos nuevos subsidios y junto a los vecinos nos juntamos y dijimos es una buena idea y creamos el comit\u00e9. El trabajo con la Egis municipal ha sido espectacular, han gestionado muy bien el trabajo, nos sali\u00f3 r\u00e1pido. Empezaron en diciembre la instalaci\u00f3n y todav\u00eda no tenemos un mes, pero tenemos anotado cuando compramos el gas para ver la diferencia, de hecho yo no he prendido m\u00e1s el calefont\u201d, dijo la presidenta del comit\u00e9 Los Pioneros, Delfina Cort\u00e9s.<br \/>\nEl alcalde Patricio Freire, destac\u00f3 la participaci\u00f3n de los vecinos, quienes organizados han logrado varios beneficios en este tipo de proyectos.<br \/>\n\u201cAqu\u00ed hay una gesti\u00f3n muy importante, por esta asociatividad con los vecinos, con este comit\u00e9 que se forma y que son los pioneros en este sistema de ahorro de energ\u00eda, donde lo m\u00e1s importante es la econom\u00eda del hogar. Ojal\u00e1 la mayor parte de los vecinos de San Felipe tengan esta econom\u00eda gracias a la energ\u00eda solar\u201d, dijo el alcalde Patricio Freire.<\/p>\n<figure id=\"attachment_76910\" aria-describedby=\"caption-attachment-76910\" style=\"width: 580px\" class=\"wp-caption alignnone\"><img data-recalc-dims=\"1\" loading=\"lazy\" decoding=\"async\" class=\"size-full wp-image-76910\" src=\"https:\/\/i0.wp.com\/www.eltrabajo.cl\/2017\/wp-content\/uploads\/2017\/01\/termosolares-2.jpg?resize=580%2C348\" alt=\"Los vecinos que ya tienen instalados los paneles, han podido acceder al agua caliente en toda la red de agua con la que cuenta su vivienda, sistema que se ve favorecido por las condiciones clim\u00e1ticas que es posible observar en esta zona. \" width=\"580\" height=\"348\" srcset=\"https:\/\/i0.wp.com\/eltrabajo.cl\/portal\/wp-content\/uploads\/2017\/01\/termosolares-2.jpg?w=580&amp;ssl=1 580w, https:\/\/i0.wp.com\/eltrabajo.cl\/portal\/wp-content\/uploads\/2017\/01\/termosolares-2.jpg?resize=200%2C120&amp;ssl=1 200w, https:\/\/i0.wp.com\/eltrabajo.cl\/portal\/wp-content\/uploads\/2017\/01\/termosolares-2.jpg?resize=300%2C180&amp;ssl=1 300w, https:\/\/i0.wp.com\/eltrabajo.cl\/portal\/wp-content\/uploads\/2017\/01\/termosolares-2.jpg?resize=150%2C90&amp;ssl=1 150w\" sizes=\"auto, (max-width: 580px) 100vw, 580px\" \/><figcaption id=\"caption-attachment-76910\" class=\"wp-caption-text\">Los vecinos que ya tienen instalados los paneles, han podido acceder al agua caliente en toda la red de agua con la que cuenta su vivienda, sistema que se ve favorecido por las condiciones clim\u00e1ticas que es posible observar en esta zona.<\/figcaption><\/figure>\n","protected":false},"excerpt":{"rendered":"<p>Un proyecto pionero se est\u00e1 desarrollando en la villa Cordillera de San Felipe, donde 55 familias se organizaron en un comit\u00e9 y postularon a la instalaci\u00f3n del sistema de termos solares en&#8230;<\/p>\n","protected":false},"author":1,"featured_media":76909,"comment_status":"open","ping_status":"open","sticky":false,"template":"","format":"standard","meta":{"advanced_seo_description":"","jetpack_seo_html_title":"","jetpack_seo_noindex":false,"_jetpack_memberships_contains_paid_content":false,"footnotes":""},"categories":[1],"tags":[],"class_list":["post-76908","post","type-post","status-publish","format-standard","has-post-thumbnail","hentry","category-cronica"],"jetpack_featured_media_url":"https:\/\/i0.wp.com\/eltrabajo.cl\/portal\/wp-content\/uploads\/2017\/01\/termosolares-1.jpg?fit=580%2C348&ssl=1","jetpack_sharing_enabled":true,"jetpack_likes_enabled":true,"jetpack-related-posts":[],"_links":{"self":[{"href":"https:\/\/eltrabajo.cl\/portal\/wp-json\/wp\/v2\/posts\/76908","targetHints":{"allow":["GET"]}}],"collection":[{"href":"https:\/\/eltrabajo.cl\/portal\/wp-json\/wp\/v2\/posts"}],"about":[{"href":"https:\/\/eltrabajo.cl\/portal\/wp-json\/wp\/v2\/types\/post"}],"author":[{"embeddable":true,"href":"https:\/\/eltrabajo.cl\/portal\/wp-json\/wp\/v2\/users\/1"}],"replies":[{"embeddable":true,"href":"https:\/\/eltrabajo.cl\/portal\/wp-json\/wp\/v2\/comments?post=76908"}],"version-history":[{"count":0,"href":"https:\/\/eltrabajo.cl\/portal\/wp-json\/wp\/v2\/posts\/76908\/revisions"}],"wp:featuredmedia":[{"embeddable":true,"href":"https:\/\/eltrabajo.cl\/portal\/wp-json\/wp\/v2\/media\/76909"}],"wp:attachment":[{"href":"https:\/\/eltrabajo.cl\/portal\/wp-json\/wp\/v2\/media?parent=76908"}],"wp:term":[{"taxonomy":"category","embeddable":true,"href":"https:\/\/eltrabajo.cl\/portal\/wp-json\/wp\/v2\/categories?post=76908"},{"taxonomy":"post_tag","embeddable":true,"href":"https:\/\/eltrabajo.cl\/portal\/wp-json\/wp\/v2\/tags?post=76908"}],"curies":[{"name":"wp","href":"https:\/\/api.w.org\/{rel}","templated":true}]}}