{"id":76915,"date":"2017-01-27T09:16:03","date_gmt":"2017-01-27T13:16:03","guid":{"rendered":"http:\/\/www.eltrabajo.cl\/2017\/?p=76915"},"modified":"2017-01-27T09:16:03","modified_gmt":"2017-01-27T13:16:03","slug":"agresion-contra-ciudadanos-haitianos-en-villa-santa-teresita-no-habria-tenido-caracter-xenofobo","status":"publish","type":"post","link":"https:\/\/eltrabajo.cl\/portal\/agresion-contra-ciudadanos-haitianos-en-villa-santa-teresita-no-habria-tenido-caracter-xenofobo\/","title":{"rendered":"Agresi\u00f3n contra ciudadanos haitianos en Villa Santa Teresita no habr\u00eda tenido \u2018car\u00e1cter xen\u00f3fobo\u2019"},"content":{"rendered":"<figure id=\"attachment_76916\" aria-describedby=\"caption-attachment-76916\" style=\"width: 580px\" class=\"wp-caption alignnone\"><img data-recalc-dims=\"1\" loading=\"lazy\" decoding=\"async\" class=\"size-full wp-image-76916\" src=\"https:\/\/i0.wp.com\/www.eltrabajo.cl\/2017\/wp-content\/uploads\/2017\/01\/eduardo-leon.jpg?resize=580%2C348\" alt=\"Eduardo Le\u00f3n Lazcano, Gobernador de la Provincia de San Felipe.\" width=\"580\" height=\"348\" srcset=\"https:\/\/i0.wp.com\/eltrabajo.cl\/portal\/wp-content\/uploads\/2017\/01\/eduardo-leon.jpg?w=580&amp;ssl=1 580w, https:\/\/i0.wp.com\/eltrabajo.cl\/portal\/wp-content\/uploads\/2017\/01\/eduardo-leon.jpg?resize=200%2C120&amp;ssl=1 200w, https:\/\/i0.wp.com\/eltrabajo.cl\/portal\/wp-content\/uploads\/2017\/01\/eduardo-leon.jpg?resize=300%2C180&amp;ssl=1 300w, https:\/\/i0.wp.com\/eltrabajo.cl\/portal\/wp-content\/uploads\/2017\/01\/eduardo-leon.jpg?resize=150%2C90&amp;ssl=1 150w\" sizes=\"auto, (max-width: 580px) 100vw, 580px\" \/><figcaption id=\"caption-attachment-76916\" class=\"wp-caption-text\">Eduardo Le\u00f3n Lazcano, Gobernador de la Provincia de San Felipe.<\/figcaption><\/figure>\n<ul>\n<li><strong>Altercado vecinal dej\u00f3 muy afectados a los ciudadanos extranjeros, quienes est\u00e1n recibiendo apoyo desde la misma Gobernaci\u00f3n y de una Iglesia Evang\u00e9lica para encontrar otro lugar donde vivir.<\/strong><\/li>\n<\/ul>\n<p>Buscando un nuevo lugar d\u00f3nde vivir y a la espera que la justicia desarrolle la investigaci\u00f3n correspondiente, se encontrar\u00eda el grupo de haitianos que hace exactamente una semana denunci\u00f3 haber sido v\u00edctimas de una brutal golpiza por parte de sus vecinos chilenos en Villa Santa Teresita de San Felipe.<br \/>\nLuego del bochornoso incidente, \u2018se especul\u00f3\u2019 que las agresiones propinadas a los migrantes habr\u00edan estado fundamentadas en el racismo, sin embargo con el pasar de los d\u00edas se confirm\u00f3 que el hecho se produjo a ra\u00edz de una diferencia de opiniones, en la cual los ciudadanos extranjeros sacaron la peor parte.<br \/>\nAs\u00ed al menos lo inform\u00f3 el gobernador de San Felipe, Eduardo Le\u00f3n, quien detall\u00f3 que \u201cnos hicimos presente con Carabineros para pesquisar la situaci\u00f3n, efectivamente fue una ri\u00f1a de car\u00e1cter vecinal, ambas partes han reconocido el car\u00e1cter de esta situaci\u00f3n, descartamos completamente que sea un ataque xen\u00f3fobo y de manera concertada por el s\u00f3lo hecho de ser migrantes, fue un problema espont\u00e1neo (\u2026)\u201d, puntualiz\u00f3 Le\u00f3n.<br \/>\nDe acuerdo con lo informado por la m\u00e1xima autoridad provincial, desde ese d\u00eda \u201cCarabineros ha estado presente y va a seguir vigilando el lugar\u201d, y adem\u00e1s, la misma Gobernaci\u00f3n en coordinaci\u00f3n con una Iglesia Evang\u00e9lica, les ha prestado la ayuda necesaria para poder encontrarles un nuevo lugar donde residir, puesto que,\u201cellos quedaron bastante choqueados, porque no esperaban vivir esta situaci\u00f3n, ellos est\u00e1n llegando a un pa\u00eds muy distinto, con otro idioma, hay cosas que no entienden, as\u00ed que vamos a seguir apoy\u00e1ndolos\u201d, enfatiz\u00f3 el gobernador de San Felipe.<br \/>\nRespecto a qu\u00e9 tipo de acciones legales se llevar\u00e1n a efecto, Le\u00f3n precis\u00f3 que ser\u00e1 la justicia quien se haga cargo del proceso de investigaci\u00f3n y de identificar de qu\u00e9 tipo de delito fueron v\u00edctimas estas personas, mientras que, \u201ccomo Gobernaci\u00f3n hemos pedido los antecedentes a Carabineros para saber si es pertinente o no que coloquemos una querella, si podemos lo vamos a hacer, sino, ellos (los ciudadanos haitianos) est\u00e1n tambi\u00e9n en libertad de colocarla\u201d, concluy\u00f3 la autoridad.<\/p>\n","protected":false},"excerpt":{"rendered":"<p>Altercado vecinal dej\u00f3 muy afectados a los ciudadanos extranjeros, quienes est\u00e1n recibiendo apoyo desde la misma Gobernaci\u00f3n y de una Iglesia Evang\u00e9lica para encontrar otro lugar donde vivir. Buscando un nuevo lugar&#8230;<\/p>\n","protected":false},"author":1,"featured_media":76916,"comment_status":"open","ping_status":"open","sticky":false,"template":"","format":"standard","meta":{"advanced_seo_description":"","jetpack_seo_html_title":"","jetpack_seo_noindex":false,"_jetpack_memberships_contains_paid_content":false,"footnotes":""},"categories":[1],"tags":[],"class_list":["post-76915","post","type-post","status-publish","format-standard","has-post-thumbnail","hentry","category-cronica"],"jetpack_featured_media_url":"https:\/\/i0.wp.com\/eltrabajo.cl\/portal\/wp-content\/uploads\/2017\/01\/eduardo-leon.jpg?fit=580%2C348&ssl=1","jetpack_sharing_enabled":true,"jetpack_likes_enabled":true,"jetpack-related-posts":[],"_links":{"self":[{"href":"https:\/\/eltrabajo.cl\/portal\/wp-json\/wp\/v2\/posts\/76915","targetHints":{"allow":["GET"]}}],"collection":[{"href":"https:\/\/eltrabajo.cl\/portal\/wp-json\/wp\/v2\/posts"}],"about":[{"href":"https:\/\/eltrabajo.cl\/portal\/wp-json\/wp\/v2\/types\/post"}],"author":[{"embeddable":true,"href":"https:\/\/eltrabajo.cl\/portal\/wp-json\/wp\/v2\/users\/1"}],"replies":[{"embeddable":true,"href":"https:\/\/eltrabajo.cl\/portal\/wp-json\/wp\/v2\/comments?post=76915"}],"version-history":[{"count":0,"href":"https:\/\/eltrabajo.cl\/portal\/wp-json\/wp\/v2\/posts\/76915\/revisions"}],"wp:featuredmedia":[{"embeddable":true,"href":"https:\/\/eltrabajo.cl\/portal\/wp-json\/wp\/v2\/media\/76916"}],"wp:attachment":[{"href":"https:\/\/eltrabajo.cl\/portal\/wp-json\/wp\/v2\/media?parent=76915"}],"wp:term":[{"taxonomy":"category","embeddable":true,"href":"https:\/\/eltrabajo.cl\/portal\/wp-json\/wp\/v2\/categories?post=76915"},{"taxonomy":"post_tag","embeddable":true,"href":"https:\/\/eltrabajo.cl\/portal\/wp-json\/wp\/v2\/tags?post=76915"}],"curies":[{"name":"wp","href":"https:\/\/api.w.org\/{rel}","templated":true}]}}