{"id":76918,"date":"2017-01-30T08:56:04","date_gmt":"2017-01-30T12:56:04","guid":{"rendered":"http:\/\/www.eltrabajo.cl\/2017\/?p=76918"},"modified":"2017-01-30T08:56:04","modified_gmt":"2017-01-30T12:56:04","slug":"entidades-publicas-trabajan-para-brindar-a-migrantes-mejor-acceso-a-beneficios-del-estado","status":"publish","type":"post","link":"https:\/\/eltrabajo.cl\/portal\/entidades-publicas-trabajan-para-brindar-a-migrantes-mejor-acceso-a-beneficios-del-estado\/","title":{"rendered":"Entidades p\u00fablicas trabajan para brindar a migrantes mejor acceso a beneficios del Estado"},"content":{"rendered":"<figure id=\"attachment_76919\" aria-describedby=\"caption-attachment-76919\" style=\"width: 580px\" class=\"wp-caption alignnone\"><img data-recalc-dims=\"1\" loading=\"lazy\" decoding=\"async\" class=\"size-full wp-image-76919\" src=\"https:\/\/i0.wp.com\/www.eltrabajo.cl\/2017\/wp-content\/uploads\/2017\/01\/Foto-1-En-dependencias-del-Servicio-de-Salud-Aconcagua.jpg?resize=580%2C350\" alt=\"En dependencias del Servicio de Salud Aconcagua, se desarroll\u00f3 Consejo T\u00e9cnico Asesor, en el cual se discuti\u00f3 la forma en c\u00f3mo facilitar el acceso de los migrantes a los diferentes Servicios P\u00fablicos.\" width=\"580\" height=\"350\" srcset=\"https:\/\/i0.wp.com\/eltrabajo.cl\/portal\/wp-content\/uploads\/2017\/01\/Foto-1-En-dependencias-del-Servicio-de-Salud-Aconcagua.jpg?w=580&amp;ssl=1 580w, https:\/\/i0.wp.com\/eltrabajo.cl\/portal\/wp-content\/uploads\/2017\/01\/Foto-1-En-dependencias-del-Servicio-de-Salud-Aconcagua.jpg?resize=200%2C121&amp;ssl=1 200w, https:\/\/i0.wp.com\/eltrabajo.cl\/portal\/wp-content\/uploads\/2017\/01\/Foto-1-En-dependencias-del-Servicio-de-Salud-Aconcagua.jpg?resize=300%2C181&amp;ssl=1 300w, https:\/\/i0.wp.com\/eltrabajo.cl\/portal\/wp-content\/uploads\/2017\/01\/Foto-1-En-dependencias-del-Servicio-de-Salud-Aconcagua.jpg?resize=150%2C91&amp;ssl=1 150w\" sizes=\"auto, (max-width: 580px) 100vw, 580px\" \/><figcaption id=\"caption-attachment-76919\" class=\"wp-caption-text\">En dependencias del Servicio de Salud Aconcagua, se desarroll\u00f3 Consejo T\u00e9cnico Asesor, en el cual se discuti\u00f3 la forma en c\u00f3mo facilitar el acceso de los migrantes a los diferentes Servicios P\u00fablicos.<\/figcaption><\/figure>\n<ul>\n<li><strong><span style=\"color: #ff0000;\">Comit\u00e9 T\u00e9cnico Asesor fue convocado por la Gobernaci\u00f3n Provincial de San Felipe:<\/span>\u00a0Extranjeros deben obtener su c\u00e9dula nacional de identidad e inscribirse inmediatamente en el RSH, herramienta que permite focalizar y canalizar las pol\u00edticas sociales.<\/strong><\/li>\n<\/ul>\n<p>Con la idea de mejorar la coordinaci\u00f3n e integraci\u00f3n mutua entre los Servicios P\u00fablicos y las personas migrantes, la Gobernaci\u00f3n de San Felipe, convoc\u00f3 a los distintos servicios p\u00fablicos de la zona, a participar de un Comit\u00e9 T\u00e9cnico Asesor, CTA, reuni\u00f3n que se desarroll\u00f3 este viernes en dependencias del Servicio de Salud Aconcagua, SSA.<br \/>\nA la cita acudieron representantes de las Omil (Oficinas Municipales Intermediaci\u00f3n Laboral), Centros de Salud Familiar (Cesfam), Sence (Servicio Nacional de Capacitaci\u00f3n y Empleo), entre otros.<br \/>\nUno de los t\u00f3picos que se discuti\u00f3 en la oportunidad, fue la forma en c\u00f3mo los extranjeros residentes en el Valle de Aconcagua pueden acceder a los beneficios que el Gobierno de Chile a dispuesto para todos los habitantes del territorio nacional, requisito que se reduce a que la persona solicitante debe estar inscrita en el Registro Social de Hogares, RSH.<br \/>\nAs\u00ed lo detall\u00f3 Abel Gallardo, Seremi de Desarrollo Social, quien explic\u00f3 que \u201cbasta con que un extranjero en Chile obtenga su carnet de identidad, para autom\u00e1ticamente solicitar su incorporaci\u00f3n al RSH, esa es una gesti\u00f3n que hacen en la municipalidad respectiva y a contar de all\u00ed empieza a operar todo el conjunto de prestaciones sociales como para cualquier otro chileno, porque nos interesa acogerlos y adem\u00e1s que sus derechos sean respetados\u201d, sostuvo el personero.<br \/>\nEn ese mismo contexto, el gobernador de San Felipe, Eduardo Le\u00f3n, se encarg\u00f3 de recordar que \u201cpor cada migrante que hay en nuestro pa\u00eds, hay dos chilenos viviendo en el extranjero, buscando trabajo y oportunidades\u201d, de ah\u00ed que se torna fundamental sensibilizar a la comunidad respecto de la igualdad con la que deben ser tratadas estas personas y para eso \u2013dijo-, \u201ces necesario seguir coordinando, no s\u00f3lo con las instituciones del Estado, sino tambi\u00e9n con las organizaciones de la sociedad civil como los son las Juntas de Vecinos y las Iglesias Cat\u00f3lica y Evang\u00e9lica.<br \/>\n\u201cHemos visto como ha aumentado la concurrencia de migrantes: venezolanos, colombianos, haitianos; a nuestro pa\u00eds, principalmente por el tema laboral espec\u00edficamente en faenas agr\u00edcolas, la idea de esta reuni\u00f3n es coordinar a los servicios p\u00fablicos y ver c\u00f3mo las prestaciones se integran a los migrantes, la idea del Gobierno es integrarlos con deberes y derechos. Hay que recordar que un migrante que trabaja est\u00e1 pagando todas sus cotizaciones, por lo tanto, tiene derecho a la salud y a otras prestaciones\u201d, expres\u00f3 la m\u00e1xima autoridad provincial.<br \/>\nRespecto del evidente crecimiento que ha experimentado la poblaci\u00f3n migrante en la zona de Aconcagua, el Seremi de Desarrollo Social, afirm\u00f3 que esta impresi\u00f3n no se condice con las cifras arrojadas por la \u00faltima encuesta Casen (Encuesta de Caracterizaci\u00f3n Socioecon\u00f3mica nacional) a nivel regional, estudio que no muestra grandes variaciones en comparaci\u00f3n con la encuesta realizada el a\u00f1o 2013.<br \/>\n\u201cEl tema de la migraci\u00f3n es una realidad creciente en el pa\u00eds y hay datos que as\u00ed lo confirman, sin embargo, yo quiero decir que en la regi\u00f3n de Valpara\u00edso, seg\u00fan la \u00faltima encuesta Casen, el n\u00famero de extranjeros viviendo en la regi\u00f3n se mantiene inalterado, respecto de las cifras del a\u00f1o 2013, no tenemos mayor n\u00famero de inmigrantes, probablemente lo que s\u00ed haya cambiado es el color de la piel de las personas que llegan a vivir entre nosotros\u201d, puntualiz\u00f3 el Seremi.<br \/>\nFinalmente Gallardo sostuvo que, otra de las fotograf\u00edas que muestra \u00faltima Casen, es que \u201clos extranjeros que llegan a vivir a nuestro pa\u00eds en promedio tienen m\u00e1s a\u00f1os de escolaridad que los chilenos y tienen tambi\u00e9n en un porcentaje importante, estudios universitarios completos e incompletos\u201d, de ah\u00ed que sean considerados \u201cun aporte para la sociedad chilena, para el desarrollo del pa\u00eds y la regi\u00f3n\u201d y por lo tanto, -afirm\u00f3- que es vital que las autoridades trabajen para que las pol\u00edticas sociales lleguen sin distinci\u00f3n a chilenos y extranjeros.<\/p>\n<p>&nbsp;<\/p>\n","protected":false},"excerpt":{"rendered":"<p>Comit\u00e9 T\u00e9cnico Asesor fue convocado por la Gobernaci\u00f3n Provincial de San Felipe:\u00a0Extranjeros deben obtener su c\u00e9dula nacional de identidad e inscribirse inmediatamente en el RSH, herramienta que permite focalizar y canalizar las&#8230;<\/p>\n","protected":false},"author":1,"featured_media":76919,"comment_status":"open","ping_status":"open","sticky":false,"template":"","format":"standard","meta":{"advanced_seo_description":"","jetpack_seo_html_title":"","jetpack_seo_noindex":false,"_jetpack_memberships_contains_paid_content":false,"footnotes":""},"categories":[37],"tags":[],"class_list":["post-76918","post","type-post","status-publish","format-standard","has-post-thumbnail","hentry","category-sin-categoria"],"jetpack_featured_media_url":"https:\/\/i0.wp.com\/eltrabajo.cl\/portal\/wp-content\/uploads\/2017\/01\/Foto-1-En-dependencias-del-Servicio-de-Salud-Aconcagua.jpg?fit=580%2C350&ssl=1","jetpack_sharing_enabled":true,"jetpack_likes_enabled":true,"jetpack-related-posts":[],"_links":{"self":[{"href":"https:\/\/eltrabajo.cl\/portal\/wp-json\/wp\/v2\/posts\/76918","targetHints":{"allow":["GET"]}}],"collection":[{"href":"https:\/\/eltrabajo.cl\/portal\/wp-json\/wp\/v2\/posts"}],"about":[{"href":"https:\/\/eltrabajo.cl\/portal\/wp-json\/wp\/v2\/types\/post"}],"author":[{"embeddable":true,"href":"https:\/\/eltrabajo.cl\/portal\/wp-json\/wp\/v2\/users\/1"}],"replies":[{"embeddable":true,"href":"https:\/\/eltrabajo.cl\/portal\/wp-json\/wp\/v2\/comments?post=76918"}],"version-history":[{"count":0,"href":"https:\/\/eltrabajo.cl\/portal\/wp-json\/wp\/v2\/posts\/76918\/revisions"}],"wp:featuredmedia":[{"embeddable":true,"href":"https:\/\/eltrabajo.cl\/portal\/wp-json\/wp\/v2\/media\/76919"}],"wp:attachment":[{"href":"https:\/\/eltrabajo.cl\/portal\/wp-json\/wp\/v2\/media?parent=76918"}],"wp:term":[{"taxonomy":"category","embeddable":true,"href":"https:\/\/eltrabajo.cl\/portal\/wp-json\/wp\/v2\/categories?post=76918"},{"taxonomy":"post_tag","embeddable":true,"href":"https:\/\/eltrabajo.cl\/portal\/wp-json\/wp\/v2\/tags?post=76918"}],"curies":[{"name":"wp","href":"https:\/\/api.w.org\/{rel}","templated":true}]}}