{"id":76921,"date":"2017-01-30T09:20:21","date_gmt":"2017-01-30T13:20:21","guid":{"rendered":"http:\/\/www.eltrabajo.cl\/2017\/?p=76921"},"modified":"2017-01-30T09:20:21","modified_gmt":"2017-01-30T13:20:21","slug":"camioneros-pretenden-llenar-dos-camiones-con-ayuda-a-los-damnificados-del-sur","status":"publish","type":"post","link":"https:\/\/eltrabajo.cl\/portal\/camioneros-pretenden-llenar-dos-camiones-con-ayuda-a-los-damnificados-del-sur\/","title":{"rendered":"Camioneros pretenden llenar dos camiones con ayuda a los damnificados del Sur"},"content":{"rendered":"<figure id=\"attachment_76922\" aria-describedby=\"caption-attachment-76922\" style=\"width: 580px\" class=\"wp-caption alignnone\"><img data-recalc-dims=\"1\" loading=\"lazy\" decoding=\"async\" class=\"size-full wp-image-76922\" src=\"https:\/\/i0.wp.com\/www.eltrabajo.cl\/2017\/wp-content\/uploads\/2017\/01\/asoducam.jpg?resize=580%2C350\" alt=\"Hasta este mi\u00e9rcoles, dura la campa\u00f1a de Asoducam. En la foto uno de los camiones afuera de las oficinas en avenida Chacabuco 84 San Felipe.\" width=\"580\" height=\"350\" srcset=\"https:\/\/i0.wp.com\/eltrabajo.cl\/portal\/wp-content\/uploads\/2017\/01\/asoducam.jpg?w=580&amp;ssl=1 580w, https:\/\/i0.wp.com\/eltrabajo.cl\/portal\/wp-content\/uploads\/2017\/01\/asoducam.jpg?resize=200%2C121&amp;ssl=1 200w, https:\/\/i0.wp.com\/eltrabajo.cl\/portal\/wp-content\/uploads\/2017\/01\/asoducam.jpg?resize=300%2C181&amp;ssl=1 300w, https:\/\/i0.wp.com\/eltrabajo.cl\/portal\/wp-content\/uploads\/2017\/01\/asoducam.jpg?resize=150%2C91&amp;ssl=1 150w\" sizes=\"auto, (max-width: 580px) 100vw, 580px\" \/><figcaption id=\"caption-attachment-76922\" class=\"wp-caption-text\">Hasta este mi\u00e9rcoles, dura la campa\u00f1a de Asoducam. En la foto uno de los camiones afuera de las oficinas en avenida Chacabuco 84 San Felipe.<\/figcaption><\/figure>\n<p>Dos camiones son los que pretenden llenar la Asociaci\u00f3n Gremial de Due\u00f1os de Camiones Asoducam, para ir en ayuda de los damnificados por los incendios en el sur de Chile.<br \/>\nAs\u00ed lo informo el presidente del gremio Ra\u00fal Malfanty, quien dijo \u201cque debido a la tragedia provocada por los incendios forestales que han consumido miles de hect\u00e1reas en zona centro sur de nuestro pa\u00eds, la asociaci\u00f3n gremial de due\u00f1os de camiones de San Felipe tiene habilitado uno de sus salones para recolectar ayuda, tanto para los afectados, vecinos, mascotas y animales de pastoreo\u201d sostuvo.<br \/>\nAdem\u00e1s de recolectar ayuda para Bomberos, brigadistas y personal de emergencia, solicitando agua embotellada, bebidas isot\u00f3nicas y barras de cereales.<br \/>\nMientras que para los afectados pueden ser pa\u00f1ales para adultos y ni\u00f1os, alimentos no perecibles, \u00fatiles de aseo, como toallas, jab\u00f3n, shampoo, insumos m\u00e9dicos, alimentos para mascotas, mascarillas, guantes quir\u00fargicos, bloqueador, solar, pomadas para las quemaduras, analg\u00e9sicos y bloqueador solar.<br \/>\nEl dirigente hizo especial \u00e9nfasis en que no pueden recibir ropa de vestir porque no tienen personal para poder clasificarlas, no as\u00ed ropa de cama como frazadas.<br \/>\nLa campa\u00f1a la terminan este d\u00eda mi\u00e9rcoles 01 de febrero, son dos camiones los que pretender llenar con ayuda, para irse al sur.<\/p>\n<p><strong>HORARIOS PARA RECIBIR LA AYUDA<\/strong><br \/>\nLunes a Viernes desde las 09:00 a 13:00 horas, y en la tarde de 14:30 a 18:00 horas.<br \/>\nEn horario de cancha de 19:00 a 22:00 horas.<br \/>\nTel\u00e9fono de contacto 34 2 511386, las oficinas de Asoducam est\u00e1n ubicadas en la Avenida Chacabuco N\u00ba 84.<br \/>\nReiter\u00f3 el dirigente, que ropa de vestir no est\u00e1n recibieron porque no tienen personal para poder clasificarla.<\/p>\n","protected":false},"excerpt":{"rendered":"<p>Dos camiones son los que pretenden llenar la Asociaci\u00f3n Gremial de Due\u00f1os de Camiones Asoducam, para ir en ayuda de los damnificados por los incendios en el sur de Chile. As\u00ed lo&#8230;<\/p>\n","protected":false},"author":1,"featured_media":76922,"comment_status":"open","ping_status":"open","sticky":false,"template":"","format":"standard","meta":{"advanced_seo_description":"","jetpack_seo_html_title":"","jetpack_seo_noindex":false,"_jetpack_memberships_contains_paid_content":false,"footnotes":""},"categories":[1],"tags":[],"class_list":["post-76921","post","type-post","status-publish","format-standard","has-post-thumbnail","hentry","category-cronica"],"jetpack_featured_media_url":"https:\/\/i0.wp.com\/eltrabajo.cl\/portal\/wp-content\/uploads\/2017\/01\/asoducam.jpg?fit=580%2C350&ssl=1","jetpack_sharing_enabled":true,"jetpack_likes_enabled":true,"jetpack-related-posts":[],"_links":{"self":[{"href":"https:\/\/eltrabajo.cl\/portal\/wp-json\/wp\/v2\/posts\/76921","targetHints":{"allow":["GET"]}}],"collection":[{"href":"https:\/\/eltrabajo.cl\/portal\/wp-json\/wp\/v2\/posts"}],"about":[{"href":"https:\/\/eltrabajo.cl\/portal\/wp-json\/wp\/v2\/types\/post"}],"author":[{"embeddable":true,"href":"https:\/\/eltrabajo.cl\/portal\/wp-json\/wp\/v2\/users\/1"}],"replies":[{"embeddable":true,"href":"https:\/\/eltrabajo.cl\/portal\/wp-json\/wp\/v2\/comments?post=76921"}],"version-history":[{"count":0,"href":"https:\/\/eltrabajo.cl\/portal\/wp-json\/wp\/v2\/posts\/76921\/revisions"}],"wp:featuredmedia":[{"embeddable":true,"href":"https:\/\/eltrabajo.cl\/portal\/wp-json\/wp\/v2\/media\/76922"}],"wp:attachment":[{"href":"https:\/\/eltrabajo.cl\/portal\/wp-json\/wp\/v2\/media?parent=76921"}],"wp:term":[{"taxonomy":"category","embeddable":true,"href":"https:\/\/eltrabajo.cl\/portal\/wp-json\/wp\/v2\/categories?post=76921"},{"taxonomy":"post_tag","embeddable":true,"href":"https:\/\/eltrabajo.cl\/portal\/wp-json\/wp\/v2\/tags?post=76921"}],"curies":[{"name":"wp","href":"https:\/\/api.w.org\/{rel}","templated":true}]}}