{"id":76924,"date":"2017-01-30T09:21:31","date_gmt":"2017-01-30T13:21:31","guid":{"rendered":"http:\/\/www.eltrabajo.cl\/2017\/?p=76924"},"modified":"2017-01-30T09:21:31","modified_gmt":"2017-01-30T13:21:31","slug":"municipio-inicia-hoy-la-campana-san-felipe-ayuda-chile","status":"publish","type":"post","link":"https:\/\/eltrabajo.cl\/portal\/municipio-inicia-hoy-la-campana-san-felipe-ayuda-chile\/","title":{"rendered":"Municipio inicia hoy la campa\u00f1a \u2018San Felipe Ayuda Chile\u2019"},"content":{"rendered":"<figure id=\"attachment_76926\" aria-describedby=\"caption-attachment-76926\" style=\"width: 580px\" class=\"wp-caption alignnone\"><img data-recalc-dims=\"1\" loading=\"lazy\" decoding=\"async\" class=\"size-full wp-image-76926\" src=\"https:\/\/i0.wp.com\/www.eltrabajo.cl\/2017\/wp-content\/uploads\/2017\/01\/Modelitos1.jpg?resize=580%2C349\" alt=\"BELLAS Y DE BUEN CORAZ\u00d3N.- Estas jovencitas, todas ellas modelos, llegaron tambi\u00e9n con sus aportes al cuartel de Bomberos.\" width=\"580\" height=\"349\" srcset=\"https:\/\/i0.wp.com\/eltrabajo.cl\/portal\/wp-content\/uploads\/2017\/01\/Modelitos1.jpg?w=580&amp;ssl=1 580w, https:\/\/i0.wp.com\/eltrabajo.cl\/portal\/wp-content\/uploads\/2017\/01\/Modelitos1.jpg?resize=200%2C120&amp;ssl=1 200w, https:\/\/i0.wp.com\/eltrabajo.cl\/portal\/wp-content\/uploads\/2017\/01\/Modelitos1.jpg?resize=300%2C181&amp;ssl=1 300w, https:\/\/i0.wp.com\/eltrabajo.cl\/portal\/wp-content\/uploads\/2017\/01\/Modelitos1.jpg?resize=150%2C90&amp;ssl=1 150w\" sizes=\"auto, (max-width: 580px) 100vw, 580px\" \/><figcaption id=\"caption-attachment-76926\" class=\"wp-caption-text\">BELLAS Y DE BUEN CORAZ\u00d3N.- Estas jovencitas, todas ellas modelos, llegaron tambi\u00e9n con sus aportes al cuartel de Bomberos.<\/figcaption><\/figure>\n<ul>\n<li><strong>Festival Palmenia Pizarro ser\u00e1 este fin de semana y todos podemos aportar donativo a la entrada del estadio municipal. Bomberos de San Felipe tambi\u00e9n trabajando por hermanos del sur.<\/strong><\/li>\n<\/ul>\n<p>Hoy lunes dar\u00e1 inicio la campa\u00f1a \u2018San Felipe Ayuda Chile\u2019, campa\u00f1a oficial e ininterrumpida por parte del Municipio de San Felipe en la que todos los sanfelipe\u00f1os, encabezados por el propio alcalde Patricio Freire Canto y su equipo de trabajo, coordinar\u00e1n acciones directas con las juntas vecinales, escuelas, empresas particulares, instituciones de bien social y p\u00fablico en general, a fin de hacer acopio de alimentos no perecibles; ropa en buen estado y agua embotellada entre otras cosas, para que dichos recursos puedan llegar lo antes posible a una de las tantas comunas afectadas (posiblemente Los Aromos, o Constituci\u00f3n) por los estragos generados los incendios forestales y estructurales que actualmente se desarrollan en tierras del sur de nuestro pa\u00eds.<\/p>\n<p><strong>TODOS UNIDOS<\/strong><br \/>\nAs\u00ed lo dio a conocer en Exclusiva a Diario El Trabajo el alcalde Patricio Freire, \u00absi bien es cierto, que desde hace una semana nuestro municipio viene haciendo acopio de los recursos que los sanfelipe\u00f1os nos entregan para hermanos del sur, no es sino hasta este lunes cuando iniciaremos oficialmente esta campa\u00f1a indefinida para auxiliar a estos chilenos en desgracia, es por ello que todo nuestro personal de Dideco y otros departamentos municipales se abocar\u00e1n para recibir, en el Salinas 381, toda aquella ayuda que los sanfelipe\u00f1os aporten durante toda esta campa\u00f1a\u00bb, dijo Freire a nuestro medio.<br \/>\nSeg\u00fan Freire, esta emergencia pone a prueba el coraz\u00f3n de todos los chilenos, \u00aby por eso los sanfelipe\u00f1os no podemos desviar la mirada ante el clamor de estos hermanos chilenos, el Municipio tambi\u00e9n estar\u00e1 aportando recursos, adem\u00e1s del transporte y log\u00edstica que estamos desarrollando con municipalidades de las comunas afectadas, tambi\u00e9n quiero pedirles a los sanfelipe\u00f1os, que no se olviden de alimentos para mascotas, pues estos animalitos son tambi\u00e9n los m\u00e1s afectados, pues no tienen c\u00f3mo pedir auxilio ni autovalerse cuando est\u00e1n heridos\u00bb, dijo el edil sanfelipe\u00f1o a Diario El Trabajo.<\/p>\n<p><strong>VAMOS AL PALMENIA<\/strong><br \/>\nEste mes de febrero, en pocos d\u00edas, se estar\u00e1 realizando el Festival Palmenia Pizarro 2017 (viernes 3 y s\u00e1bado 4 de febrero), evento que tambi\u00e9n ser\u00e1 la plataforma perfecta para el acopio de recursos para esta campa\u00f1a \u2018San Felipe Ayuda Chile\u2019.<br \/>\nEl alcalde se\u00f1al\u00f3 que tambi\u00e9n est\u00e1n desarrollando un trabajo coordinado con Bomberos de San Felipe, \u00abas\u00ed es, para este festival Palmenia Pizarro estaremos solicitando a quienes lleguen, que por favor aporten alguna donaci\u00f3n, una botella de agua, atunes, materiales para construcci\u00f3n, mantas, zapatos, lo que puedan traer para estas personas damnificadas, eso ser\u00e1 a la entrada del estadio municipal tambi\u00e9n estaremos disponiendo de un bus municipal para el traslado de Bomberos a las zonas afectadas; tenemos ya un canal abierto con algunos sindicatos de camioneros, para que nadie quede indiferente en esta campa\u00f1a de amor y esperanza\u00bb.<\/p>\n<p><strong>SITUACI\u00d3N ACTUALIZADA<\/strong><br \/>\nDiremos que Chile concentra el 48% de incendios en toda Am\u00e9rica del Sur, seg\u00fan un an\u00e1lisis satelital del Ministerio de Ciencia y Tecnolog\u00eda de Brasil, lo que explicar\u00eda por qu\u00e9 se han declarado m\u00e1s de 125 incendios en esta \u00faltima marea de fuego; justificar\u00eda tambi\u00e9n las m\u00e1s de 370 hect\u00e1reas afectadas y los casi 3.000 damnificados directos en las \u00faltimas dos semanas, esto oblig\u00f3 la movilizaci\u00f3n de casi 5.000 voluntarios desplegados entre bomberos y profesionales en esta clase de crisis, as\u00ed, son ya m\u00e1s de 22 Alerta Roja, las que se han declarado por las autoridades a cargo, registrando en consecuencia unos 43.9\u00ba la temperatura m\u00e1s alta registrada en Cauquenes en la historia de la era instrumental.<\/p>\n<p><strong>AYUDA DEL CIELO<\/strong><br \/>\nEs por esta situaci\u00f3n tan apremiante, que se ha dispuesto de un avi\u00f3n Boeing 747-400 llamado \u2018S\u00faperTanker\u2019 (hoy se suma uno ruso), ya que su precisi\u00f3n es tal que una persona en tierra queda empapada de pies a cabeza en segundos. Esta nave es una de las m\u00e1s grandes del mundo, deja caer un diluvio sobre un objetivo muy peque\u00f1o en tierra para demostrar su exactitud. Este avi\u00f3n-tanque es el m\u00e1s grande de su tipo que existe en el mundo. Su capacidad para transportar 75.000 litros casi dobla a su similar m\u00e1s cercano, el Very Large Air Tanker, que puede llevar hasta 44.000 litros, y los deja caer a unos 40 metros sobre las copas de los \u00e1rboles.<\/p>\n<p><strong>RECURSOS A\u00c9REOS<\/strong><br \/>\nConaf por su parte, cuenta con una dotaci\u00f3n de 27 helic\u00f3pteros, los que depositan el preciado l\u00edquido a 15 metros de las copas de los \u00e1rboles; su tiempo de recarga de agua de de diez minutos y la capacidad es de 1.200 a 1.500 litros, cuenta adem\u00e1s con diez aviones, y la diferencia con los helic\u00f3pteros es su capacidad de almacenamiento: de 1.700 a los 3.100 litros.<\/p>\n<p><strong>TODOS POR CHILE<\/strong><br \/>\nEl alcalde Patricio Freire fue claro al se\u00f1alar que esta campa\u00f1a no es de tres d\u00edas o de una semana, \u00abaqu\u00ed estamos todos a prueba, por eso pido a todos los vecinos y entidades de nuestra comuna que seamos consistentes, que no nos desanimemos y que donemos cuanto podamos, esta semana saldremos con los camiones que se puedan llenar hacia el sur, ojala que la respuesta a esta campa\u00f1a \u2018San Felipe Ayuda Chile\u2019, tenga la respuesta de toda nuestra comuna y de todo el Valle Aconcagua\u00bb.<\/p>\n<p><strong>BOMBEROS TAMBI\u00c9N<\/strong><br \/>\nPero no s\u00f3lo el Municipio est\u00e1 funcionando como centro de acopio en esta emergencia, tambi\u00e9n las siete compa\u00f1\u00edas de Bomberos de nuestra comuna ha despachado camiones llenos de recursos para Constituci\u00f3n.<br \/>\nAl cuartel central de la 1\u00aa Compa\u00f1\u00eda de Bomberos llegaron dirigentes vecinales y hasta un grupo de j\u00f3venes modelos sanfelipe\u00f1as a donar su \u2018granito de arena\u2019.<br \/>\nDiario El Trabajo habl\u00f3 tambi\u00e9n con Patricio Lobos, segundo comandante de la 2\u00aa Compa\u00f1\u00eda de Bomberos, \u00abnosotros llevamos dos semanas involucrados en este tema de ayudar a los hermanos chilenos en el sur del pa\u00eds, puntualmente en la ciudad de Constituci\u00f3n, salimos con seis m\u00e1quinas y 35 voluntarios, cada m\u00e1quina lleva dos conductores, pues son 48 horas de viaje sin detenerse hasta esa zona del pa\u00eds, agradecemos a todos quienes est\u00e1n llegando con sus donativos\u00bb.<br \/>\n<strong>Roberto Gonz\u00e1lez Short<\/strong><\/p>\n<figure id=\"attachment_76927\" aria-describedby=\"caption-attachment-76927\" style=\"width: 580px\" class=\"wp-caption alignnone\"><img data-recalc-dims=\"1\" loading=\"lazy\" decoding=\"async\" class=\"size-full wp-image-76927\" src=\"https:\/\/i0.wp.com\/www.eltrabajo.cl\/2017\/wp-content\/uploads\/2017\/01\/Abuelos33.jpg?resize=580%2C348\" alt=\"TODOS A DONAR.- Don Manuel Renato Fern\u00e1ndez y su esposa Virginia Vergara, vecinos sanfelipe\u00f1os, acudieron este s\u00e1bado para aportar su donativo en el cuartel de Bomberos.\" width=\"580\" height=\"348\" srcset=\"https:\/\/i0.wp.com\/eltrabajo.cl\/portal\/wp-content\/uploads\/2017\/01\/Abuelos33.jpg?w=580&amp;ssl=1 580w, https:\/\/i0.wp.com\/eltrabajo.cl\/portal\/wp-content\/uploads\/2017\/01\/Abuelos33.jpg?resize=200%2C120&amp;ssl=1 200w, https:\/\/i0.wp.com\/eltrabajo.cl\/portal\/wp-content\/uploads\/2017\/01\/Abuelos33.jpg?resize=300%2C180&amp;ssl=1 300w, https:\/\/i0.wp.com\/eltrabajo.cl\/portal\/wp-content\/uploads\/2017\/01\/Abuelos33.jpg?resize=150%2C90&amp;ssl=1 150w\" sizes=\"auto, (max-width: 580px) 100vw, 580px\" \/><figcaption id=\"caption-attachment-76927\" class=\"wp-caption-text\">TODOS A DONAR.- Don Manuel Renato Fern\u00e1ndez y su esposa Virginia Vergara, vecinos sanfelipe\u00f1os, acudieron este s\u00e1bado para aportar su donativo en el cuartel de Bomberos.<\/figcaption><\/figure>\n<figure id=\"attachment_76928\" aria-describedby=\"caption-attachment-76928\" style=\"width: 580px\" class=\"wp-caption alignnone\"><img data-recalc-dims=\"1\" loading=\"lazy\" decoding=\"async\" class=\"size-full wp-image-76928\" src=\"https:\/\/i0.wp.com\/www.eltrabajo.cl\/2017\/wp-content\/uploads\/2017\/01\/Senorial1.jpg?resize=580%2C348\" alt=\"DIRIGENTES VECINALES.- Dirigentes y vecinos de Villa El Se\u00f1orial, tambi\u00e9n dicen Presente en esta oportunidad con sus botellas de agua.\" width=\"580\" height=\"348\" srcset=\"https:\/\/i0.wp.com\/eltrabajo.cl\/portal\/wp-content\/uploads\/2017\/01\/Senorial1.jpg?w=580&amp;ssl=1 580w, https:\/\/i0.wp.com\/eltrabajo.cl\/portal\/wp-content\/uploads\/2017\/01\/Senorial1.jpg?resize=200%2C120&amp;ssl=1 200w, https:\/\/i0.wp.com\/eltrabajo.cl\/portal\/wp-content\/uploads\/2017\/01\/Senorial1.jpg?resize=300%2C180&amp;ssl=1 300w, https:\/\/i0.wp.com\/eltrabajo.cl\/portal\/wp-content\/uploads\/2017\/01\/Senorial1.jpg?resize=150%2C90&amp;ssl=1 150w\" sizes=\"auto, (max-width: 580px) 100vw, 580px\" \/><figcaption id=\"caption-attachment-76928\" class=\"wp-caption-text\">DIRIGENTES VECINALES.- Dirigentes y vecinos de Villa El Se\u00f1orial, tambi\u00e9n dicen Presente en esta oportunidad con sus botellas de agua.<\/figcaption><\/figure>\n<figure id=\"attachment_76929\" aria-describedby=\"caption-attachment-76929\" style=\"width: 580px\" class=\"wp-caption alignnone\"><img data-recalc-dims=\"1\" loading=\"lazy\" decoding=\"async\" class=\"size-full wp-image-76929\" src=\"https:\/\/i0.wp.com\/www.eltrabajo.cl\/2017\/wp-content\/uploads\/2017\/01\/Infierno33.jpg?resize=580%2C349\" alt=\"INFIERNO NO SE DETIENE.- Este es el panorama en muchos de los lugares afectados por este infierno desatado en el sur de nuestro pa\u00eds.\" width=\"580\" height=\"349\" srcset=\"https:\/\/i0.wp.com\/eltrabajo.cl\/portal\/wp-content\/uploads\/2017\/01\/Infierno33.jpg?w=580&amp;ssl=1 580w, https:\/\/i0.wp.com\/eltrabajo.cl\/portal\/wp-content\/uploads\/2017\/01\/Infierno33.jpg?resize=200%2C120&amp;ssl=1 200w, https:\/\/i0.wp.com\/eltrabajo.cl\/portal\/wp-content\/uploads\/2017\/01\/Infierno33.jpg?resize=300%2C181&amp;ssl=1 300w, https:\/\/i0.wp.com\/eltrabajo.cl\/portal\/wp-content\/uploads\/2017\/01\/Infierno33.jpg?resize=150%2C90&amp;ssl=1 150w\" sizes=\"auto, (max-width: 580px) 100vw, 580px\" \/><figcaption id=\"caption-attachment-76929\" class=\"wp-caption-text\">INFIERNO NO SE DETIENE.- Este es el panorama en muchos de los lugares afectados por este infierno desatado en el sur de nuestro pa\u00eds.<\/figcaption><\/figure>\n<figure id=\"attachment_76930\" aria-describedby=\"caption-attachment-76930\" style=\"width: 580px\" class=\"wp-caption alignnone\"><img data-recalc-dims=\"1\" loading=\"lazy\" decoding=\"async\" class=\"size-full wp-image-76930\" src=\"https:\/\/i0.wp.com\/www.eltrabajo.cl\/2017\/wp-content\/uploads\/2017\/01\/Fuego2.jpg?resize=580%2C349\" alt=\"SIN DESCANSO.- Aqu\u00ed vemos en acci\u00f3n a uno de los 27 helic\u00f3pteros de la Conaf, el que deposita el preciado l\u00edquido a 15 metros de las copas de los \u00e1rboles; su tiempo de recarga de agua de de diez minutos y la capacidad es de 1.200 a 1.500 litros.\" width=\"580\" height=\"349\" srcset=\"https:\/\/i0.wp.com\/eltrabajo.cl\/portal\/wp-content\/uploads\/2017\/01\/Fuego2.jpg?w=580&amp;ssl=1 580w, https:\/\/i0.wp.com\/eltrabajo.cl\/portal\/wp-content\/uploads\/2017\/01\/Fuego2.jpg?resize=200%2C120&amp;ssl=1 200w, https:\/\/i0.wp.com\/eltrabajo.cl\/portal\/wp-content\/uploads\/2017\/01\/Fuego2.jpg?resize=300%2C181&amp;ssl=1 300w, https:\/\/i0.wp.com\/eltrabajo.cl\/portal\/wp-content\/uploads\/2017\/01\/Fuego2.jpg?resize=150%2C90&amp;ssl=1 150w\" sizes=\"auto, (max-width: 580px) 100vw, 580px\" \/><figcaption id=\"caption-attachment-76930\" class=\"wp-caption-text\">SIN DESCANSO.- Aqu\u00ed vemos en acci\u00f3n a uno de los 27 helic\u00f3pteros de la Conaf, el que deposita el preciado l\u00edquido a 15 metros de las copas de los \u00e1rboles; su tiempo de recarga de agua de de diez minutos y la capacidad es de 1.200 a 1.500 litros.<\/figcaption><\/figure>\n<figure id=\"attachment_76931\" aria-describedby=\"caption-attachment-76931\" style=\"width: 580px\" class=\"wp-caption alignnone\"><img data-recalc-dims=\"1\" loading=\"lazy\" decoding=\"async\" class=\"size-full wp-image-76931\" src=\"https:\/\/i0.wp.com\/www.eltrabajo.cl\/2017\/wp-content\/uploads\/2017\/01\/Agua33.jpg?resize=580%2C349\" alt=\"FICHA OPERATIVA.- Este gr\u00e1fico muestra con qu\u00e9 y c\u00f3mo las autoridades est\u00e1n enfrentando esta emergencia.\" width=\"580\" height=\"349\" srcset=\"https:\/\/i0.wp.com\/eltrabajo.cl\/portal\/wp-content\/uploads\/2017\/01\/Agua33.jpg?w=580&amp;ssl=1 580w, https:\/\/i0.wp.com\/eltrabajo.cl\/portal\/wp-content\/uploads\/2017\/01\/Agua33.jpg?resize=200%2C120&amp;ssl=1 200w, https:\/\/i0.wp.com\/eltrabajo.cl\/portal\/wp-content\/uploads\/2017\/01\/Agua33.jpg?resize=300%2C181&amp;ssl=1 300w, https:\/\/i0.wp.com\/eltrabajo.cl\/portal\/wp-content\/uploads\/2017\/01\/Agua33.jpg?resize=150%2C90&amp;ssl=1 150w\" sizes=\"auto, (max-width: 580px) 100vw, 580px\" \/><figcaption id=\"caption-attachment-76931\" class=\"wp-caption-text\">FICHA OPERATIVA.- Este gr\u00e1fico muestra con qu\u00e9 y c\u00f3mo las autoridades est\u00e1n enfrentando esta emergencia.<\/figcaption><\/figure>\n<figure id=\"attachment_76932\" aria-describedby=\"caption-attachment-76932\" style=\"width: 300px\" class=\"wp-caption alignleft\"><img data-recalc-dims=\"1\" loading=\"lazy\" decoding=\"async\" class=\"wp-image-76932 size-medium\" src=\"https:\/\/i0.wp.com\/www.eltrabajo.cl\/2017\/wp-content\/uploads\/2017\/01\/Patricio-Freire-300x181.jpg?resize=300%2C181\" alt=\"Patricio Freire Canto, alcalde de San Felipe al frente de esta campa\u00f1a humanitaria.\" width=\"300\" height=\"181\" srcset=\"https:\/\/i0.wp.com\/eltrabajo.cl\/portal\/wp-content\/uploads\/2017\/01\/Patricio-Freire.jpg?resize=300%2C181&amp;ssl=1 300w, https:\/\/i0.wp.com\/eltrabajo.cl\/portal\/wp-content\/uploads\/2017\/01\/Patricio-Freire.jpg?resize=200%2C120&amp;ssl=1 200w, https:\/\/i0.wp.com\/eltrabajo.cl\/portal\/wp-content\/uploads\/2017\/01\/Patricio-Freire.jpg?resize=150%2C90&amp;ssl=1 150w, https:\/\/i0.wp.com\/eltrabajo.cl\/portal\/wp-content\/uploads\/2017\/01\/Patricio-Freire.jpg?w=580&amp;ssl=1 580w\" sizes=\"auto, (max-width: 300px) 100vw, 300px\" \/><figcaption id=\"caption-attachment-76932\" class=\"wp-caption-text\">Patricio Freire Canto, alcalde de San Felipe al frente de esta campa\u00f1a humanitaria.<\/figcaption><\/figure>\n<figure id=\"attachment_76933\" aria-describedby=\"caption-attachment-76933\" style=\"width: 300px\" class=\"wp-caption alignleft\"><img data-recalc-dims=\"1\" loading=\"lazy\" decoding=\"async\" class=\"wp-image-76933 size-medium\" src=\"https:\/\/i0.wp.com\/www.eltrabajo.cl\/2017\/wp-content\/uploads\/2017\/01\/Patricio-Lobos-300x181.jpg?resize=300%2C181\" alt=\"Patricio Lobos, segundo comandante de la 2\u00aa Compa\u00f1\u00eda de Bomberos.\" width=\"300\" height=\"181\" srcset=\"https:\/\/i0.wp.com\/eltrabajo.cl\/portal\/wp-content\/uploads\/2017\/01\/Patricio-Lobos.jpg?resize=300%2C181&amp;ssl=1 300w, https:\/\/i0.wp.com\/eltrabajo.cl\/portal\/wp-content\/uploads\/2017\/01\/Patricio-Lobos.jpg?resize=200%2C120&amp;ssl=1 200w, https:\/\/i0.wp.com\/eltrabajo.cl\/portal\/wp-content\/uploads\/2017\/01\/Patricio-Lobos.jpg?resize=150%2C90&amp;ssl=1 150w, https:\/\/i0.wp.com\/eltrabajo.cl\/portal\/wp-content\/uploads\/2017\/01\/Patricio-Lobos.jpg?w=580&amp;ssl=1 580w\" sizes=\"auto, (max-width: 300px) 100vw, 300px\" \/><figcaption id=\"caption-attachment-76933\" class=\"wp-caption-text\">Patricio Lobos, segundo comandante de la 2\u00aa Compa\u00f1\u00eda de Bomberos.<\/figcaption><\/figure>\n","protected":false},"excerpt":{"rendered":"<p>Festival Palmenia Pizarro ser\u00e1 este fin de semana y todos podemos aportar donativo a la entrada del estadio municipal. Bomberos de San Felipe tambi\u00e9n trabajando por hermanos del sur. Hoy lunes dar\u00e1&#8230;<\/p>\n","protected":false},"author":1,"featured_media":76926,"comment_status":"open","ping_status":"open","sticky":false,"template":"","format":"standard","meta":{"advanced_seo_description":"","jetpack_seo_html_title":"","jetpack_seo_noindex":false,"_jetpack_memberships_contains_paid_content":false,"footnotes":""},"categories":[15],"tags":[],"class_list":["post-76924","post","type-post","status-publish","format-standard","has-post-thumbnail","hentry","category-comunidad"],"jetpack_featured_media_url":"https:\/\/i0.wp.com\/eltrabajo.cl\/portal\/wp-content\/uploads\/2017\/01\/Modelitos1.jpg?fit=580%2C349&ssl=1","jetpack_sharing_enabled":true,"jetpack_likes_enabled":true,"jetpack-related-posts":[],"_links":{"self":[{"href":"https:\/\/eltrabajo.cl\/portal\/wp-json\/wp\/v2\/posts\/76924","targetHints":{"allow":["GET"]}}],"collection":[{"href":"https:\/\/eltrabajo.cl\/portal\/wp-json\/wp\/v2\/posts"}],"about":[{"href":"https:\/\/eltrabajo.cl\/portal\/wp-json\/wp\/v2\/types\/post"}],"author":[{"embeddable":true,"href":"https:\/\/eltrabajo.cl\/portal\/wp-json\/wp\/v2\/users\/1"}],"replies":[{"embeddable":true,"href":"https:\/\/eltrabajo.cl\/portal\/wp-json\/wp\/v2\/comments?post=76924"}],"version-history":[{"count":0,"href":"https:\/\/eltrabajo.cl\/portal\/wp-json\/wp\/v2\/posts\/76924\/revisions"}],"wp:featuredmedia":[{"embeddable":true,"href":"https:\/\/eltrabajo.cl\/portal\/wp-json\/wp\/v2\/media\/76926"}],"wp:attachment":[{"href":"https:\/\/eltrabajo.cl\/portal\/wp-json\/wp\/v2\/media?parent=76924"}],"wp:term":[{"taxonomy":"category","embeddable":true,"href":"https:\/\/eltrabajo.cl\/portal\/wp-json\/wp\/v2\/categories?post=76924"},{"taxonomy":"post_tag","embeddable":true,"href":"https:\/\/eltrabajo.cl\/portal\/wp-json\/wp\/v2\/tags?post=76924"}],"curies":[{"name":"wp","href":"https:\/\/api.w.org\/{rel}","templated":true}]}}