{"id":76936,"date":"2017-01-30T09:19:51","date_gmt":"2017-01-30T13:19:51","guid":{"rendered":"http:\/\/www.eltrabajo.cl\/2017\/?p=76936"},"modified":"2017-01-30T09:19:51","modified_gmt":"2017-01-30T13:19:51","slug":"denuncian-que-un-piromano-prende-fuego-en-el-asiento-y-bellavista","status":"publish","type":"post","link":"https:\/\/eltrabajo.cl\/portal\/denuncian-que-un-piromano-prende-fuego-en-el-asiento-y-bellavista\/","title":{"rendered":"Denuncian que un pir\u00f3mano prende fuego en El Asiento y Bellavista"},"content":{"rendered":"<figure id=\"attachment_76937\" aria-describedby=\"caption-attachment-76937\" style=\"width: 580px\" class=\"wp-caption alignnone\"><img data-recalc-dims=\"1\" loading=\"lazy\" decoding=\"async\" class=\"size-full wp-image-76937\" src=\"https:\/\/i0.wp.com\/www.eltrabajo.cl\/2017\/wp-content\/uploads\/2017\/01\/PIROMANO.jpg?resize=580%2C350\" alt=\"Este es el modo de actuar de un pir\u00f3mano. (Foto referencial).\" width=\"580\" height=\"350\" srcset=\"https:\/\/i0.wp.com\/eltrabajo.cl\/portal\/wp-content\/uploads\/2017\/01\/PIROMANO.jpg?w=580&amp;ssl=1 580w, https:\/\/i0.wp.com\/eltrabajo.cl\/portal\/wp-content\/uploads\/2017\/01\/PIROMANO.jpg?resize=200%2C121&amp;ssl=1 200w, https:\/\/i0.wp.com\/eltrabajo.cl\/portal\/wp-content\/uploads\/2017\/01\/PIROMANO.jpg?resize=300%2C181&amp;ssl=1 300w, https:\/\/i0.wp.com\/eltrabajo.cl\/portal\/wp-content\/uploads\/2017\/01\/PIROMANO.jpg?resize=150%2C91&amp;ssl=1 150w\" sizes=\"auto, (max-width: 580px) 100vw, 580px\" \/><figcaption id=\"caption-attachment-76937\" class=\"wp-caption-text\">Este es el modo de actuar de un pir\u00f3mano. (Foto referencial).<\/figcaption><\/figure>\n<p>La presidenta de la Rep\u00fablica Michelle Bachelet, confirm\u00f3 este domingo, que hab\u00edan 43 personas detenidas por su presunta responsabilidad en 36 incendios forestales en nuestro pa\u00eds.<br \/>\nEso quiere decir, que estamos frente a incendios provocados por la mano del hombre, lo que viene a confirmar que el 99,9 % de los incendios forestales en nuestro pa\u00eds son intencionales.<br \/>\nPues bien, al parecer San Felipe no ha quedado al margen de personas que intencionalmente les gusta provocar incendios, porque seg\u00fan Bomberos, los incendios que se han producido en sectores como El Asiento, Bellavista, est\u00e1n siendo provocados por un pir\u00f3mano.<br \/>\nAl respecto, fue el propio comandante de Bomberos de San Felipe, Juan Carlos Herrera Lillo, quien denuncio p\u00fablicamente esta situaci\u00f3n, luego de recibir informaci\u00f3n por parte de algunas personas de esos lugares \u201cnosotros hace un par de semanas hemos estado comunic\u00e1ndole al Gobernador que hay un pir\u00f3mano en ese sector que ha hecho bastantes quemas\u201d sostuvo.<br \/>\nRelata, que han debido despachar m\u00e1quinas a las cuatro cinco de la ma\u00f1ana hacia ese sector, ya que se han producido algunos incendios de pastizales.<br \/>\nPara Bomberos, este hecho es bastante complicado, ya que han debido responder r\u00e1pidamente a esos sectores como El Asiento y Bellavista, para controlar estos incendios que se dan en el cerro, lugares donde hay algunas viviendas.<br \/>\n\u201cHemos conversado con uno de los encargados, quien nos relat\u00f3 que hay una persona que anda prendiendo y no se ha podido identificar, sin embargo la gobernaci\u00f3n ya est\u00e1 en antecedentes con respecto a lo que supimos en el sector\u201d. Destac\u00f3.<br \/>\n-Es decir \u00bfanda un pir\u00f3mano en El Asiento?<br \/>\n-Efectivamente uno de los encargados de la serran\u00eda nos dijo que lo vio y una vez que lo vieron que estaba prendiendo (\u2026) arranc\u00f3.<\/p>\n<p><strong>ENV\u00cdO DE PERSONAL AL SUR<\/strong><br \/>\nTambi\u00e9n el comandante Juan Carlos Herrera Lillo, inform\u00f3 que en la semana enviaron dos camiones aljibes y una camioneta en coordinaci\u00f3n con la comandancia regional.<br \/>\nLos camiones aljibes corresponden uno a Santa Mar\u00eda y el otro a San Felipe, este \u00faltimo con una capacidad de 12 mil litros.<br \/>\nJunto con los camiones, fueron enviados 25 voluntarios en total a prestar ayuda a combatir los incendios forestales que este domingo en la noche llegaron a Hualqui en Concepci\u00f3n.<\/p>\n","protected":false},"excerpt":{"rendered":"<p>La presidenta de la Rep\u00fablica Michelle Bachelet, confirm\u00f3 este domingo, que hab\u00edan 43 personas detenidas por su presunta responsabilidad en 36 incendios forestales en nuestro pa\u00eds. Eso quiere decir, que estamos frente&#8230;<\/p>\n","protected":false},"author":1,"featured_media":76937,"comment_status":"open","ping_status":"open","sticky":false,"template":"","format":"standard","meta":{"advanced_seo_description":"","jetpack_seo_html_title":"","jetpack_seo_noindex":false,"_jetpack_memberships_contains_paid_content":false,"footnotes":""},"categories":[15],"tags":[],"class_list":["post-76936","post","type-post","status-publish","format-standard","has-post-thumbnail","hentry","category-comunidad"],"jetpack_featured_media_url":"https:\/\/i0.wp.com\/eltrabajo.cl\/portal\/wp-content\/uploads\/2017\/01\/PIROMANO.jpg?fit=580%2C350&ssl=1","jetpack_sharing_enabled":true,"jetpack_likes_enabled":true,"jetpack-related-posts":[],"_links":{"self":[{"href":"https:\/\/eltrabajo.cl\/portal\/wp-json\/wp\/v2\/posts\/76936","targetHints":{"allow":["GET"]}}],"collection":[{"href":"https:\/\/eltrabajo.cl\/portal\/wp-json\/wp\/v2\/posts"}],"about":[{"href":"https:\/\/eltrabajo.cl\/portal\/wp-json\/wp\/v2\/types\/post"}],"author":[{"embeddable":true,"href":"https:\/\/eltrabajo.cl\/portal\/wp-json\/wp\/v2\/users\/1"}],"replies":[{"embeddable":true,"href":"https:\/\/eltrabajo.cl\/portal\/wp-json\/wp\/v2\/comments?post=76936"}],"version-history":[{"count":0,"href":"https:\/\/eltrabajo.cl\/portal\/wp-json\/wp\/v2\/posts\/76936\/revisions"}],"wp:featuredmedia":[{"embeddable":true,"href":"https:\/\/eltrabajo.cl\/portal\/wp-json\/wp\/v2\/media\/76937"}],"wp:attachment":[{"href":"https:\/\/eltrabajo.cl\/portal\/wp-json\/wp\/v2\/media?parent=76936"}],"wp:term":[{"taxonomy":"category","embeddable":true,"href":"https:\/\/eltrabajo.cl\/portal\/wp-json\/wp\/v2\/categories?post=76936"},{"taxonomy":"post_tag","embeddable":true,"href":"https:\/\/eltrabajo.cl\/portal\/wp-json\/wp\/v2\/tags?post=76936"}],"curies":[{"name":"wp","href":"https:\/\/api.w.org\/{rel}","templated":true}]}}