{"id":76939,"date":"2017-01-30T09:18:32","date_gmt":"2017-01-30T13:18:32","guid":{"rendered":"http:\/\/www.eltrabajo.cl\/2017\/?p=76939"},"modified":"2017-01-30T09:18:32","modified_gmt":"2017-01-30T13:18:32","slug":"desde-hoy-lunes-al-sabado-4-de-febrero-realizaran-la-fiesta-de-la-chaya","status":"publish","type":"post","link":"https:\/\/eltrabajo.cl\/portal\/desde-hoy-lunes-al-sabado-4-de-febrero-realizaran-la-fiesta-de-la-chaya\/","title":{"rendered":"Desde hoy lunes al s\u00e1bado 4 de febrero realizar\u00e1n la Fiesta de la Chaya"},"content":{"rendered":"<figure id=\"attachment_76940\" aria-describedby=\"caption-attachment-76940\" style=\"width: 580px\" class=\"wp-caption alignnone\"><img data-recalc-dims=\"1\" loading=\"lazy\" decoding=\"async\" class=\"size-full wp-image-76940\" src=\"https:\/\/i0.wp.com\/www.eltrabajo.cl\/2017\/wp-content\/uploads\/2017\/01\/CHAYA-SANTA-MARIA.jpg?resize=580%2C350\" alt=\"Desde el lunes 30 de enero y hasta el s\u00e1bado 4 de febrero se extender\u00e1 la fiesta de  la Chaya, 2017, en la comuna de Santa Mar\u00eda. (Foto Referencial).\" width=\"580\" height=\"350\" srcset=\"https:\/\/i0.wp.com\/eltrabajo.cl\/portal\/wp-content\/uploads\/2017\/01\/CHAYA-SANTA-MARIA.jpg?w=580&amp;ssl=1 580w, https:\/\/i0.wp.com\/eltrabajo.cl\/portal\/wp-content\/uploads\/2017\/01\/CHAYA-SANTA-MARIA.jpg?resize=200%2C121&amp;ssl=1 200w, https:\/\/i0.wp.com\/eltrabajo.cl\/portal\/wp-content\/uploads\/2017\/01\/CHAYA-SANTA-MARIA.jpg?resize=300%2C181&amp;ssl=1 300w, https:\/\/i0.wp.com\/eltrabajo.cl\/portal\/wp-content\/uploads\/2017\/01\/CHAYA-SANTA-MARIA.jpg?resize=150%2C91&amp;ssl=1 150w\" sizes=\"auto, (max-width: 580px) 100vw, 580px\" \/><figcaption id=\"caption-attachment-76940\" class=\"wp-caption-text\">Desde el lunes 30 de enero y hasta el s\u00e1bado 4 de febrero se extender\u00e1 la fiesta de la Chaya, 2017, en la comuna de Santa Mar\u00eda. (Foto Referencial).<\/figcaption><\/figure>\n<p><strong>SANTA MAR\u00cdA.-<\/strong> Esta actividad veraniega es organizada por el Cuerpo de Bomberos de Santa Mar\u00eda, y cuenta con el auspicio de la Municipalidad.<br \/>\nDesde el municipio se informa que la versi\u00f3n 2017 no contara con recursos del Gobierno Regional, como hab\u00eda ocurrido en los \u00faltimos a\u00f1os, por lo que se debi\u00f3 producir el evento \u00edntegramente con financiamiento municipal.<br \/>\nNo obstante, se informa que se arm\u00f3 una parrilla con orquestas emergentes y de trayectoria en el Valle de Aconcagua, que cada noche amenizaran con sus ritmos a los vecinos que se congregan en la plaza para disfrutar de la m\u00fasica, el baile, la entretenci\u00f3n y el comercio que ofrece variados productos, y en especial las bolsitas de Chaya que dan sentido a esta tradicional fiesta del verano en la comuna de Santa Mar\u00eda.<\/p>\n<p><strong>PROGRAMACION<\/strong><br \/>\nLunes 30, Martes 31 de enero y Mi\u00e9rcoles 01 de febrero Grupo Reyes de la Noche<br \/>\nJueves 02 de febrero Grupo la Nueva Gran Sonora<br \/>\nViernes 03 y s\u00e1bado 04 de febrero Grupo Sonora Santa Cecilia<br \/>\nAdem\u00e1s de la actuaci\u00f3n de artistas locales.<\/p>\n","protected":false},"excerpt":{"rendered":"<p>SANTA MAR\u00cdA.- Esta actividad veraniega es organizada por el Cuerpo de Bomberos de Santa Mar\u00eda, y cuenta con el auspicio de la Municipalidad. Desde el municipio se informa que la versi\u00f3n 2017&#8230;<\/p>\n","protected":false},"author":1,"featured_media":76940,"comment_status":"open","ping_status":"open","sticky":false,"template":"","format":"standard","meta":{"advanced_seo_description":"","jetpack_seo_html_title":"","jetpack_seo_noindex":false,"_jetpack_memberships_contains_paid_content":false,"footnotes":""},"categories":[1],"tags":[],"class_list":["post-76939","post","type-post","status-publish","format-standard","has-post-thumbnail","hentry","category-cronica"],"jetpack_featured_media_url":"https:\/\/i0.wp.com\/eltrabajo.cl\/portal\/wp-content\/uploads\/2017\/01\/CHAYA-SANTA-MARIA.jpg?fit=580%2C350&ssl=1","jetpack_sharing_enabled":true,"jetpack_likes_enabled":true,"jetpack-related-posts":[],"_links":{"self":[{"href":"https:\/\/eltrabajo.cl\/portal\/wp-json\/wp\/v2\/posts\/76939","targetHints":{"allow":["GET"]}}],"collection":[{"href":"https:\/\/eltrabajo.cl\/portal\/wp-json\/wp\/v2\/posts"}],"about":[{"href":"https:\/\/eltrabajo.cl\/portal\/wp-json\/wp\/v2\/types\/post"}],"author":[{"embeddable":true,"href":"https:\/\/eltrabajo.cl\/portal\/wp-json\/wp\/v2\/users\/1"}],"replies":[{"embeddable":true,"href":"https:\/\/eltrabajo.cl\/portal\/wp-json\/wp\/v2\/comments?post=76939"}],"version-history":[{"count":0,"href":"https:\/\/eltrabajo.cl\/portal\/wp-json\/wp\/v2\/posts\/76939\/revisions"}],"wp:featuredmedia":[{"embeddable":true,"href":"https:\/\/eltrabajo.cl\/portal\/wp-json\/wp\/v2\/media\/76940"}],"wp:attachment":[{"href":"https:\/\/eltrabajo.cl\/portal\/wp-json\/wp\/v2\/media?parent=76939"}],"wp:term":[{"taxonomy":"category","embeddable":true,"href":"https:\/\/eltrabajo.cl\/portal\/wp-json\/wp\/v2\/categories?post=76939"},{"taxonomy":"post_tag","embeddable":true,"href":"https:\/\/eltrabajo.cl\/portal\/wp-json\/wp\/v2\/tags?post=76939"}],"curies":[{"name":"wp","href":"https:\/\/api.w.org\/{rel}","templated":true}]}}