{"id":76942,"date":"2017-01-30T09:15:52","date_gmt":"2017-01-30T13:15:52","guid":{"rendered":"http:\/\/www.eltrabajo.cl\/2017\/?p=76942"},"modified":"2017-01-30T09:15:52","modified_gmt":"2017-01-30T13:15:52","slug":"conmemoran-a-lo-grande-los-200-anos-del-cruce-del-ejercito-de-los-andes","status":"publish","type":"post","link":"https:\/\/eltrabajo.cl\/portal\/conmemoran-a-lo-grande-los-200-anos-del-cruce-del-ejercito-de-los-andes\/","title":{"rendered":"Conmemoran a lo grande los 200 a\u00f1os del Cruce del Ej\u00e9rcito de Los Andes"},"content":{"rendered":"<figure id=\"attachment_76943\" aria-describedby=\"caption-attachment-76943\" style=\"width: 580px\" class=\"wp-caption alignnone\"><img data-recalc-dims=\"1\" loading=\"lazy\" decoding=\"async\" class=\"size-full wp-image-76943\" src=\"https:\/\/i0.wp.com\/www.eltrabajo.cl\/2017\/wp-content\/uploads\/2017\/01\/FOTO-REFERENCIAL-CABALGATA-2016.jpg?resize=580%2C348\" alt=\"Ceremonia de inicio de la Cabalgata 2017. Desde las 10 de la ma\u00f1ana, en la Plaza Prat, un grupo de 70 civiles comienza la traves\u00eda para recrear lo realizado por Jos\u00e9 de San Mart\u00edn y con la gu\u00eda del arriero putaendino Justo Estay, acontecimiento que cumple 200 a\u00f1os. (Foto Referencial).\" width=\"580\" height=\"348\" srcset=\"https:\/\/i0.wp.com\/eltrabajo.cl\/portal\/wp-content\/uploads\/2017\/01\/FOTO-REFERENCIAL-CABALGATA-2016.jpg?w=580&amp;ssl=1 580w, https:\/\/i0.wp.com\/eltrabajo.cl\/portal\/wp-content\/uploads\/2017\/01\/FOTO-REFERENCIAL-CABALGATA-2016.jpg?resize=200%2C120&amp;ssl=1 200w, https:\/\/i0.wp.com\/eltrabajo.cl\/portal\/wp-content\/uploads\/2017\/01\/FOTO-REFERENCIAL-CABALGATA-2016.jpg?resize=300%2C180&amp;ssl=1 300w, https:\/\/i0.wp.com\/eltrabajo.cl\/portal\/wp-content\/uploads\/2017\/01\/FOTO-REFERENCIAL-CABALGATA-2016.jpg?resize=150%2C90&amp;ssl=1 150w\" sizes=\"auto, (max-width: 580px) 100vw, 580px\" \/><figcaption id=\"caption-attachment-76943\" class=\"wp-caption-text\">Ceremonia de inicio de la Cabalgata 2017. Desde las 10 de la ma\u00f1ana, en la Plaza Prat, un grupo de 70 civiles comienza la traves\u00eda para recrear lo realizado por Jos\u00e9 de San Mart\u00edn y con la gu\u00eda del arriero putaendino Justo Estay, acontecimiento que cumple 200 a\u00f1os. (Foto Referencial).<\/figcaption><\/figure>\n<ul>\n<li>\n<strong>La Municipalidad de Putaendo, junto al Gobierno Regional, tienen preparado un extenso programa de actividades que incluye conciertos, actos oficiales y la tradicional Cabalgata que realizar\u00e1n militares y civiles para recrear la hist\u00f3rica gesta heroica.<\/strong><\/li>\n<\/ul>\n<p><strong>PUTAENDO.-<\/strong> A las 20 horas de ayer domingo 29 de enero, el reconocido pianista Roberto Bravo dio un concierto totalmente gratuito en el frontis de la Parroquia San Antonio de Padua. El evento dio inicio oficial a la conmemoraci\u00f3n del Bicentenario del Cruce del Ej\u00e9rcito de Los Andes, que tendr\u00e1 un extenso programa de actividades.<br \/>\nEste a\u00f1o la Municipalidad de Putaendo y el Gobierno Regional pretenden revivir y potenciar los lazos hist\u00f3ricos de amistad entre chilenos y argentinos. El alcalde Guillermo Reyes, manifest\u00f3 la importancia de conmemorar los 200 a\u00f1os de una gesta heroica de relevancia mundial, que tuvo a Putaendo como sitio protagonista.<br \/>\n\u201cHay un entusiasmo muy importante en la comunidad y en nosotros como municipio, para trabajar como corresponde en esta jornada. Putaendo no pod\u00eda ser menos en estos 200 a\u00f1os, toda vez que todo el mundo sabe y reconoce que somos el Primer Pueblo Libre Chile\u201d, afirm\u00f3 la m\u00e1xima autoridad comunal.<br \/>\nEl programa contin\u00faa hoy lunes 30, con la ceremonia de inicio de la Cabalgata 2017. Desde las 10 de la ma\u00f1ana, en la Plaza Prat, un grupo de 70 civiles comienza la traves\u00eda para recrear lo realizado por Jos\u00e9 de San Mart\u00edn y con la gu\u00eda del arriero putaendino Justo Estay, acontecimiento que cumple 200 a\u00f1os. Cabe destacar que habr\u00e1 un grupo perteneciente al Ej\u00e9rcito de Chile que tambi\u00e9n subir\u00e1 la cordillera.<br \/>\nEn este contexto, el jueves dos de febrero se producir\u00e1 el encuentro entre las delegaciones chilena y argentina, en el Hito Fronterizo ubicado en el sector de Valle Hermoso. Se estima que el acto oficial correspondiente ser\u00e1 al mediod\u00eda.<br \/>\nEl lunes 6 de febrero, cuando ya las delegaciones de chilenos y argentinos hayan descendido, tendr\u00e1n una ceremonia en el monolito del Combate de Achupalla, en el sector de Casablanca a las 11 horas.<br \/>\nEl martes 7 de febrero se realizar\u00e1 la Ceremonia Homenaje al Ej\u00e9rcito de Los Andes, donde el centro de Putaendo recibir\u00e1 a quienes a todos aquellos que subieron la cordillera. El acto que comenzar\u00e1 a las 11 horas, contar\u00e1 con una recreaci\u00f3n hist\u00f3rica y desfile. Ese mismo d\u00eda, a las 19 horas, se conmemorar\u00e1 el Combate de Las Coimas en el sector hom\u00f3nimo.<br \/>\nFinalmente, el pr\u00f3ximo 11 de febrero, en el marco de la Chaya Putaendo 2017, se presentar\u00e1 el cantautor argentino V\u00edctor Heredia y el chileno Nano Stern.<\/p>\n","protected":false},"excerpt":{"rendered":"<p>La Municipalidad de Putaendo, junto al Gobierno Regional, tienen preparado un extenso programa de actividades que incluye conciertos, actos oficiales y la tradicional Cabalgata que realizar\u00e1n militares y civiles para recrear la&#8230;<\/p>\n","protected":false},"author":1,"featured_media":76943,"comment_status":"open","ping_status":"open","sticky":false,"template":"","format":"standard","meta":{"advanced_seo_description":"","jetpack_seo_html_title":"","jetpack_seo_noindex":false,"_jetpack_memberships_contains_paid_content":false,"footnotes":""},"categories":[15],"tags":[],"class_list":["post-76942","post","type-post","status-publish","format-standard","has-post-thumbnail","hentry","category-comunidad"],"jetpack_featured_media_url":"https:\/\/i0.wp.com\/eltrabajo.cl\/portal\/wp-content\/uploads\/2017\/01\/FOTO-REFERENCIAL-CABALGATA-2016.jpg?fit=580%2C348&ssl=1","jetpack_sharing_enabled":true,"jetpack_likes_enabled":true,"jetpack-related-posts":[],"_links":{"self":[{"href":"https:\/\/eltrabajo.cl\/portal\/wp-json\/wp\/v2\/posts\/76942","targetHints":{"allow":["GET"]}}],"collection":[{"href":"https:\/\/eltrabajo.cl\/portal\/wp-json\/wp\/v2\/posts"}],"about":[{"href":"https:\/\/eltrabajo.cl\/portal\/wp-json\/wp\/v2\/types\/post"}],"author":[{"embeddable":true,"href":"https:\/\/eltrabajo.cl\/portal\/wp-json\/wp\/v2\/users\/1"}],"replies":[{"embeddable":true,"href":"https:\/\/eltrabajo.cl\/portal\/wp-json\/wp\/v2\/comments?post=76942"}],"version-history":[{"count":0,"href":"https:\/\/eltrabajo.cl\/portal\/wp-json\/wp\/v2\/posts\/76942\/revisions"}],"wp:featuredmedia":[{"embeddable":true,"href":"https:\/\/eltrabajo.cl\/portal\/wp-json\/wp\/v2\/media\/76943"}],"wp:attachment":[{"href":"https:\/\/eltrabajo.cl\/portal\/wp-json\/wp\/v2\/media?parent=76942"}],"wp:term":[{"taxonomy":"category","embeddable":true,"href":"https:\/\/eltrabajo.cl\/portal\/wp-json\/wp\/v2\/categories?post=76942"},{"taxonomy":"post_tag","embeddable":true,"href":"https:\/\/eltrabajo.cl\/portal\/wp-json\/wp\/v2\/tags?post=76942"}],"curies":[{"name":"wp","href":"https:\/\/api.w.org\/{rel}","templated":true}]}}