{"id":76958,"date":"2017-01-31T08:05:36","date_gmt":"2017-01-31T12:05:36","guid":{"rendered":"http:\/\/www.eltrabajo.cl\/2017\/?p=76958"},"modified":"2017-01-31T08:05:36","modified_gmt":"2017-01-31T12:05:36","slug":"cartilla-de-traduccion-rapida-para-mejorar-atencion-de-haitianos-residentes","status":"publish","type":"post","link":"https:\/\/eltrabajo.cl\/portal\/cartilla-de-traduccion-rapida-para-mejorar-atencion-de-haitianos-residentes\/","title":{"rendered":"Cartilla de Traducci\u00f3n r\u00e1pida para mejorar atenci\u00f3n de haitianos residentes"},"content":{"rendered":"<figure id=\"attachment_76959\" aria-describedby=\"caption-attachment-76959\" style=\"width: 580px\" class=\"wp-caption alignnone\"><img data-recalc-dims=\"1\" loading=\"lazy\" decoding=\"async\" class=\"size-full wp-image-76959\" src=\"https:\/\/i0.wp.com\/www.eltrabajo.cl\/2017\/wp-content\/uploads\/2017\/01\/Foto-1-Elisa-Fuentes-Ortega.jpg?resize=580%2C348\" alt=\"Elisa Fuentes Ortega, presidenta del Consejo Aconcagua del Colegio de Periodistas de Chile, junto a la directora del Servicio de Salid Aconcagua, Dra. Vilma Olave, presentaron cartilla de traducci\u00f3n r\u00e1pida para mejorar atenci\u00f3n de salud de los ciudadanos haitianos.\" width=\"580\" height=\"348\" srcset=\"https:\/\/i0.wp.com\/eltrabajo.cl\/portal\/wp-content\/uploads\/2017\/01\/Foto-1-Elisa-Fuentes-Ortega.jpg?w=580&amp;ssl=1 580w, https:\/\/i0.wp.com\/eltrabajo.cl\/portal\/wp-content\/uploads\/2017\/01\/Foto-1-Elisa-Fuentes-Ortega.jpg?resize=200%2C120&amp;ssl=1 200w, https:\/\/i0.wp.com\/eltrabajo.cl\/portal\/wp-content\/uploads\/2017\/01\/Foto-1-Elisa-Fuentes-Ortega.jpg?resize=300%2C180&amp;ssl=1 300w, https:\/\/i0.wp.com\/eltrabajo.cl\/portal\/wp-content\/uploads\/2017\/01\/Foto-1-Elisa-Fuentes-Ortega.jpg?resize=150%2C90&amp;ssl=1 150w\" sizes=\"auto, (max-width: 580px) 100vw, 580px\" \/><figcaption id=\"caption-attachment-76959\" class=\"wp-caption-text\">Elisa Fuentes Ortega, presidenta del Consejo Aconcagua del Colegio de Periodistas de Chile, junto a la directora del Servicio de Salid Aconcagua, Dra. Vilma Olave, presentaron cartilla de traducci\u00f3n r\u00e1pida para mejorar atenci\u00f3n de salud de los ciudadanos haitianos.<\/figcaption><\/figure>\n<ul>\n<li><strong><span style=\"color: #ff0000;\">Iniciativa del Consejo Aconcagua del Colegio de Periodistas junto al Hospital San Camilo:<\/span>\u00a0Gu\u00eda pr\u00e1ctica permitir\u00e1 mejorar la comunicaci\u00f3n y el entendimiento entre los pacientes haitianos y el equipo t\u00e9cnico-profesional de los distintos servicios de Salud P\u00fablica del Valle.<\/strong><\/li>\n<\/ul>\n<p>El Hospital San Camilo, en un trabajo mancomunado con el Consejo Aconcagua del Colegio de Periodistas, llevaron a efecto una loable iniciativa y crearon una gu\u00eda pr\u00e1ctica o cartilla de traducci\u00f3n r\u00e1pida creol \u2013 espa\u00f1ol, para facilitar la atenci\u00f3n de inmigrantes haitianos que sufren alguna afecci\u00f3n de salud y consultan sobre \u00e9sta en el recinto hospitalario.<br \/>\nLa idea surge desde la necesidad de respetar la defensa de los derechos humanos, particularmente aqu\u00e9l que reza sobre el derecho a la comunicaci\u00f3n, y adem\u00e1s, de trabajar por un trato digno hacia los inmigrantes que hoy residen en el Valle de Aconcagua y que necesitan integrarse por completo a la sociedad.<br \/>\nAs\u00ed lo plante\u00f3 la presidenta del Consejo Aconcagua del Colegio de Periodistas, Elisa Fuentes, quien argument\u00f3 que \u201ctenemos un compromiso s\u00faper fuerte desde el punto de vista de los derechos humanos, el derecho a la comunicaci\u00f3n es b\u00e1sico y los haitianos hoy est\u00e1n presentando una dificultad desde el punto de vista de la comunicaci\u00f3n y ese derecho tenemos que garantizarlo todos\u201d enfatiz\u00f3 Fuentes.<br \/>\nRespecto de la utilidad que tendr\u00e1 esta cartilla, la periodista se mostr\u00f3 esperanzada en que pueda servir para mejorar la interacci\u00f3n con los pacientes inmigrantes y que \u201cel personal de salud lo pueda usar y que tambi\u00e9n permita una comunicaci\u00f3n, no s\u00e9 si m\u00e1s fluida, pero por lo menos, en este documento se permite tener un acercamiento y conocer cu\u00e1l es la situaci\u00f3n de salud de una persona haitiana\u201d, expres\u00f3 la profesional, a\u00f1adiendo que seguir\u00e1n apoyando a las autoridades locales en generar instancias que permitan la integraci\u00f3n, la defensa de los derechos humanos y, por cierto, realzar la dignidad profesional de los periodistas del Valle de Aconcagua.<br \/>\nLa profesional resalt\u00f3 que esta iniciativa cont\u00f3 con un respaldo inmediato desde el Servicio de Salud Aconcagua y el Hospital San Camilo, narrando que \u201cdesde que llegamos ac\u00e1 para presentarnos y trabajar en conjunto, iniciamos esta labor, a m\u00ed me toc\u00f3 contactar a este haitiano que es muy conocido y que ha desarrollado un trabajo muy potente con la Gobernaci\u00f3n, me toc\u00f3 trabajar con Tanya, compartir con ella y conocer no solamente lo que es su trabajo en una panader\u00eda en San Felipe, sino tambi\u00e9n, parte de su historia y las dificultades a las que se ha enfrentado durante este tiempo viviendo en Aconcagua\u201d, detall\u00f3 la dirigente.<br \/>\nPor su parte, la directora del Servicio se Salud Aconcagua, Dra. Vilma Olave, sostuvo que la creaci\u00f3n de esta plantilla se encuentra dentro de una de las preocupaciones fundamentales del SSA, la cual, radica en \u201cc\u00f3mo facilitar el acceso de todas las personas que habitan o transitan en el Valle de Aconcagua\u201d, admitiendo que un porcentaje de esa poblaci\u00f3n no es chilena y se trata de personas que llegan desde otros lugares del mundo.<br \/>\n\u201cNosotros siempre hemos trabajado para facilitar la atenci\u00f3n y el acceso a las prestaciones de todas las personas, independiente de su origen (\u2026) hay una dificultad adicional en el caso de las personas que tienen otro idioma, particularmente de los migrantes haitianos, quienes hablan franc\u00e9s o criollo (creol), dos idiomas que nosotros en el sector salud no manejamos, salvo contadas personas o profesionales integrantes del equipo de salud\u201d, afirm\u00f3 Olave.<\/p>\n<figure id=\"attachment_76960\" aria-describedby=\"caption-attachment-76960\" style=\"width: 300px\" class=\"wp-caption alignnone\"><img data-recalc-dims=\"1\" loading=\"lazy\" decoding=\"async\" class=\"size-medium wp-image-76960\" src=\"https:\/\/i0.wp.com\/www.eltrabajo.cl\/2017\/wp-content\/uploads\/2017\/01\/Foto-2-Jean-Baguidy-Henry-300x181.jpg?resize=300%2C181\" alt=\"Jean  Baguidy Henry, periodista haitiano residente en San Felipe.\" width=\"300\" height=\"181\" srcset=\"https:\/\/i0.wp.com\/eltrabajo.cl\/portal\/wp-content\/uploads\/2017\/01\/Foto-2-Jean-Baguidy-Henry.jpg?resize=300%2C181&amp;ssl=1 300w, https:\/\/i0.wp.com\/eltrabajo.cl\/portal\/wp-content\/uploads\/2017\/01\/Foto-2-Jean-Baguidy-Henry.jpg?resize=200%2C120&amp;ssl=1 200w, https:\/\/i0.wp.com\/eltrabajo.cl\/portal\/wp-content\/uploads\/2017\/01\/Foto-2-Jean-Baguidy-Henry.jpg?resize=150%2C90&amp;ssl=1 150w, https:\/\/i0.wp.com\/eltrabajo.cl\/portal\/wp-content\/uploads\/2017\/01\/Foto-2-Jean-Baguidy-Henry.jpg?w=580&amp;ssl=1 580w\" sizes=\"auto, (max-width: 300px) 100vw, 300px\" \/><figcaption id=\"caption-attachment-76960\" class=\"wp-caption-text\">Jean Baguidy Henry, periodista haitiano residente en San Felipe.<\/figcaption><\/figure>\n<p>Jean Baguidy Henry, es un periodista haitiano que-al igual que sus compatriotas-, lleg\u00f3 a San Felipe en busca de mejores oportunidades, a\u00fan est\u00e1 sin trabajo y reconoce que \u201ces una iniciativa muy importante porque la salud es necesaria y esta gu\u00eda apunta a mejorar es factor\u201d, precisando que \u00e9l est\u00e1 inscrito en la red de salud p\u00fablica y que se ha sentido bastante bien, con muy buena acogida en los servicios de salud.<br \/>\nRespecto de cu\u00e1les han sido sus mayores dificultades desde que est\u00e1 en Chile, el profesional extranjero manifest\u00f3 que sus principales problemas han estado relacionados con la vivienda \u201cencontrar un lugar para vivir y tambi\u00e9n con la b\u00fasqueda de un empleo que le permita asegurar sus necesidades\u201d, expres\u00f3 el joven extranjero.<\/p>\n","protected":false},"excerpt":{"rendered":"<p>Iniciativa del Consejo Aconcagua del Colegio de Periodistas junto al Hospital San Camilo:\u00a0Gu\u00eda pr\u00e1ctica permitir\u00e1 mejorar la comunicaci\u00f3n y el entendimiento entre los pacientes haitianos y el equipo t\u00e9cnico-profesional de los distintos&#8230;<\/p>\n","protected":false},"author":1,"featured_media":76959,"comment_status":"open","ping_status":"open","sticky":false,"template":"","format":"standard","meta":{"advanced_seo_description":"","jetpack_seo_html_title":"","jetpack_seo_noindex":false,"_jetpack_memberships_contains_paid_content":false,"footnotes":""},"categories":[1],"tags":[49,50,46,27],"class_list":["post-76958","post","type-post","status-publish","format-standard","has-post-thumbnail","hentry","category-cronica","tag-extranjeros","tag-haitianos","tag-hospital-san-camilo","tag-san-felipe"],"jetpack_featured_media_url":"https:\/\/i0.wp.com\/eltrabajo.cl\/portal\/wp-content\/uploads\/2017\/01\/Foto-1-Elisa-Fuentes-Ortega.jpg?fit=580%2C348&ssl=1","jetpack_sharing_enabled":true,"jetpack_likes_enabled":true,"jetpack-related-posts":[],"_links":{"self":[{"href":"https:\/\/eltrabajo.cl\/portal\/wp-json\/wp\/v2\/posts\/76958","targetHints":{"allow":["GET"]}}],"collection":[{"href":"https:\/\/eltrabajo.cl\/portal\/wp-json\/wp\/v2\/posts"}],"about":[{"href":"https:\/\/eltrabajo.cl\/portal\/wp-json\/wp\/v2\/types\/post"}],"author":[{"embeddable":true,"href":"https:\/\/eltrabajo.cl\/portal\/wp-json\/wp\/v2\/users\/1"}],"replies":[{"embeddable":true,"href":"https:\/\/eltrabajo.cl\/portal\/wp-json\/wp\/v2\/comments?post=76958"}],"version-history":[{"count":0,"href":"https:\/\/eltrabajo.cl\/portal\/wp-json\/wp\/v2\/posts\/76958\/revisions"}],"wp:featuredmedia":[{"embeddable":true,"href":"https:\/\/eltrabajo.cl\/portal\/wp-json\/wp\/v2\/media\/76959"}],"wp:attachment":[{"href":"https:\/\/eltrabajo.cl\/portal\/wp-json\/wp\/v2\/media?parent=76958"}],"wp:term":[{"taxonomy":"category","embeddable":true,"href":"https:\/\/eltrabajo.cl\/portal\/wp-json\/wp\/v2\/categories?post=76958"},{"taxonomy":"post_tag","embeddable":true,"href":"https:\/\/eltrabajo.cl\/portal\/wp-json\/wp\/v2\/tags?post=76958"}],"curies":[{"name":"wp","href":"https:\/\/api.w.org\/{rel}","templated":true}]}}