{"id":76974,"date":"2017-01-31T08:35:04","date_gmt":"2017-01-31T12:35:04","guid":{"rendered":"http:\/\/www.eltrabajo.cl\/2017\/?p=76974"},"modified":"2017-01-31T08:35:04","modified_gmt":"2017-01-31T12:35:04","slug":"coleccion-flores-de-verano-2017-se-presento-el-sabado-en-sala-vip-cesar","status":"publish","type":"post","link":"https:\/\/eltrabajo.cl\/portal\/coleccion-flores-de-verano-2017-se-presento-el-sabado-en-sala-vip-cesar\/","title":{"rendered":"\u2018Colecci\u00f3n Flores de Verano 2017\u2019 se present\u00f3 el s\u00e1bado en Sala VIP C\u00e9sar"},"content":{"rendered":"<figure id=\"attachment_76975\" aria-describedby=\"caption-attachment-76975\" style=\"width: 580px\" class=\"wp-caption alignnone\"><img data-recalc-dims=\"1\" loading=\"lazy\" decoding=\"async\" class=\"size-full wp-image-76975\" src=\"https:\/\/i0.wp.com\/www.eltrabajo.cl\/2017\/wp-content\/uploads\/2017\/01\/Modelaje33.jpg?resize=580%2C350\" alt=\"MODELAJE ACONCAG\u00dcINO.- Este grupo de modelos aconcag\u00fcinos hicieron de las suyas durante el lanzamiento de la \u2018Colecci\u00f3n Flores de verano 2017\u2019, desfile de modas promocionada por Camila Fern\u00e1ndez.\" width=\"580\" height=\"350\" srcset=\"https:\/\/i0.wp.com\/eltrabajo.cl\/portal\/wp-content\/uploads\/2017\/01\/Modelaje33.jpg?w=580&amp;ssl=1 580w, https:\/\/i0.wp.com\/eltrabajo.cl\/portal\/wp-content\/uploads\/2017\/01\/Modelaje33.jpg?resize=200%2C121&amp;ssl=1 200w, https:\/\/i0.wp.com\/eltrabajo.cl\/portal\/wp-content\/uploads\/2017\/01\/Modelaje33.jpg?resize=300%2C181&amp;ssl=1 300w, https:\/\/i0.wp.com\/eltrabajo.cl\/portal\/wp-content\/uploads\/2017\/01\/Modelaje33.jpg?resize=150%2C91&amp;ssl=1 150w\" sizes=\"auto, (max-width: 580px) 100vw, 580px\" \/><figcaption id=\"caption-attachment-76975\" class=\"wp-caption-text\">MODELAJE ACONCAG\u00dcINO.- Este grupo de modelos aconcag\u00fcinos hicieron de las suyas durante el lanzamiento de la \u2018Colecci\u00f3n Flores de verano 2017\u2019, desfile de modas promocionada por Camila Fern\u00e1ndez.<\/figcaption><\/figure>\n<ul>\n<li><span style=\"color: #ff0000;\"><strong>M\u00e1s de 20 modelos desfilaron l\u00ednea veraniega:<\/strong><\/span><\/li>\n<\/ul>\n<p>Una noche de bell\u00edsimas modelos y apuestos j\u00f3venes tambi\u00e9n, amantes del modelaje comercial, es la que se vivi\u00f3 este s\u00e1bado en la sala VIP de piscinas C\u00e9sar, carretera San Mart\u00edn. Se trata de una incursi\u00f3n profesional y desfile de modas que la promotora de eventos sanfelipe\u00f1a Camila Fern\u00e1ndez estuvo presentando este s\u00e1bado: \u00abPart\u00ed como productora hace seis meses, aunque desde 2012 estoy en esta gesti\u00f3n, mi productora produce eventos completos, es por ello que estamos trabajando con las mejores 20 modelos del Valle de Aconcagua, ellas vistieron ropa de tiendas como Azafr\u00e1n, S\u00f3lo para ti y Trajes brasile\u00f1os, entre otras importantes casas comerciales de San Felipe\u00bb, dijo a nuestro medio la productora de modas.<\/p>\n<p><strong>COLECCI\u00d3N VERANO<\/strong><br \/>\nLas c\u00e1maras de Diario El Trabajo tomaron registro de cada una de las pasarelas en las que estas chicas y modelos masculinos participaron, ya que lo hicieron en distintas categor\u00edas, incluyendo trajes de ba\u00f1o y ropa casual, tambi\u00e9n acompa\u00f1ados con colecciones de bolsos y ropa deportiva.<br \/>\n\u00abEsta propuesta se llama Colecci\u00f3n Flores de Verano 2017, para que estas prendas destacaran de la mejor forma es que contamos con modelos adolescentes y ya otras m\u00e1s profesionales, algunas Miss Aconcagua, chicas bell\u00edsimas y con harta experiencia. Para marzo lo que viene es una pila de eventos, por ejemplo, tendremos actividades los d\u00edas11, 15 y 26 de ese mes, habr\u00e1 magia, Sensual Dance y hasta un especial de Meralyn Monroe\u00bb, dijo Fern\u00e1ndez a Diario El Trabajo.<br \/>\n<strong>Roberto Gonz\u00e1lez Short<\/strong><\/p>\n<figure id=\"attachment_76976\" aria-describedby=\"caption-attachment-76976\" style=\"width: 300px\" class=\"wp-caption alignnone\"><img data-recalc-dims=\"1\" loading=\"lazy\" decoding=\"async\" class=\"size-medium wp-image-76976\" src=\"https:\/\/i0.wp.com\/www.eltrabajo.cl\/2017\/wp-content\/uploads\/2017\/01\/Camila-Fernandez-300x181.jpg?resize=300%2C181\" alt=\"Camila Fern\u00e1ndez, promotora de eventos de moda en el Valle Aconcagua.\" width=\"300\" height=\"181\" srcset=\"https:\/\/i0.wp.com\/eltrabajo.cl\/portal\/wp-content\/uploads\/2017\/01\/Camila-Fernandez.jpg?resize=300%2C181&amp;ssl=1 300w, https:\/\/i0.wp.com\/eltrabajo.cl\/portal\/wp-content\/uploads\/2017\/01\/Camila-Fernandez.jpg?resize=200%2C120&amp;ssl=1 200w, https:\/\/i0.wp.com\/eltrabajo.cl\/portal\/wp-content\/uploads\/2017\/01\/Camila-Fernandez.jpg?resize=150%2C90&amp;ssl=1 150w, https:\/\/i0.wp.com\/eltrabajo.cl\/portal\/wp-content\/uploads\/2017\/01\/Camila-Fernandez.jpg?w=580&amp;ssl=1 580w\" sizes=\"auto, (max-width: 300px) 100vw, 300px\" \/><figcaption id=\"caption-attachment-76976\" class=\"wp-caption-text\">Camila Fern\u00e1ndez, promotora de eventos de moda en el Valle Aconcagua.<\/figcaption><\/figure>\n<figure id=\"attachment_76977\" aria-describedby=\"caption-attachment-76977\" style=\"width: 580px\" class=\"wp-caption alignnone\"><img data-recalc-dims=\"1\" loading=\"lazy\" decoding=\"async\" class=\"size-full wp-image-76977\" src=\"https:\/\/i0.wp.com\/www.eltrabajo.cl\/2017\/wp-content\/uploads\/2017\/01\/evelyn-y-belen-andrea.jpg?resize=580%2C349\" alt=\"Bel\u00e9n y Evelyn, dos de las modelos que decoraron el evento con su encanto y belleza.\" width=\"580\" height=\"349\" srcset=\"https:\/\/i0.wp.com\/eltrabajo.cl\/portal\/wp-content\/uploads\/2017\/01\/evelyn-y-belen-andrea.jpg?w=580&amp;ssl=1 580w, https:\/\/i0.wp.com\/eltrabajo.cl\/portal\/wp-content\/uploads\/2017\/01\/evelyn-y-belen-andrea.jpg?resize=200%2C120&amp;ssl=1 200w, https:\/\/i0.wp.com\/eltrabajo.cl\/portal\/wp-content\/uploads\/2017\/01\/evelyn-y-belen-andrea.jpg?resize=300%2C181&amp;ssl=1 300w, https:\/\/i0.wp.com\/eltrabajo.cl\/portal\/wp-content\/uploads\/2017\/01\/evelyn-y-belen-andrea.jpg?resize=150%2C90&amp;ssl=1 150w\" sizes=\"auto, (max-width: 580px) 100vw, 580px\" \/><figcaption id=\"caption-attachment-76977\" class=\"wp-caption-text\">Bel\u00e9n y Evelyn, dos de las modelos que decoraron el evento con su encanto y belleza.<\/figcaption><\/figure>\n<figure id=\"attachment_76978\" aria-describedby=\"caption-attachment-76978\" style=\"width: 580px\" class=\"wp-caption alignnone\"><img data-recalc-dims=\"1\" loading=\"lazy\" decoding=\"async\" class=\"size-full wp-image-76978\" src=\"https:\/\/i0.wp.com\/www.eltrabajo.cl\/2017\/wp-content\/uploads\/2017\/01\/Maria-Espinoza.jpg?resize=580%2C349\" alt=\"BELL\u00cdSIMAS.- La despampanante modelo Mar\u00eda Espinoza (izquierda), se luci\u00f3 con su belleza y manejo esc\u00e9nico durante el desfile. Al centro Melissa Garay, experimentada modelo profesional que sabe adue\u00f1arse de un escenario con gran aplomo. A la derecha Sigrid Galaz, otra de las modelos que se destacaron durante este evento de modas.\" width=\"580\" height=\"349\" srcset=\"https:\/\/i0.wp.com\/eltrabajo.cl\/portal\/wp-content\/uploads\/2017\/01\/Maria-Espinoza.jpg?w=580&amp;ssl=1 580w, https:\/\/i0.wp.com\/eltrabajo.cl\/portal\/wp-content\/uploads\/2017\/01\/Maria-Espinoza.jpg?resize=200%2C120&amp;ssl=1 200w, https:\/\/i0.wp.com\/eltrabajo.cl\/portal\/wp-content\/uploads\/2017\/01\/Maria-Espinoza.jpg?resize=300%2C181&amp;ssl=1 300w, https:\/\/i0.wp.com\/eltrabajo.cl\/portal\/wp-content\/uploads\/2017\/01\/Maria-Espinoza.jpg?resize=150%2C90&amp;ssl=1 150w\" sizes=\"auto, (max-width: 580px) 100vw, 580px\" \/><figcaption id=\"caption-attachment-76978\" class=\"wp-caption-text\">BELL\u00cdSIMAS.- La despampanante modelo Mar\u00eda Espinoza (izquierda), se luci\u00f3 con su belleza y manejo esc\u00e9nico durante el desfile. Al centro Melissa Garay, experimentada modelo profesional que sabe adue\u00f1arse de un escenario con gran aplomo. A la derecha Sigrid Galaz, otra de las modelos que se destacaron durante este evento de modas.<\/figcaption><\/figure>\n<figure id=\"attachment_76979\" aria-describedby=\"caption-attachment-76979\" style=\"width: 580px\" class=\"wp-caption alignnone\"><img data-recalc-dims=\"1\" loading=\"lazy\" decoding=\"async\" class=\"size-full wp-image-76979\" src=\"https:\/\/i0.wp.com\/www.eltrabajo.cl\/2017\/wp-content\/uploads\/2017\/01\/Trio1.jpg?resize=580%2C349\" alt=\"BIEN ENCACHADOS.- Ellos son modelos masculinos, quienes actuaron a la perfecci\u00f3n: Mat\u00edas Ib\u00e1\u00f1ez, Kevin Mar\u00edn e Iv\u00e1n Molina.\" width=\"580\" height=\"349\" srcset=\"https:\/\/i0.wp.com\/eltrabajo.cl\/portal\/wp-content\/uploads\/2017\/01\/Trio1.jpg?w=580&amp;ssl=1 580w, https:\/\/i0.wp.com\/eltrabajo.cl\/portal\/wp-content\/uploads\/2017\/01\/Trio1.jpg?resize=200%2C120&amp;ssl=1 200w, https:\/\/i0.wp.com\/eltrabajo.cl\/portal\/wp-content\/uploads\/2017\/01\/Trio1.jpg?resize=300%2C181&amp;ssl=1 300w, https:\/\/i0.wp.com\/eltrabajo.cl\/portal\/wp-content\/uploads\/2017\/01\/Trio1.jpg?resize=150%2C90&amp;ssl=1 150w\" sizes=\"auto, (max-width: 580px) 100vw, 580px\" \/><figcaption id=\"caption-attachment-76979\" class=\"wp-caption-text\">BIEN ENCACHADOS.- Ellos son modelos masculinos, quienes actuaron a la perfecci\u00f3n: Mat\u00edas Ib\u00e1\u00f1ez, Kevin Mar\u00edn e Iv\u00e1n Molina.<\/figcaption><\/figure>\n","protected":false},"excerpt":{"rendered":"<p>M\u00e1s de 20 modelos desfilaron l\u00ednea veraniega: Una noche de bell\u00edsimas modelos y apuestos j\u00f3venes tambi\u00e9n, amantes del modelaje comercial, es la que se vivi\u00f3 este s\u00e1bado en la sala VIP de&#8230;<\/p>\n","protected":false},"author":1,"featured_media":76977,"comment_status":"open","ping_status":"open","sticky":false,"template":"","format":"standard","meta":{"advanced_seo_description":"","jetpack_seo_html_title":"","jetpack_seo_noindex":false,"_jetpack_memberships_contains_paid_content":false,"footnotes":""},"categories":[15],"tags":[63,64,27],"class_list":["post-76974","post","type-post","status-publish","format-standard","has-post-thumbnail","hentry","category-comunidad","tag-eventos","tag-modelo","tag-san-felipe"],"jetpack_featured_media_url":"https:\/\/i0.wp.com\/eltrabajo.cl\/portal\/wp-content\/uploads\/2017\/01\/evelyn-y-belen-andrea.jpg?fit=580%2C349&ssl=1","jetpack_sharing_enabled":true,"jetpack_likes_enabled":true,"jetpack-related-posts":[],"_links":{"self":[{"href":"https:\/\/eltrabajo.cl\/portal\/wp-json\/wp\/v2\/posts\/76974","targetHints":{"allow":["GET"]}}],"collection":[{"href":"https:\/\/eltrabajo.cl\/portal\/wp-json\/wp\/v2\/posts"}],"about":[{"href":"https:\/\/eltrabajo.cl\/portal\/wp-json\/wp\/v2\/types\/post"}],"author":[{"embeddable":true,"href":"https:\/\/eltrabajo.cl\/portal\/wp-json\/wp\/v2\/users\/1"}],"replies":[{"embeddable":true,"href":"https:\/\/eltrabajo.cl\/portal\/wp-json\/wp\/v2\/comments?post=76974"}],"version-history":[{"count":0,"href":"https:\/\/eltrabajo.cl\/portal\/wp-json\/wp\/v2\/posts\/76974\/revisions"}],"wp:featuredmedia":[{"embeddable":true,"href":"https:\/\/eltrabajo.cl\/portal\/wp-json\/wp\/v2\/media\/76977"}],"wp:attachment":[{"href":"https:\/\/eltrabajo.cl\/portal\/wp-json\/wp\/v2\/media?parent=76974"}],"wp:term":[{"taxonomy":"category","embeddable":true,"href":"https:\/\/eltrabajo.cl\/portal\/wp-json\/wp\/v2\/categories?post=76974"},{"taxonomy":"post_tag","embeddable":true,"href":"https:\/\/eltrabajo.cl\/portal\/wp-json\/wp\/v2\/tags?post=76974"}],"curies":[{"name":"wp","href":"https:\/\/api.w.org\/{rel}","templated":true}]}}