{"id":76981,"date":"2017-01-31T08:37:44","date_gmt":"2017-01-31T12:37:44","guid":{"rendered":"http:\/\/www.eltrabajo.cl\/2017\/?p=76981"},"modified":"2017-01-31T08:37:44","modified_gmt":"2017-01-31T12:37:44","slug":"municipio-pide-acelerar-proyecto-de-ciclovias-que-se-ejecuta-en-alamedas","status":"publish","type":"post","link":"https:\/\/eltrabajo.cl\/portal\/municipio-pide-acelerar-proyecto-de-ciclovias-que-se-ejecuta-en-alamedas\/","title":{"rendered":"Municipio pide acelerar proyecto de ciclov\u00edas que se ejecuta en alamedas"},"content":{"rendered":"<figure id=\"attachment_76982\" aria-describedby=\"caption-attachment-76982\" style=\"width: 580px\" class=\"wp-caption alignnone\"><img data-recalc-dims=\"1\" loading=\"lazy\" decoding=\"async\" class=\"size-full wp-image-76982\" src=\"https:\/\/i0.wp.com\/www.eltrabajo.cl\/2017\/wp-content\/uploads\/2017\/01\/CICLOVIAS.jpg?resize=580%2C350\" alt=\"Cambio del dise\u00f1o en el sector de avenida O\u00b4Higgins, entre las calles Traslavi\u00f1a y Maip\u00fa, donde la ciclov\u00eda iba por la calle, tramo que fue cambiado.\" width=\"580\" height=\"350\" srcset=\"https:\/\/i0.wp.com\/eltrabajo.cl\/portal\/wp-content\/uploads\/2017\/01\/CICLOVIAS.jpg?w=580&amp;ssl=1 580w, https:\/\/i0.wp.com\/eltrabajo.cl\/portal\/wp-content\/uploads\/2017\/01\/CICLOVIAS.jpg?resize=200%2C121&amp;ssl=1 200w, https:\/\/i0.wp.com\/eltrabajo.cl\/portal\/wp-content\/uploads\/2017\/01\/CICLOVIAS.jpg?resize=300%2C181&amp;ssl=1 300w, https:\/\/i0.wp.com\/eltrabajo.cl\/portal\/wp-content\/uploads\/2017\/01\/CICLOVIAS.jpg?resize=150%2C91&amp;ssl=1 150w\" sizes=\"auto, (max-width: 580px) 100vw, 580px\" \/><figcaption id=\"caption-attachment-76982\" class=\"wp-caption-text\">Cambio del dise\u00f1o en el sector de avenida O\u00b4Higgins, entre las calles Traslavi\u00f1a y Maip\u00fa, donde la ciclov\u00eda iba por la calle, tramo que fue cambiado.<\/figcaption><\/figure>\n<ul>\n<li><strong><span style=\"color: #ff0000;\">El 4 de mayo deber\u00edan estar los tramos terminados<\/span>:\u00a0Solicitud tiene como objetivo que las obras se encuentren culminadas antes que los estudiantes ingresen a los establecimientos educacionales.<\/strong><\/li>\n<\/ul>\n<figure id=\"attachment_76983\" aria-describedby=\"caption-attachment-76983\" style=\"width: 300px\" class=\"wp-caption alignnone\"><img data-recalc-dims=\"1\" loading=\"lazy\" decoding=\"async\" class=\"size-medium wp-image-76983\" src=\"https:\/\/i0.wp.com\/www.eltrabajo.cl\/2017\/wp-content\/uploads\/2017\/01\/claudio-paredes-300x181.jpg?resize=300%2C181\" alt=\"Secretario de Planificaci\u00f3n Comunal, Claudio Paredes.\" width=\"300\" height=\"181\" srcset=\"https:\/\/i0.wp.com\/eltrabajo.cl\/portal\/wp-content\/uploads\/2017\/01\/claudio-paredes.jpg?resize=300%2C181&amp;ssl=1 300w, https:\/\/i0.wp.com\/eltrabajo.cl\/portal\/wp-content\/uploads\/2017\/01\/claudio-paredes.jpg?resize=200%2C120&amp;ssl=1 200w, https:\/\/i0.wp.com\/eltrabajo.cl\/portal\/wp-content\/uploads\/2017\/01\/claudio-paredes.jpg?resize=150%2C90&amp;ssl=1 150w, https:\/\/i0.wp.com\/eltrabajo.cl\/portal\/wp-content\/uploads\/2017\/01\/claudio-paredes.jpg?w=580&amp;ssl=1 580w\" sizes=\"auto, (max-width: 300px) 100vw, 300px\" \/><figcaption id=\"caption-attachment-76983\" class=\"wp-caption-text\">Secretario de Planificaci\u00f3n Comunal, Claudio Paredes.<\/figcaption><\/figure>\n<p>Con el objetivo de avanzar en el proyecto de ciclov\u00edas que se desarrolla en las avenidas de la comuna de San Felipe, la Municipalidad ha realizado un proceso de coordinaci\u00f3n con el Serviu a nivel provincial y regional, solicitando acelerar la ejecuci\u00f3n de las obras.<br \/>\nAs\u00ed lo explic\u00f3 el secretario de Planificaci\u00f3n Comunal, Claudio Paredes, quien se\u00f1al\u00f3 que la solicitud tiene como objetivo que en este per\u00edodo de verano se ejecute la mayor cantidad de trabajos, en los distintos sectores donde se est\u00e1n construyendo las ciclov\u00edas, de manera que en el mes de marzo, cuando los ni\u00f1os vuelvan a los establecimientos educacionales, exista un menor impacto por calles cerradas.<br \/>\n\u201cNos interesa que en marzo, cuando la ciudad tome un dinamismo propio con el regreso de los estudiantes en los colegios, el tr\u00e1nsito est\u00e9, o gran parte de \u00e9l normalizado, por eso es que hoy d\u00eda se ve esta cantidad de calles cerradas y estas obras, porque lo que se quiere es apurar la ejecuci\u00f3n de manera de que en marzo estemos cerrando el proyecto de ciclov\u00edas\u201d.<br \/>\nEl profesional record\u00f3 que el Serviu licit\u00f3 y adjudic\u00f3 la ejecuci\u00f3n del proyecto a tres empresas distintas y aunque se trata de un proceso complejo, Paredes destac\u00f3 que gracias a la coordinaci\u00f3n con el municipio se han podido acelerar las obras. A esto se suma el cambio del dise\u00f1o en el sector de avenida O\u00b4Higgins, entre las calles Traslavi\u00f1a y Maip\u00fa, donde la ciclov\u00eda iba por la calle, tramo que fue cambiado, aceptando el Serviu la petici\u00f3n del municipio de mantener la ciclov\u00eda por el bandej\u00f3n de la alameda.<br \/>\nParedes coment\u00f3 que el porcentaje de avance va de acuerdo a la carta Gantt, por lo que el 4 de mayo deber\u00edan estar los tramos terminados, y ya se pueden observar algunas etapas bastante avanzadas.<br \/>\n\u201cAs\u00ed ha ido apur\u00e1ndose la obra, pero nosotros estamos confiados en poder apurar un poco m\u00e1s, de manera que en marzo ya est\u00e9n terminados\u201d, dijo el secpla, quien record\u00f3 que este proyecto alcanza los cuatro mil millones de pesos de inversi\u00f3n y que junto a La Calera son las \u00fanicas dos ciudades donde se est\u00e1 ejecutando en este per\u00edodo.<br \/>\nFrente a las cr\u00edticas por cortes de calle que se han planteado de parte de la comunidad, el profesional argument\u00f3 que podr\u00edan deberse a que en la comuna no se hab\u00eda realizado hace bastantes a\u00f1os este tipo de proyecto de tan alto impacto.<br \/>\n\u201cSi bien se han hecho proyectos importantes en el \u00faltimo tiempo, varios han sido en lugares que est\u00e1n en la periferia de la comuna, pero esto est\u00e1 en el damero central y por cierto que genera mayor inconveniente, as\u00ed que esperamos que esto nos acostumbre un poco, porque vienen nuevos proyectos, como la segunda etapa de las ciclov\u00edas que va a pasar por el centro y eso nos va a permitir tener un circuito y un plan de gesti\u00f3n de tr\u00e1nsito a la altura de las grandes ciudades de Chile\u201d.<\/p>\n","protected":false},"excerpt":{"rendered":"<p>El 4 de mayo deber\u00edan estar los tramos terminados:\u00a0Solicitud tiene como objetivo que las obras se encuentren culminadas antes que los estudiantes ingresen a los establecimientos educacionales. Con el objetivo de avanzar&#8230;<\/p>\n","protected":false},"author":1,"featured_media":76982,"comment_status":"open","ping_status":"open","sticky":false,"template":"","format":"standard","meta":{"advanced_seo_description":"","jetpack_seo_html_title":"","jetpack_seo_noindex":false,"_jetpack_memberships_contains_paid_content":false,"footnotes":""},"categories":[1],"tags":[],"class_list":["post-76981","post","type-post","status-publish","format-standard","has-post-thumbnail","hentry","category-cronica"],"jetpack_featured_media_url":"https:\/\/i0.wp.com\/eltrabajo.cl\/portal\/wp-content\/uploads\/2017\/01\/CICLOVIAS.jpg?fit=580%2C350&ssl=1","jetpack_sharing_enabled":true,"jetpack_likes_enabled":true,"jetpack-related-posts":[],"_links":{"self":[{"href":"https:\/\/eltrabajo.cl\/portal\/wp-json\/wp\/v2\/posts\/76981","targetHints":{"allow":["GET"]}}],"collection":[{"href":"https:\/\/eltrabajo.cl\/portal\/wp-json\/wp\/v2\/posts"}],"about":[{"href":"https:\/\/eltrabajo.cl\/portal\/wp-json\/wp\/v2\/types\/post"}],"author":[{"embeddable":true,"href":"https:\/\/eltrabajo.cl\/portal\/wp-json\/wp\/v2\/users\/1"}],"replies":[{"embeddable":true,"href":"https:\/\/eltrabajo.cl\/portal\/wp-json\/wp\/v2\/comments?post=76981"}],"version-history":[{"count":0,"href":"https:\/\/eltrabajo.cl\/portal\/wp-json\/wp\/v2\/posts\/76981\/revisions"}],"wp:featuredmedia":[{"embeddable":true,"href":"https:\/\/eltrabajo.cl\/portal\/wp-json\/wp\/v2\/media\/76982"}],"wp:attachment":[{"href":"https:\/\/eltrabajo.cl\/portal\/wp-json\/wp\/v2\/media?parent=76981"}],"wp:term":[{"taxonomy":"category","embeddable":true,"href":"https:\/\/eltrabajo.cl\/portal\/wp-json\/wp\/v2\/categories?post=76981"},{"taxonomy":"post_tag","embeddable":true,"href":"https:\/\/eltrabajo.cl\/portal\/wp-json\/wp\/v2\/tags?post=76981"}],"curies":[{"name":"wp","href":"https:\/\/api.w.org\/{rel}","templated":true}]}}