{"id":77041,"date":"2017-02-01T08:12:36","date_gmt":"2017-02-01T12:12:36","guid":{"rendered":"http:\/\/www.eltrabajo.cl\/2017\/?p=77041"},"modified":"2017-02-01T08:12:36","modified_gmt":"2017-02-01T12:12:36","slug":"municipio-contrata-escaneo-de-50-arboles-de-la-plaza-y-las-alamedas","status":"publish","type":"post","link":"https:\/\/eltrabajo.cl\/portal\/municipio-contrata-escaneo-de-50-arboles-de-la-plaza-y-las-alamedas\/","title":{"rendered":"Municipio contrata escaneo de 50 \u00e1rboles de la Plaza y las alamedas"},"content":{"rendered":"<figure id=\"attachment_77042\" aria-describedby=\"caption-attachment-77042\" style=\"width: 580px\" class=\"wp-caption alignnone\"><img data-recalc-dims=\"1\" loading=\"lazy\" decoding=\"async\" class=\"size-full wp-image-77042\" src=\"https:\/\/i0.wp.com\/www.eltrabajo.cl\/2017\/wp-content\/uploads\/2017\/02\/escaner-de-arboles.jpg?resize=580%2C349\" alt=\"El Alcalde Patricio Freire destac\u00f3 que la idea es evitar que vuelva a producirse la ca\u00edda de especies arb\u00f3reas que ya han cumplido su vida \u00fatil, como sucedi\u00f3 hace unas semanas con un inmenso roble americano.\" width=\"580\" height=\"349\" srcset=\"https:\/\/i0.wp.com\/eltrabajo.cl\/portal\/wp-content\/uploads\/2017\/02\/escaner-de-arboles.jpg?w=580&amp;ssl=1 580w, https:\/\/i0.wp.com\/eltrabajo.cl\/portal\/wp-content\/uploads\/2017\/02\/escaner-de-arboles.jpg?resize=200%2C120&amp;ssl=1 200w, https:\/\/i0.wp.com\/eltrabajo.cl\/portal\/wp-content\/uploads\/2017\/02\/escaner-de-arboles.jpg?resize=300%2C181&amp;ssl=1 300w, https:\/\/i0.wp.com\/eltrabajo.cl\/portal\/wp-content\/uploads\/2017\/02\/escaner-de-arboles.jpg?resize=249%2C150&amp;ssl=1 249w, https:\/\/i0.wp.com\/eltrabajo.cl\/portal\/wp-content\/uploads\/2017\/02\/escaner-de-arboles.jpg?resize=400%2C241&amp;ssl=1 400w\" sizes=\"auto, (max-width: 580px) 100vw, 580px\" \/><figcaption id=\"caption-attachment-77042\" class=\"wp-caption-text\">El Alcalde Patricio Freire destac\u00f3 que la idea es evitar que vuelva a producirse la ca\u00edda de especies arb\u00f3reas que ya han cumplido su vida \u00fatil, como sucedi\u00f3 hace unas semanas con un inmenso roble americano.<\/figcaption><\/figure>\n<p>A cargo de la empresa Sercotal qued\u00f3 la labor de escaneo de especies arb\u00f3reas iniciado en la jornada de este martes, iniciativa que tiene por objetivo establecer cu\u00e1les son las que presentan mayor riesgo de ca\u00edda, a prop\u00f3sito del cumplimiento de su vida \u00fatil.<br \/>\nLo anterior, con la finalidad de evitar que vuelvan a producirse situaciones como la vivida hace dos semanas aproximadamente, cuando se desplom\u00f3 un a\u00f1oso roble americano, afortunadamente en un horario en que no hab\u00eda movimiento de p\u00fablico, pues de haber sido en otro momento, el hecho pudo afectar a transe\u00fantes.<br \/>\nEstas labores se enmarcan en el Programa de Evaluaci\u00f3n de Riesgo de arbolado urbano que dispuso el Alcalde Patricio Freire, quien se\u00f1al\u00f3 que la idea es lograr que la Plaza de Armas siga siendo el principal pulm\u00f3n verde de la comuna, pero la idea es que sea tambi\u00e9n un espacio completamente seguro.<br \/>\n\u00abHemos tenido problemas de desprendimiento de ramas y ca\u00edda de \u00e1rboles a\u00f1osos, de m\u00e1s de 200 a\u00f1os, lo que nos ha complicado mantener la flora de nuestra Plaza de Armas, como ocurre con palmeras y araucarias, que tenemos que proteger, pero que sabemos que tienen una vida \u00fatil. Estamos haciendo un escaneo de los \u00e1rboles y si establecemos que ya cumplieron su vida \u00fatil, tendremos que reforestar, pues la idea es prevenir y no lamentar\u00bb, se\u00f1al\u00f3 el jefe comunal.<br \/>\nConsultado el encargado del \u00e1rea t\u00e9cnica de la empresa Sercotal, el proceso que se est\u00e1 desarrollando inicialmente dice relaci\u00f3n con la evaluaci\u00f3n de cada una de las 50 especies arb\u00f3reas, disponiendo un an\u00e1lisis visual, luego con martillos de goma para determinar si presenta defecto o cavidad interna; para finalizar efectuando un escaneo que permite determinar da\u00f1o interno, pudrici\u00f3n, cavidades y nivel de da\u00f1o. \u00abEn base a este trabajo, tomamos toda la informaci\u00f3n, hacemos nuestras sugerencias acerca del manejo futuro, poda, rebaje de copa o por \u00faltimo tala de los \u00e1rboles. Esta labor, por cada especie, demora entre 30 y 40 minutos\u00bb, se\u00f1al\u00f3 el profesional.<br \/>\nEn el arranque de esta labor de evaluaci\u00f3n de riesgo, el Alcalde Freire supervis\u00f3 el trabajo de los funcionarios de la empresa Sercotal, en compa\u00f1\u00eda de los concejales Christian Beals, Mario Villanueva y Dante Rodr\u00edguez, quienes valoraron la inyecci\u00f3n de recursos con profesionales especializados, a objeto de prevenir riesgos.<br \/>\nEl concejal Mario Villanueva resalt\u00f3 que \u00abla seguridad de nuestros vecinos y para nosotros como sanfelipe\u00f1os, es m\u00e1s que relevante\u00bb, coincidiendo con su par Dante Rodr\u00edguez quien recalc\u00f3 que esta labor \u00abes un compromiso que hemos adquirido\u00bb. El concejal Beals, en tanto, enfatiz\u00f3 que \u00abtenemos que seguir forestando la comuna, pero es necesario saber cu\u00e1l es la situaci\u00f3n actual de las especies de la Plaza de Armas\u00bb.<\/p>\n","protected":false},"excerpt":{"rendered":"<p>A cargo de la empresa Sercotal qued\u00f3 la labor de escaneo de especies arb\u00f3reas iniciado en la jornada de este martes, iniciativa que tiene por objetivo establecer cu\u00e1les son las que presentan&#8230;<\/p>\n","protected":false},"author":1,"featured_media":77042,"comment_status":"open","ping_status":"open","sticky":false,"template":"","format":"standard","meta":{"advanced_seo_description":"","jetpack_seo_html_title":"","jetpack_seo_noindex":false,"_jetpack_memberships_contains_paid_content":false,"footnotes":""},"categories":[1],"tags":[67,27],"class_list":["post-77041","post","type-post","status-publish","format-standard","has-post-thumbnail","hentry","category-cronica","tag-plaza-de-armas","tag-san-felipe"],"jetpack_featured_media_url":"https:\/\/i0.wp.com\/eltrabajo.cl\/portal\/wp-content\/uploads\/2017\/02\/escaner-de-arboles.jpg?fit=580%2C349&ssl=1","jetpack_sharing_enabled":true,"jetpack_likes_enabled":true,"jetpack-related-posts":[],"_links":{"self":[{"href":"https:\/\/eltrabajo.cl\/portal\/wp-json\/wp\/v2\/posts\/77041","targetHints":{"allow":["GET"]}}],"collection":[{"href":"https:\/\/eltrabajo.cl\/portal\/wp-json\/wp\/v2\/posts"}],"about":[{"href":"https:\/\/eltrabajo.cl\/portal\/wp-json\/wp\/v2\/types\/post"}],"author":[{"embeddable":true,"href":"https:\/\/eltrabajo.cl\/portal\/wp-json\/wp\/v2\/users\/1"}],"replies":[{"embeddable":true,"href":"https:\/\/eltrabajo.cl\/portal\/wp-json\/wp\/v2\/comments?post=77041"}],"version-history":[{"count":0,"href":"https:\/\/eltrabajo.cl\/portal\/wp-json\/wp\/v2\/posts\/77041\/revisions"}],"wp:featuredmedia":[{"embeddable":true,"href":"https:\/\/eltrabajo.cl\/portal\/wp-json\/wp\/v2\/media\/77042"}],"wp:attachment":[{"href":"https:\/\/eltrabajo.cl\/portal\/wp-json\/wp\/v2\/media?parent=77041"}],"wp:term":[{"taxonomy":"category","embeddable":true,"href":"https:\/\/eltrabajo.cl\/portal\/wp-json\/wp\/v2\/categories?post=77041"},{"taxonomy":"post_tag","embeddable":true,"href":"https:\/\/eltrabajo.cl\/portal\/wp-json\/wp\/v2\/tags?post=77041"}],"curies":[{"name":"wp","href":"https:\/\/api.w.org\/{rel}","templated":true}]}}