{"id":77044,"date":"2017-02-01T08:17:02","date_gmt":"2017-02-01T12:17:02","guid":{"rendered":"http:\/\/www.eltrabajo.cl\/2017\/?p=77044"},"modified":"2017-02-01T08:17:02","modified_gmt":"2017-02-01T12:17:02","slug":"pagaba-10-000-de-agua-y-al-mes-siguiente-le-cobran-mas-de-80-000","status":"publish","type":"post","link":"https:\/\/eltrabajo.cl\/portal\/pagaba-10-000-de-agua-y-al-mes-siguiente-le-cobran-mas-de-80-000\/","title":{"rendered":"Pagaba $10.000 de agua y al mes siguiente le cobran m\u00e1s de $80.000"},"content":{"rendered":"<figure id=\"attachment_77045\" aria-describedby=\"caption-attachment-77045\" style=\"width: 580px\" class=\"wp-caption alignnone\"><img data-recalc-dims=\"1\" loading=\"lazy\" decoding=\"async\" class=\"size-full wp-image-77045\" src=\"https:\/\/i0.wp.com\/www.eltrabajo.cl\/2017\/wp-content\/uploads\/2017\/02\/Anomalia33.jpg?resize=580%2C350\" alt=\"Y LOS ALTOS COBROS SIGUEN.- As\u00ed de claritas son estas boletas de Esval, de una suma tan peque\u00f1a salta al mes siguiente a m\u00e1s de $80.000.\" width=\"580\" height=\"350\" srcset=\"https:\/\/i0.wp.com\/eltrabajo.cl\/portal\/wp-content\/uploads\/2017\/02\/Anomalia33.jpg?w=580&amp;ssl=1 580w, https:\/\/i0.wp.com\/eltrabajo.cl\/portal\/wp-content\/uploads\/2017\/02\/Anomalia33.jpg?resize=200%2C121&amp;ssl=1 200w, https:\/\/i0.wp.com\/eltrabajo.cl\/portal\/wp-content\/uploads\/2017\/02\/Anomalia33.jpg?resize=300%2C181&amp;ssl=1 300w, https:\/\/i0.wp.com\/eltrabajo.cl\/portal\/wp-content\/uploads\/2017\/02\/Anomalia33.jpg?resize=249%2C150&amp;ssl=1 249w, https:\/\/i0.wp.com\/eltrabajo.cl\/portal\/wp-content\/uploads\/2017\/02\/Anomalia33.jpg?resize=400%2C241&amp;ssl=1 400w\" sizes=\"auto, (max-width: 580px) 100vw, 580px\" \/><figcaption id=\"caption-attachment-77045\" class=\"wp-caption-text\">Y LOS ALTOS COBROS SIGUEN.- As\u00ed de claritas son estas boletas de Esval, de una suma tan peque\u00f1a salta al mes siguiente a m\u00e1s de $80.000.<\/figcaption><\/figure>\n<ul>\n<li><span style=\"color: #ff0000;\"><strong>Vecino de Villa Santa Teresita est\u00e1 desesperado:<\/strong><\/span><\/li>\n<\/ul>\n<p>M\u00e1s que molesto, muy indignado se encuentra un cliente de la empresa Esval, vecino de Villa Santa Teresita, tras llevarse la tremenda sorpresa del repentino cobro de $80.962 por un mes de agua, y el mes anterior eran unos $10.481, correspondiendo esta anomal\u00eda en noviembre y diciembre de 2016.<br \/>\nPero las cosas no terminan ah\u00ed, ya que el afectado, don Danilo Navarrete Lillo fue ese mismo mes a interponer su reclamo, al parecer hubo una soluci\u00f3n que \u2018congelaba\u2019 su deuda hasta hallar soluci\u00f3n por parte de Esval, pero la ingrata experiencia la est\u00e1 volviendo a sufrir ahora en enero, pues ahora el recibo lleg\u00f3 por m\u00e1s de $73.000.<br \/>\n\u00abEstoy muy molesto y preocupado, estoy haciendo p\u00fablica esta situaci\u00f3n con la intenci\u00f3n de que esto no le ocurra a otro vecino, tengo serias dudas de la seriedad de la empresa que hace las lecturas a Esval, pues no coinciden las mismas, simplemente hay lecturas inexistentes, en Esval me prometieron en diciembre que enviar\u00edan personal para realizar una inspecci\u00f3n a mi casa, pero hasta la fecha nadie ha venido para hacer dicha revisi\u00f3n\u00bb, dijo acongojado don Danilo a Diario El Trabajo.<\/p>\n<p><strong>ESVAL RECONOCE\u00a0INCRE\u00cdBLE ANOMAL\u00cdA<\/strong><br \/>\nNuestro medio habl\u00f3 con Alejandro P\u00e9rez, subgerente zonal de Esval, \u00abtras el an\u00e1lisis efectuado a la situaci\u00f3n de don Danilo, verificamos que hubo una diferencia puntual en las lecturas realizadas, en relaci\u00f3n al consumo registrado. Ya tomamos contacto con el cliente para indicarle los pasos a seguir y estamos tomando todas las medidas necesarias para que esta situaci\u00f3n no se vuelva a repetir\u00bb, dijo el ejecutivo.<br \/>\n<strong>Roberto Gonz\u00e1lez Short<\/strong><\/p>\n<figure id=\"attachment_77046\" aria-describedby=\"caption-attachment-77046\" style=\"width: 580px\" class=\"wp-caption alignnone\"><img data-recalc-dims=\"1\" loading=\"lazy\" decoding=\"async\" class=\"size-full wp-image-77046\" src=\"https:\/\/i0.wp.com\/www.eltrabajo.cl\/2017\/wp-content\/uploads\/2017\/02\/Danilo-Navarrete.jpg?resize=580%2C348\" alt=\"SALI\u00d3 PREMIADO.- Don Danilo Navarrete muestra a Diario El Trabajo los recibos que respaldan su reclamo, aunque ya pidi\u00f3 una revisi\u00f3n, asegura que nadie de Esval le ha visitado.\" width=\"580\" height=\"348\" srcset=\"https:\/\/i0.wp.com\/eltrabajo.cl\/portal\/wp-content\/uploads\/2017\/02\/Danilo-Navarrete.jpg?w=580&amp;ssl=1 580w, https:\/\/i0.wp.com\/eltrabajo.cl\/portal\/wp-content\/uploads\/2017\/02\/Danilo-Navarrete.jpg?resize=200%2C120&amp;ssl=1 200w, https:\/\/i0.wp.com\/eltrabajo.cl\/portal\/wp-content\/uploads\/2017\/02\/Danilo-Navarrete.jpg?resize=300%2C180&amp;ssl=1 300w, https:\/\/i0.wp.com\/eltrabajo.cl\/portal\/wp-content\/uploads\/2017\/02\/Danilo-Navarrete.jpg?resize=250%2C150&amp;ssl=1 250w, https:\/\/i0.wp.com\/eltrabajo.cl\/portal\/wp-content\/uploads\/2017\/02\/Danilo-Navarrete.jpg?resize=400%2C240&amp;ssl=1 400w\" sizes=\"auto, (max-width: 580px) 100vw, 580px\" \/><figcaption id=\"caption-attachment-77046\" class=\"wp-caption-text\">SALI\u00d3 PREMIADO.- Don Danilo Navarrete muestra a Diario El Trabajo los recibos que respaldan su reclamo, aunque ya pidi\u00f3 una revisi\u00f3n, asegura que nadie de Esval le ha visitado.<\/figcaption><\/figure>\n","protected":false},"excerpt":{"rendered":"<p>Vecino de Villa Santa Teresita est\u00e1 desesperado: M\u00e1s que molesto, muy indignado se encuentra un cliente de la empresa Esval, vecino de Villa Santa Teresita, tras llevarse la tremenda sorpresa del repentino&#8230;<\/p>\n","protected":false},"author":1,"featured_media":77046,"comment_status":"open","ping_status":"open","sticky":false,"template":"","format":"standard","meta":{"advanced_seo_description":"","jetpack_seo_html_title":"","jetpack_seo_noindex":false,"_jetpack_memberships_contains_paid_content":false,"footnotes":""},"categories":[15],"tags":[68,44,69,27],"class_list":["post-77044","post","type-post","status-publish","format-standard","has-post-thumbnail","hentry","category-comunidad","tag-cobro-excesivo","tag-denuncia","tag-esval","tag-san-felipe"],"jetpack_featured_media_url":"https:\/\/i0.wp.com\/eltrabajo.cl\/portal\/wp-content\/uploads\/2017\/02\/Danilo-Navarrete.jpg?fit=580%2C348&ssl=1","jetpack_sharing_enabled":true,"jetpack_likes_enabled":true,"jetpack-related-posts":[],"_links":{"self":[{"href":"https:\/\/eltrabajo.cl\/portal\/wp-json\/wp\/v2\/posts\/77044","targetHints":{"allow":["GET"]}}],"collection":[{"href":"https:\/\/eltrabajo.cl\/portal\/wp-json\/wp\/v2\/posts"}],"about":[{"href":"https:\/\/eltrabajo.cl\/portal\/wp-json\/wp\/v2\/types\/post"}],"author":[{"embeddable":true,"href":"https:\/\/eltrabajo.cl\/portal\/wp-json\/wp\/v2\/users\/1"}],"replies":[{"embeddable":true,"href":"https:\/\/eltrabajo.cl\/portal\/wp-json\/wp\/v2\/comments?post=77044"}],"version-history":[{"count":0,"href":"https:\/\/eltrabajo.cl\/portal\/wp-json\/wp\/v2\/posts\/77044\/revisions"}],"wp:featuredmedia":[{"embeddable":true,"href":"https:\/\/eltrabajo.cl\/portal\/wp-json\/wp\/v2\/media\/77046"}],"wp:attachment":[{"href":"https:\/\/eltrabajo.cl\/portal\/wp-json\/wp\/v2\/media?parent=77044"}],"wp:term":[{"taxonomy":"category","embeddable":true,"href":"https:\/\/eltrabajo.cl\/portal\/wp-json\/wp\/v2\/categories?post=77044"},{"taxonomy":"post_tag","embeddable":true,"href":"https:\/\/eltrabajo.cl\/portal\/wp-json\/wp\/v2\/tags?post=77044"}],"curies":[{"name":"wp","href":"https:\/\/api.w.org\/{rel}","templated":true}]}}