{"id":77048,"date":"2017-02-01T08:19:38","date_gmt":"2017-02-01T12:19:38","guid":{"rendered":"http:\/\/www.eltrabajo.cl\/2017\/?p=77048"},"modified":"2017-02-01T08:19:38","modified_gmt":"2017-02-01T12:19:38","slug":"despiden-a-bombero-por-acudir-a-combatir-incendios-forestales-en-el-sur","status":"publish","type":"post","link":"https:\/\/eltrabajo.cl\/portal\/despiden-a-bombero-por-acudir-a-combatir-incendios-forestales-en-el-sur\/","title":{"rendered":"Despiden a bombero por acudir a combatir incendios forestales en el Sur"},"content":{"rendered":"<figure id=\"attachment_77049\" aria-describedby=\"caption-attachment-77049\" style=\"width: 580px\" class=\"wp-caption alignnone\"><img data-recalc-dims=\"1\" loading=\"lazy\" decoding=\"async\" class=\"size-full wp-image-77049\" src=\"https:\/\/i0.wp.com\/www.eltrabajo.cl\/2017\/wp-content\/uploads\/2017\/02\/DESPEDIDO33.jpg?resize=580%2C348\" alt=\"Maximiliano Carroza, bombero de la comuna de Llay Llay que fue despedido de su trabajo, luego de ir a combatir incendios al sur en cooperaci\u00f3n con los otros cuerpos de bomberos. \" width=\"580\" height=\"348\" srcset=\"https:\/\/i0.wp.com\/eltrabajo.cl\/portal\/wp-content\/uploads\/2017\/02\/DESPEDIDO33.jpg?w=580&amp;ssl=1 580w, https:\/\/i0.wp.com\/eltrabajo.cl\/portal\/wp-content\/uploads\/2017\/02\/DESPEDIDO33.jpg?resize=200%2C120&amp;ssl=1 200w, https:\/\/i0.wp.com\/eltrabajo.cl\/portal\/wp-content\/uploads\/2017\/02\/DESPEDIDO33.jpg?resize=300%2C180&amp;ssl=1 300w, https:\/\/i0.wp.com\/eltrabajo.cl\/portal\/wp-content\/uploads\/2017\/02\/DESPEDIDO33.jpg?resize=250%2C150&amp;ssl=1 250w, https:\/\/i0.wp.com\/eltrabajo.cl\/portal\/wp-content\/uploads\/2017\/02\/DESPEDIDO33.jpg?resize=400%2C240&amp;ssl=1 400w\" sizes=\"auto, (max-width: 580px) 100vw, 580px\" \/><figcaption id=\"caption-attachment-77049\" class=\"wp-caption-text\">Maximiliano Carroza, bombero de la comuna de Llay Llay que fue despedido de su trabajo, luego de ir a combatir incendios al sur en cooperaci\u00f3n con los otros cuerpos de bomberos.<\/figcaption><\/figure>\n<p>Un bombero de la comuna de Llay Llay fue despedido de su trabajo luego de ir a combatir incendios al Sur del pa\u00eds, en cooperaci\u00f3n con los otros cuerpos de bomberos. Se trata de Maximiliano Carroza Meneses.<br \/>\nLa informaci\u00f3n fue confirmada por el Comandante de Bomberos de Llay Llay, Ra\u00fal Villarroel, quien dijo que al momento de llegar a su trabajo, luego de participar por tres d\u00edas en el Sur, su empleador lo recibi\u00f3 con su finiquito.<br \/>\n\u201cLamentablemente es verdad, el bombero fue despedido al llegar a su lugar de trabajo, su \u2018ejemplo de empleador\u2019 le pas\u00f3 su finiquito dici\u00e9ndole que estaba desvinculado de su empresa\u201d, se\u00f1al\u00f3.<br \/>\nLo anterior, pese a que le hab\u00eda dado autorizaci\u00f3n para ir al Sur en apoyo a los dem\u00e1s Cuerpos de Bomberos. El voluntario trabaj\u00f3 por tres d\u00edas en Vichuqu\u00e9n, en incendios que son de conocimiento de toda la opini\u00f3n p\u00fablica.<br \/>\n\u201c\u00c9l fue con la autorizaci\u00f3n de su jefe y despu\u00e9s el hombre, cuando lleg\u00f3, le dijo al voluntario que estaba despedido\u201d<br \/>\nA\u00f1adi\u00f3 que el empleador le expres\u00f3 al voluntario, que su presencia no era necesaria en el sur: \u201cLamentablemente este se\u00f1or ignorante, no sabe que nosotros fuimos activados a trav\u00e9s del Consejo Regional del Cuerpo de Bomberos de Chile, fue una activaci\u00f3n con documentos en mano, nosotros no salimos, no nos auto despachamos, nosotros seguimos los procedimientos que establecen los dict\u00e1menes del Cuerpo de Bomberos, as\u00ed es que nosotros fuimos desplegados como fuerza de tarea hacia la zona\u201d, dijo Villarroel.<br \/>\nEl bombero despedido pertenece a la empresa subcontratista \u00c1reas Verdes Austral que realiza trabajos de reforestaci\u00f3n para KDM.<\/p>\n<p><strong>\u00abNunca se me quitar\u00e1n las ganas de ser bombero\u00bb<\/strong><br \/>\nSeg\u00fan relat\u00f3 el propio voluntario afectado, cuando se dirig\u00eda a Vichuqu\u00e9n hicieron una parada en la comuna de Huala\u00f1\u00e9, momento en el cual asegura Maximiliano Carroza Meneses, lo llam\u00f3 su supervisor en terreno para comunicarle que a la vuelta estaba despedido.<br \/>\n\u00abEl martes en la ma\u00f1ana cuando \u00edbamos camino a Vichuqu\u00e9n, hicimos una parada el Huala\u00f1\u00e9, y el supervisor en terreno me llam\u00f3 que mi contrato se terminaba cuando yo volviera del sur por inasistencia al trabajo\u00bb.<br \/>\nA\u00f1ade que su empleador sabe que \u00e9l es bombero y que en ese momento iba al sur: \u00abEllos sab\u00edan, yo habl\u00e9 por tel\u00e9fono temprano, envi\u00e9 un par de correos, pero ellos siempre estuvieron al tanto que yo iba a Vichuqu\u00e9n en este caso, adem\u00e1s que yo era bombero. Adem\u00e1s hab\u00eda hecho cursos autorizado por ellos y ahora de la nada se produce este tema del despido\u00bb, dice Maximiliano.<br \/>\n<strong>&#8211; \u00bfSab\u00eda tu empleador de la existencia de la ley 20.907 que ampara a los voluntarios de bomberos?<\/strong><br \/>\n&#8211; \u00ab\u00c9l sab\u00eda, estaba al tanto, de hecho \u00e9l se argument\u00f3 en la ley que yo no pod\u00eda faltar.<br \/>\n\u00abM\u00e1s que un tema de leyes, es ver que es una cat\u00e1strofe lo que est\u00e1 pasando, se est\u00e1 quemando mucho m\u00e1s de lo que se ve en la televisi\u00f3n, no es cualquier tipo de incendio, estamos hablando de algo que ya compete al pa\u00eds, no es controlable por una o dos compa\u00f1\u00edas, m\u00e1s apoyo all\u00e1 es necesario estar ah\u00ed\u00bb.<br \/>\n<strong>&#8211; \u00bfAlguien se ha comunicado contigo para prestarte apoyo de alg\u00fan organismo gubernamental?<\/strong><br \/>\n&#8211; \u00abS\u00ed, he tenido un par de contactos, me han estado asesorando, tengo varios organismos que est\u00e1n al tanto de este tema y se est\u00e1 viendo. En realidad no tengo muchas ganas de volver, porque puede que vuelva y al pr\u00f3ximo mes al m\u00e1s m\u00ednimo detalle sea lo mismo\u00bb.<br \/>\nDice que hay mucha gente que se ha puesto la mano en el coraz\u00f3n y ya le han ofrecido trabajo: \u00abYo estudi\u00e9 la carrera de t\u00e9cnico en prevenci\u00f3n y ya me han ofrecido un trabajo y ya estoy manejando otro tipo de ofertas. Lo importante ac\u00e1 es que no vuelva a pasar, no le pase a ning\u00fan otro bombero, all\u00e1 en el sur no se est\u00e1 jugando, se perdieron vidas, casas y eso no para, Bomberos va a tener que seguir saliendo\u00bb, se\u00f1ala.<br \/>\nAprovecha de hacer un llamado a los patrones, empleadores, que se pongan la mano en el coraz\u00f3n m\u00e1s que por Bomberos, por la gente que est\u00e1 sufriendo.<br \/>\n<strong>&#8211; \u00bfCon esto se te quitan las ganas de ser bombero?<\/strong><br \/>\n&#8211; \u00abNo, nunca\u2026 jam\u00e1s, al contrario, hoy he estado todo el d\u00eda en la bomba, estamos al tanto de todo lo que est\u00e1 pasando en el sur y si se puede volver, se vuelve a trabajar\u2026 hay gente que necesita m\u00e1s de uno\u00bb.<\/p>\n","protected":false},"excerpt":{"rendered":"<p>Un bombero de la comuna de Llay Llay fue despedido de su trabajo luego de ir a combatir incendios al Sur del pa\u00eds, en cooperaci\u00f3n con los otros cuerpos de bomberos. Se&#8230;<\/p>\n","protected":false},"author":1,"featured_media":77049,"comment_status":"open","ping_status":"open","sticky":false,"template":"","format":"standard","meta":{"advanced_seo_description":"","jetpack_seo_html_title":"","jetpack_seo_noindex":false,"_jetpack_memberships_contains_paid_content":false,"footnotes":""},"categories":[1],"tags":[70,44,71,60,43],"class_list":["post-77048","post","type-post","status-publish","format-standard","has-post-thumbnail","hentry","category-cronica","tag-bomberos","tag-denuncia","tag-despido","tag-incendio","tag-llay-llay"],"jetpack_featured_media_url":"https:\/\/i0.wp.com\/eltrabajo.cl\/portal\/wp-content\/uploads\/2017\/02\/DESPEDIDO33.jpg?fit=580%2C348&ssl=1","jetpack_sharing_enabled":true,"jetpack_likes_enabled":true,"jetpack-related-posts":[],"_links":{"self":[{"href":"https:\/\/eltrabajo.cl\/portal\/wp-json\/wp\/v2\/posts\/77048","targetHints":{"allow":["GET"]}}],"collection":[{"href":"https:\/\/eltrabajo.cl\/portal\/wp-json\/wp\/v2\/posts"}],"about":[{"href":"https:\/\/eltrabajo.cl\/portal\/wp-json\/wp\/v2\/types\/post"}],"author":[{"embeddable":true,"href":"https:\/\/eltrabajo.cl\/portal\/wp-json\/wp\/v2\/users\/1"}],"replies":[{"embeddable":true,"href":"https:\/\/eltrabajo.cl\/portal\/wp-json\/wp\/v2\/comments?post=77048"}],"version-history":[{"count":0,"href":"https:\/\/eltrabajo.cl\/portal\/wp-json\/wp\/v2\/posts\/77048\/revisions"}],"wp:featuredmedia":[{"embeddable":true,"href":"https:\/\/eltrabajo.cl\/portal\/wp-json\/wp\/v2\/media\/77049"}],"wp:attachment":[{"href":"https:\/\/eltrabajo.cl\/portal\/wp-json\/wp\/v2\/media?parent=77048"}],"wp:term":[{"taxonomy":"category","embeddable":true,"href":"https:\/\/eltrabajo.cl\/portal\/wp-json\/wp\/v2\/categories?post=77048"},{"taxonomy":"post_tag","embeddable":true,"href":"https:\/\/eltrabajo.cl\/portal\/wp-json\/wp\/v2\/tags?post=77048"}],"curies":[{"name":"wp","href":"https:\/\/api.w.org\/{rel}","templated":true}]}}