{"id":77054,"date":"2017-02-02T07:40:28","date_gmt":"2017-02-02T11:40:28","guid":{"rendered":"http:\/\/www.eltrabajo.cl\/2017\/?p=77054"},"modified":"2017-02-02T07:40:28","modified_gmt":"2017-02-02T11:40:28","slug":"gran-show-con-artistas-nacionales-a-beneficio-de-damnificados-en-el-sur","status":"publish","type":"post","link":"https:\/\/eltrabajo.cl\/portal\/gran-show-con-artistas-nacionales-a-beneficio-de-damnificados-en-el-sur\/","title":{"rendered":"Gran show con artistas nacionales a beneficio de damnificados en el Sur"},"content":{"rendered":"<figure id=\"attachment_77055\" aria-describedby=\"caption-attachment-77055\" style=\"width: 580px\" class=\"wp-caption alignnone\"><img data-recalc-dims=\"1\" loading=\"lazy\" decoding=\"async\" class=\"wp-image-77055 size-full\" src=\"https:\/\/i0.wp.com\/www.eltrabajo.cl\/2017\/wp-content\/uploads\/2017\/02\/afiche-campa%C3%B1a-ayuda-aconcagua.jpg?resize=580%2C348\" alt=\"La actividad se ha estado promoviendo en las redes sociales.\" width=\"580\" height=\"348\" srcset=\"https:\/\/i0.wp.com\/eltrabajo.cl\/portal\/wp-content\/uploads\/2017\/02\/afiche-campa%C3%B1a-ayuda-aconcagua.jpg?w=580&amp;ssl=1 580w, https:\/\/i0.wp.com\/eltrabajo.cl\/portal\/wp-content\/uploads\/2017\/02\/afiche-campa%C3%B1a-ayuda-aconcagua.jpg?resize=200%2C120&amp;ssl=1 200w, https:\/\/i0.wp.com\/eltrabajo.cl\/portal\/wp-content\/uploads\/2017\/02\/afiche-campa%C3%B1a-ayuda-aconcagua.jpg?resize=300%2C180&amp;ssl=1 300w, https:\/\/i0.wp.com\/eltrabajo.cl\/portal\/wp-content\/uploads\/2017\/02\/afiche-campa%C3%B1a-ayuda-aconcagua.jpg?resize=250%2C150&amp;ssl=1 250w, https:\/\/i0.wp.com\/eltrabajo.cl\/portal\/wp-content\/uploads\/2017\/02\/afiche-campa%C3%B1a-ayuda-aconcagua.jpg?resize=400%2C240&amp;ssl=1 400w\" sizes=\"auto, (max-width: 580px) 100vw, 580px\" \/><figcaption id=\"caption-attachment-77055\" class=\"wp-caption-text\">La actividad se ha estado promoviendo en las redes sociales.<\/figcaption><\/figure>\n<p>Una verdadera lluvia de estrellas nacionales estar\u00e1 participando el d\u00eda de hoy en el show a beneficio de los afectados por los incendios forestales en el sur del pa\u00eds, en una actividad denominada \u00abAconcagua ayuda a Chile\u00bb y que tendr\u00e1 lugar en el Parque Urbano de Los Andes el d\u00eda de hoy.<br \/>\nEntre los artistas nacionales que participar\u00e1n del espect\u00e1culo figuran Mario Guerrero, La Noche, Fusi\u00f3n Humor, PayaHop, Eyci And Cody entre muchos otros, destacando adem\u00e1s los cr\u00e9ditos locales como Alma y El Negro Sambo.<br \/>\nSeg\u00fan se ha informado, la apertura de las puertas tendr\u00e1 lugar a partir de las 16 horas, aunque no se ha determinado la hora de inicio del espect\u00e1culo.<br \/>\nLa actividad adem\u00e1s contar\u00e1 con la animaci\u00f3n de Mauricio Henr\u00edquez, adem\u00e1s de contar con la presencia de Yamna Lobos, La Voz de Chile y Rodrigo Mu\u00f1oz.<br \/>\nEl valor de la adhesi\u00f3n al evento es de mil pesos, aunque tambi\u00e9n se puede ingresar llevando alguna cooperaci\u00f3n de las siguientes: botiqu\u00edn de emergencia; insumos veterinarios; agua y bebidas energ\u00e9ticas; barras de cereal; alimentos no perecibles; ropa nueva o en buen estado; elementos de trabajo y seguridad.<br \/>\nFinalmente se aconseja a los asistentes no olvidar vestir con ropa blanca.<\/p>\n","protected":false},"excerpt":{"rendered":"<p>Una verdadera lluvia de estrellas nacionales estar\u00e1 participando el d\u00eda de hoy en el show a beneficio de los afectados por los incendios forestales en el sur del pa\u00eds, en una actividad&#8230;<\/p>\n","protected":false},"author":1,"featured_media":77055,"comment_status":"open","ping_status":"open","sticky":false,"template":"","format":"standard","meta":{"advanced_seo_description":"","jetpack_seo_html_title":"","jetpack_seo_noindex":false,"_jetpack_memberships_contains_paid_content":false,"footnotes":""},"categories":[1],"tags":[38,63,40],"class_list":["post-77054","post","type-post","status-publish","format-standard","has-post-thumbnail","hentry","category-cronica","tag-aconcagua","tag-eventos","tag-los-andes"],"jetpack_featured_media_url":"https:\/\/i0.wp.com\/eltrabajo.cl\/portal\/wp-content\/uploads\/2017\/02\/afiche-campa%C3%B1a-ayuda-aconcagua.jpg?fit=580%2C348&ssl=1","jetpack_sharing_enabled":true,"jetpack_likes_enabled":true,"jetpack-related-posts":[],"_links":{"self":[{"href":"https:\/\/eltrabajo.cl\/portal\/wp-json\/wp\/v2\/posts\/77054","targetHints":{"allow":["GET"]}}],"collection":[{"href":"https:\/\/eltrabajo.cl\/portal\/wp-json\/wp\/v2\/posts"}],"about":[{"href":"https:\/\/eltrabajo.cl\/portal\/wp-json\/wp\/v2\/types\/post"}],"author":[{"embeddable":true,"href":"https:\/\/eltrabajo.cl\/portal\/wp-json\/wp\/v2\/users\/1"}],"replies":[{"embeddable":true,"href":"https:\/\/eltrabajo.cl\/portal\/wp-json\/wp\/v2\/comments?post=77054"}],"version-history":[{"count":0,"href":"https:\/\/eltrabajo.cl\/portal\/wp-json\/wp\/v2\/posts\/77054\/revisions"}],"wp:featuredmedia":[{"embeddable":true,"href":"https:\/\/eltrabajo.cl\/portal\/wp-json\/wp\/v2\/media\/77055"}],"wp:attachment":[{"href":"https:\/\/eltrabajo.cl\/portal\/wp-json\/wp\/v2\/media?parent=77054"}],"wp:term":[{"taxonomy":"category","embeddable":true,"href":"https:\/\/eltrabajo.cl\/portal\/wp-json\/wp\/v2\/categories?post=77054"},{"taxonomy":"post_tag","embeddable":true,"href":"https:\/\/eltrabajo.cl\/portal\/wp-json\/wp\/v2\/tags?post=77054"}],"curies":[{"name":"wp","href":"https:\/\/api.w.org\/{rel}","templated":true}]}}