{"id":77057,"date":"2017-02-02T07:45:10","date_gmt":"2017-02-02T11:45:10","guid":{"rendered":"http:\/\/www.eltrabajo.cl\/2017\/?p=77057"},"modified":"2017-02-02T07:45:10","modified_gmt":"2017-02-02T11:45:10","slug":"denuncian-a-fiscalia-contaminacion-rio-aconcagua-por-aridos-tres-esquinas","status":"publish","type":"post","link":"https:\/\/eltrabajo.cl\/portal\/denuncian-a-fiscalia-contaminacion-rio-aconcagua-por-aridos-tres-esquinas\/","title":{"rendered":"Denuncian a Fiscal\u00eda contaminaci\u00f3n R\u00edo Aconcagua por \u00e1ridos Tres Esquinas"},"content":{"rendered":"<figure id=\"attachment_77058\" aria-describedby=\"caption-attachment-77058\" style=\"width: 580px\" class=\"wp-caption alignnone\"><img data-recalc-dims=\"1\" loading=\"lazy\" decoding=\"async\" class=\"size-full wp-image-77058\" src=\"https:\/\/i0.wp.com\/www.eltrabajo.cl\/2017\/wp-content\/uploads\/2017\/02\/denuncia-fiscalia-aridos-tres-esquinas.jpg?resize=580%2C349\" alt=\"El Alcalde Patricio Freire acompa\u00f1ado del Abogado Mauricio Mass interpuso una denuncia ante la Fiscal\u00eda por contaminaci\u00f3n del R\u00edo Aconcagua.\" width=\"580\" height=\"349\" srcset=\"https:\/\/i0.wp.com\/eltrabajo.cl\/portal\/wp-content\/uploads\/2017\/02\/denuncia-fiscalia-aridos-tres-esquinas.jpg?w=580&amp;ssl=1 580w, https:\/\/i0.wp.com\/eltrabajo.cl\/portal\/wp-content\/uploads\/2017\/02\/denuncia-fiscalia-aridos-tres-esquinas.jpg?resize=200%2C120&amp;ssl=1 200w, https:\/\/i0.wp.com\/eltrabajo.cl\/portal\/wp-content\/uploads\/2017\/02\/denuncia-fiscalia-aridos-tres-esquinas.jpg?resize=300%2C181&amp;ssl=1 300w, https:\/\/i0.wp.com\/eltrabajo.cl\/portal\/wp-content\/uploads\/2017\/02\/denuncia-fiscalia-aridos-tres-esquinas.jpg?resize=249%2C150&amp;ssl=1 249w, https:\/\/i0.wp.com\/eltrabajo.cl\/portal\/wp-content\/uploads\/2017\/02\/denuncia-fiscalia-aridos-tres-esquinas.jpg?resize=400%2C241&amp;ssl=1 400w\" sizes=\"auto, (max-width: 580px) 100vw, 580px\" \/><figcaption id=\"caption-attachment-77058\" class=\"wp-caption-text\">El Alcalde Patricio Freire acompa\u00f1ado del Abogado Mauricio Mass interpuso una denuncia ante la Fiscal\u00eda por contaminaci\u00f3n del R\u00edo Aconcagua.<\/figcaption><\/figure>\n<ul>\n<li><span style=\"color: #ff0000;\"><strong>Alcalde Freire confirma sumario municipal contra empresa:<\/strong><\/span><\/li>\n<\/ul>\n<p>Acompa\u00f1ado del abogado Mauricio Mass del Departamento Jur\u00eddico de la Municipalidad de San Felipe, el Alcalde Patricio Freire concurri\u00f3 hasta la Fiscal\u00eda local a objeto de presentar una denuncia por vertimiento de lodos contaminantes al lecho del R\u00edo Aconcagua, espec\u00edficamente en el sector de Tres Esquinas, donde el martes la Direcci\u00f3n General de Aguas mult\u00f3 a la empresa de \u00e1ridos del mismo nombre, por intervenci\u00f3n ilegal del cauce del r\u00edo.<br \/>\nSeg\u00fan se\u00f1al\u00f3 el jefe comunal, esta denuncia se complementa con varias acciones que ha dispuesto para esclarecer las irregularidades detectadas en el funcionamiento de la planta de \u00e1ridos, la que en rigor permanece cerrada por decreto municipal y donde ya se anuncian varias investigaciones sumarias por una patente minera otorgada, sin conocimiento de Sernageomin.<br \/>\n\u00abEsta denuncia complementa toda la serie de acciones que hemos dispuesto, porque aqu\u00ed hay una extracci\u00f3n ilegal de \u00e1ridos, una escombrera ilegal, hay una patente de extracci\u00f3n minera que no tiene autorizaci\u00f3n de los \u00f3rganos correspondientes y que data de 2004, adem\u00e1s de la contaminaci\u00f3n del r\u00edo en que est\u00e1 incurriendo la empresa, al verter lodos en su cauce\u00bb, explic\u00f3 el Alcalde Freire.<br \/>\nSobre la investigaci\u00f3n sumaria, dijo la autoridad que es necesario establecer qui\u00e9nes son los responsables de la entrega de patentes mineras, sin siquiera conocer de ello el Sernageomin.<br \/>\nSeg\u00fan explic\u00f3 el abogado Mass, la contaminaci\u00f3n del r\u00edo a trav\u00e9s del vertimiento de lodos o Riles (residuos industriales l\u00edquidos), es sancionada por la Ley de Pesca y Acuicultura, pero tambi\u00e9n se solicita que la Fiscal\u00eda investigue la concesi\u00f3n de patentes con documentos que no corresponde y la forma en que la empresa adicion\u00f3 terrenos de bienes nacionales de uso p\u00fablico, por medio de un procedimiento en el Juzgado Civil, que resulta bastante poco claro.<br \/>\n\u00abEstamos entregando los antecedentes en conocimiento de la Fiscal\u00eda, pidiendo que investigue otras irregularidades que se han detectado y que en paralelo han derivado en una investigaci\u00f3n sumaria\u00bb, se\u00f1al\u00f3 el profesional.<br \/>\nSe espera que en lo sucesivo pueda darse curso a una investigaci\u00f3n por estas irregularidades que denunci\u00f3 la municipalidad, donde el alcalde comprometi\u00f3 determinar y sancionar las responsabilidades administrativas que existieren como consecuencia del accionar de esta empresa.<\/p>\n","protected":false},"excerpt":{"rendered":"<p>Alcalde Freire confirma sumario municipal contra empresa: Acompa\u00f1ado del abogado Mauricio Mass del Departamento Jur\u00eddico de la Municipalidad de San Felipe, el Alcalde Patricio Freire concurri\u00f3 hasta la Fiscal\u00eda local a objeto&#8230;<\/p>\n","protected":false},"author":1,"featured_media":77058,"comment_status":"open","ping_status":"open","sticky":false,"template":"","format":"standard","meta":{"advanced_seo_description":"","jetpack_seo_html_title":"","jetpack_seo_noindex":false,"_jetpack_memberships_contains_paid_content":false,"footnotes":""},"categories":[1],"tags":[72,44],"class_list":["post-77057","post","type-post","status-publish","format-standard","has-post-thumbnail","hentry","category-cronica","tag-contaminacion","tag-denuncia"],"jetpack_featured_media_url":"https:\/\/i0.wp.com\/eltrabajo.cl\/portal\/wp-content\/uploads\/2017\/02\/denuncia-fiscalia-aridos-tres-esquinas.jpg?fit=580%2C349&ssl=1","jetpack_sharing_enabled":true,"jetpack_likes_enabled":true,"jetpack-related-posts":[],"_links":{"self":[{"href":"https:\/\/eltrabajo.cl\/portal\/wp-json\/wp\/v2\/posts\/77057","targetHints":{"allow":["GET"]}}],"collection":[{"href":"https:\/\/eltrabajo.cl\/portal\/wp-json\/wp\/v2\/posts"}],"about":[{"href":"https:\/\/eltrabajo.cl\/portal\/wp-json\/wp\/v2\/types\/post"}],"author":[{"embeddable":true,"href":"https:\/\/eltrabajo.cl\/portal\/wp-json\/wp\/v2\/users\/1"}],"replies":[{"embeddable":true,"href":"https:\/\/eltrabajo.cl\/portal\/wp-json\/wp\/v2\/comments?post=77057"}],"version-history":[{"count":0,"href":"https:\/\/eltrabajo.cl\/portal\/wp-json\/wp\/v2\/posts\/77057\/revisions"}],"wp:featuredmedia":[{"embeddable":true,"href":"https:\/\/eltrabajo.cl\/portal\/wp-json\/wp\/v2\/media\/77058"}],"wp:attachment":[{"href":"https:\/\/eltrabajo.cl\/portal\/wp-json\/wp\/v2\/media?parent=77057"}],"wp:term":[{"taxonomy":"category","embeddable":true,"href":"https:\/\/eltrabajo.cl\/portal\/wp-json\/wp\/v2\/categories?post=77057"},{"taxonomy":"post_tag","embeddable":true,"href":"https:\/\/eltrabajo.cl\/portal\/wp-json\/wp\/v2\/tags?post=77057"}],"curies":[{"name":"wp","href":"https:\/\/api.w.org\/{rel}","templated":true}]}}