{"id":77073,"date":"2017-02-02T08:09:30","date_gmt":"2017-02-02T12:09:30","guid":{"rendered":"http:\/\/www.eltrabajo.cl\/2017\/?p=77073"},"modified":"2017-02-02T08:09:30","modified_gmt":"2017-02-02T12:09:30","slug":"recibio-feroz-paliza-de-su-jefe-por-no-usar-corbata-en-su-trabajo","status":"publish","type":"post","link":"https:\/\/eltrabajo.cl\/portal\/recibio-feroz-paliza-de-su-jefe-por-no-usar-corbata-en-su-trabajo\/","title":{"rendered":"Recibi\u00f3 feroz paliza de su jefe por no usar corbata en su trabajo"},"content":{"rendered":"<figure id=\"attachment_77075\" aria-describedby=\"caption-attachment-77075\" style=\"width: 580px\" class=\"wp-caption alignnone\"><img data-recalc-dims=\"1\" loading=\"lazy\" decoding=\"async\" class=\"size-full wp-image-77075\" src=\"https:\/\/i0.wp.com\/www.eltrabajo.cl\/2017\/wp-content\/uploads\/2017\/02\/Hematoma28.jpg?resize=580%2C348\" alt=\"\u00bfQUI\u00c9N DICE LA VERDAD?.- Tambi\u00e9n la pierna de este guardia recibi\u00f3 lo suyo, pues seg\u00fan el vigilante, cuando \u00e9l estaba en el suelo su jefe inmediato le atacaba con golpes y patadas.\" width=\"580\" height=\"348\" srcset=\"https:\/\/i0.wp.com\/eltrabajo.cl\/portal\/wp-content\/uploads\/2017\/02\/Hematoma28.jpg?w=580&amp;ssl=1 580w, https:\/\/i0.wp.com\/eltrabajo.cl\/portal\/wp-content\/uploads\/2017\/02\/Hematoma28.jpg?resize=200%2C120&amp;ssl=1 200w, https:\/\/i0.wp.com\/eltrabajo.cl\/portal\/wp-content\/uploads\/2017\/02\/Hematoma28.jpg?resize=300%2C180&amp;ssl=1 300w, https:\/\/i0.wp.com\/eltrabajo.cl\/portal\/wp-content\/uploads\/2017\/02\/Hematoma28.jpg?resize=250%2C150&amp;ssl=1 250w, https:\/\/i0.wp.com\/eltrabajo.cl\/portal\/wp-content\/uploads\/2017\/02\/Hematoma28.jpg?resize=400%2C240&amp;ssl=1 400w\" sizes=\"auto, (max-width: 580px) 100vw, 580px\" \/><figcaption id=\"caption-attachment-77075\" class=\"wp-caption-text\">\u00bfQUI\u00c9N DICE LA VERDAD?.- Tambi\u00e9n la pierna de este guardia recibi\u00f3 lo suyo, pues seg\u00fan el vigilante, cuando \u00e9l estaba en el suelo su jefe inmediato le atacaba con golpes y patadas.<\/figcaption><\/figure>\n<ul>\n<li><span style=\"color: #ff0000;\"><strong>Guardia de seguridad y supervisor fueron despedidos:<\/strong><\/span><\/li>\n<\/ul>\n<p>Un controversial y violento episodio laboral en el que un guardia de la empresa de seguridad GGP Servicios Industriales SpA, y el supervisor de \u00e9ste en la misma empresa, se enfrascaron en un problema de relaciones humanas en el que al final ambos perdieron su trabajo, pues fueron despedidos por su actuar.<\/p>\n<p><strong>POR UNA CORBATA<\/strong><br \/>\nLo peor del caso, y seg\u00fan el testimonio de ambos involucrados, es que todo el problema se origin\u00f3 porque el guardia no ten\u00eda puesta su corbata, como se lo ped\u00eda la empresa, pues seg\u00fan \u00e9ste, el calor era insoportable ese d\u00eda.<br \/>\nDiario El Trabajo habl\u00f3 con los involucrados a fin de atender la denuncia p\u00fablica que hizo en nuestra Sala de Redacci\u00f3n el guardia Germ\u00e1n Gonz\u00e1lez Celed\u00f3n, quien asegur\u00f3 a nuestro medio y tambi\u00e9n a las autoridades de la Direcci\u00f3n del Trabajo, que \u00e9l es la v\u00edctima en esta confusa historia.<br \/>\n\u00abYo ten\u00eda tres a\u00f1os de laborar en esta empresa como guardia de seguridad, este se\u00f1or supervisor, don Rodrigo Cortez Torres, apenas ten\u00eda dos meses en la empresa, en casa, no ten\u00eda mi corbata puesta cuando lleg\u00f3 el supervisor, me reclam\u00f3 de mala forma, me ret\u00f3, en un momento determinado yo tambi\u00e9n le respond\u00ed, pues me sent\u00ed acosado, ya que el jefe de planta s\u00ed nos permit\u00eda estar sin corbata, las cosas se salieron de control y este supervisor me dio un fuerte combo en la cara, luego cuando ca\u00ed al piso, ah\u00ed me dio de patadas en mi pierna y espalda, como pude y mientras yo recib\u00eda la paliza, pude avisar por radio a otro vigilante, dije por radio que me estaban agrediendo, de inmediato este agresor se retir\u00f3 y se puso a hacer llamadas por tel\u00e9fono, por esa raz\u00f3n ambos pusimos la denuncia en Carabineros, estuvimos seis horas detenidos y constatando lesiones, finalmente cuando nos dejaron en libertad, la empresa nos notific\u00f3 a los dos, que est\u00e1bamos desligados de la empresa\u00bb, dijo el joven Germ\u00e1n, quien es padre de dos hijos, vecino de Villa Departamental, y quien ahora se encuentra sin trabajo.<\/p>\n<p><strong>\u00abYO ME DEFEND\u00cd\u00bb<\/strong><br \/>\nNuestro medio pudo hablar con la otra parte en conflicto, don Rodrigo Cortez Torres, quien v\u00eda telef\u00f3nica acept\u00f3 ser entrevistado por Diario El Trabajo y grabada su voz para as\u00ed dar a conocer su versi\u00f3n de los hechos.<br \/>\n<strong>&#8211; \u00bfQu\u00e9 es lo que pas\u00f3 ese d\u00eda con el guardia y su corbata?<\/strong><br \/>\n&#8211; Yo hace dos meses que empec\u00e9 a trabajar en esta empresa, soy ex agente de la PDI, me jubil\u00e9 hace poco y me jubil\u00e9 sin problema alguno. Lo que pas\u00f3 puntualmente es que ya como supervisor a m\u00ed me correspondi\u00f3 controlar a este guardia, cuando llegu\u00e9 not\u00e9 que \u00e9l estaba sin la corbata que corresponde a su uniforme, situaci\u00f3n que puede representarle un parte de $5.000.000 a la empresa, no al guardia.<br \/>\n<strong>&#8211; \u00bfY c\u00f3mo reaccion\u00f3 el vigilante cuando le exigiste ponerse su corbata?<\/strong><br \/>\n&#8211; \u00c9l (el guardia) se molest\u00f3 porque le orden\u00e9 ponerse la corbata, se ofusc\u00f3 y me empez\u00f3 a insultar, me dijo que esta empresa val\u00eda callampa, la cuesti\u00f3n es que me dio una patada en los test\u00edculos, yo me defend\u00ed y lo empuj\u00e9 hacia atr\u00e1s y con un dedo le pegu\u00e9 en la zona de uno de sus ojos, Carabineros lleg\u00f3, expliqu\u00e9 lo que pas\u00f3, el guardia dijo su versi\u00f3n y eso fue lo que pas\u00f3, yo en todo momento lo que busqu\u00e9 fue resguardar mi integridad f\u00edsica y mi trabajo, pero igual a los dos nos despidieron.<\/p>\n<p><strong>EMPRESA NO PAGA<\/strong><br \/>\nLos hechos anteriormente relatados habr\u00edan ocurrido el 19 de enero, en el caso de Germ\u00e1n, \u00e9l reclama a la empresa que \u00e9sta le pague el Finiquito correspondiente a sus tres a\u00f1os de trabajo, situaci\u00f3n que ya no dio frutos en la etapa de Conciliaci\u00f3n entre \u00e9l y la empresa GGP Servicios Industriales SpA, lo que significa que el 21 de marzo de este a\u00f1o ambas partes se ver\u00e1n las caras en un juicio, pues aunque la empresa se neg\u00f3 a dar explicaciones a Diario El Trabajo, lo que s\u00ed est\u00e1 claro es que la misma no est\u00e1 dispuesta a pagar tal Finiquito, sino m\u00e1s bien s\u00f3lo $275.000 al ahora desempleado.<br \/>\n<strong>Roberto Gonz\u00e1lez Short<\/strong><\/p>\n<figure id=\"attachment_77076\" aria-describedby=\"caption-attachment-77076\" style=\"width: 580px\" class=\"wp-caption alignnone\"><img data-recalc-dims=\"1\" loading=\"lazy\" decoding=\"async\" class=\"size-full wp-image-77076\" src=\"https:\/\/i0.wp.com\/www.eltrabajo.cl\/2017\/wp-content\/uploads\/2017\/02\/Portada1.jpg?resize=580%2C349\" alt=\"INS\u00d3LITO.- El ex guardia de seguridad de la empresa GGP Servicios Industriales SpA muestra a Diario El Trabajo la corbata que, por no usarla un d\u00eda en su lugar de trabajo, le cost\u00f3 una paliza y tambi\u00e9n el trabajo con el que llevaba sustento a su hogar.\" width=\"580\" height=\"349\" srcset=\"https:\/\/i0.wp.com\/eltrabajo.cl\/portal\/wp-content\/uploads\/2017\/02\/Portada1.jpg?w=580&amp;ssl=1 580w, https:\/\/i0.wp.com\/eltrabajo.cl\/portal\/wp-content\/uploads\/2017\/02\/Portada1.jpg?resize=200%2C120&amp;ssl=1 200w, https:\/\/i0.wp.com\/eltrabajo.cl\/portal\/wp-content\/uploads\/2017\/02\/Portada1.jpg?resize=300%2C181&amp;ssl=1 300w, https:\/\/i0.wp.com\/eltrabajo.cl\/portal\/wp-content\/uploads\/2017\/02\/Portada1.jpg?resize=249%2C150&amp;ssl=1 249w, https:\/\/i0.wp.com\/eltrabajo.cl\/portal\/wp-content\/uploads\/2017\/02\/Portada1.jpg?resize=400%2C241&amp;ssl=1 400w\" sizes=\"auto, (max-width: 580px) 100vw, 580px\" \/><figcaption id=\"caption-attachment-77076\" class=\"wp-caption-text\">INS\u00d3LITO.- El ex guardia de seguridad de la empresa GGP Servicios Industriales SpA muestra a Diario El Trabajo la corbata que, por no usarla un d\u00eda en su lugar de trabajo, le cost\u00f3 una paliza y tambi\u00e9n el trabajo con el que llevaba sustento a su hogar.<\/figcaption><\/figure>\n<figure id=\"attachment_77074\" aria-describedby=\"caption-attachment-77074\" style=\"width: 580px\" class=\"wp-caption alignnone\"><img data-recalc-dims=\"1\" loading=\"lazy\" decoding=\"async\" class=\"size-full wp-image-77074\" src=\"https:\/\/i0.wp.com\/www.eltrabajo.cl\/2017\/wp-content\/uploads\/2017\/02\/Conciliacion33.jpg?resize=580%2C348\" alt=\"SIN FINIQUITO.- Los hechos anteriormente relatados habr\u00edan ocurrido el 19 de enero, en el caso de Germ\u00e1n, \u00e9l reclama a la empresa que \u00e9sta le pague el Finiquito correspondiente a sus tres a\u00f1os de trabajo, situaci\u00f3n que ya no dio frutos en la etapa de Conciliaci\u00f3n entre \u00e9l y la empresa GGP Servicios Industriales SpA.\" width=\"580\" height=\"348\" srcset=\"https:\/\/i0.wp.com\/eltrabajo.cl\/portal\/wp-content\/uploads\/2017\/02\/Conciliacion33.jpg?w=580&amp;ssl=1 580w, https:\/\/i0.wp.com\/eltrabajo.cl\/portal\/wp-content\/uploads\/2017\/02\/Conciliacion33.jpg?resize=200%2C120&amp;ssl=1 200w, https:\/\/i0.wp.com\/eltrabajo.cl\/portal\/wp-content\/uploads\/2017\/02\/Conciliacion33.jpg?resize=300%2C180&amp;ssl=1 300w, https:\/\/i0.wp.com\/eltrabajo.cl\/portal\/wp-content\/uploads\/2017\/02\/Conciliacion33.jpg?resize=250%2C150&amp;ssl=1 250w, https:\/\/i0.wp.com\/eltrabajo.cl\/portal\/wp-content\/uploads\/2017\/02\/Conciliacion33.jpg?resize=400%2C240&amp;ssl=1 400w\" sizes=\"auto, (max-width: 580px) 100vw, 580px\" \/><figcaption id=\"caption-attachment-77074\" class=\"wp-caption-text\">SIN FINIQUITO.- Los hechos anteriormente relatados habr\u00edan ocurrido el 19 de enero, en el caso de Germ\u00e1n, \u00e9l reclama a la empresa que \u00e9sta le pague el Finiquito correspondiente a sus tres a\u00f1os de trabajo, situaci\u00f3n que ya no dio frutos en la etapa de Conciliaci\u00f3n entre \u00e9l y la empresa GGP Servicios Industriales SpA.<\/figcaption><\/figure>\n","protected":false},"excerpt":{"rendered":"<p>Guardia de seguridad y supervisor fueron despedidos: Un controversial y violento episodio laboral en el que un guardia de la empresa de seguridad GGP Servicios Industriales SpA, y el supervisor de \u00e9ste&#8230;<\/p>\n","protected":false},"author":1,"featured_media":77076,"comment_status":"open","ping_status":"open","sticky":false,"template":"","format":"standard","meta":{"advanced_seo_description":"","jetpack_seo_html_title":"","jetpack_seo_noindex":false,"_jetpack_memberships_contains_paid_content":false,"footnotes":""},"categories":[15],"tags":[74,44,71,27],"class_list":["post-77073","post","type-post","status-publish","format-standard","has-post-thumbnail","hentry","category-comunidad","tag-acoso-laboral","tag-denuncia","tag-despido","tag-san-felipe"],"jetpack_featured_media_url":"https:\/\/i0.wp.com\/eltrabajo.cl\/portal\/wp-content\/uploads\/2017\/02\/Portada1.jpg?fit=580%2C349&ssl=1","jetpack_sharing_enabled":true,"jetpack_likes_enabled":true,"jetpack-related-posts":[],"_links":{"self":[{"href":"https:\/\/eltrabajo.cl\/portal\/wp-json\/wp\/v2\/posts\/77073","targetHints":{"allow":["GET"]}}],"collection":[{"href":"https:\/\/eltrabajo.cl\/portal\/wp-json\/wp\/v2\/posts"}],"about":[{"href":"https:\/\/eltrabajo.cl\/portal\/wp-json\/wp\/v2\/types\/post"}],"author":[{"embeddable":true,"href":"https:\/\/eltrabajo.cl\/portal\/wp-json\/wp\/v2\/users\/1"}],"replies":[{"embeddable":true,"href":"https:\/\/eltrabajo.cl\/portal\/wp-json\/wp\/v2\/comments?post=77073"}],"version-history":[{"count":0,"href":"https:\/\/eltrabajo.cl\/portal\/wp-json\/wp\/v2\/posts\/77073\/revisions"}],"wp:featuredmedia":[{"embeddable":true,"href":"https:\/\/eltrabajo.cl\/portal\/wp-json\/wp\/v2\/media\/77076"}],"wp:attachment":[{"href":"https:\/\/eltrabajo.cl\/portal\/wp-json\/wp\/v2\/media?parent=77073"}],"wp:term":[{"taxonomy":"category","embeddable":true,"href":"https:\/\/eltrabajo.cl\/portal\/wp-json\/wp\/v2\/categories?post=77073"},{"taxonomy":"post_tag","embeddable":true,"href":"https:\/\/eltrabajo.cl\/portal\/wp-json\/wp\/v2\/tags?post=77073"}],"curies":[{"name":"wp","href":"https:\/\/api.w.org\/{rel}","templated":true}]}}