{"id":77079,"date":"2017-02-03T07:51:35","date_gmt":"2017-02-03T11:51:35","guid":{"rendered":"http:\/\/www.eltrabajo.cl\/2017\/?p=77079"},"modified":"2017-02-03T07:51:35","modified_gmt":"2017-02-03T11:51:35","slug":"vecinos-de-las-4-villas-reunen-ayuda-para-zonas-arrasadas-por-incendios","status":"publish","type":"post","link":"https:\/\/eltrabajo.cl\/portal\/vecinos-de-las-4-villas-reunen-ayuda-para-zonas-arrasadas-por-incendios\/","title":{"rendered":"Vecinos de Las 4 Villas re\u00fanen ayuda para zonas arrasadas por incendios"},"content":{"rendered":"<figure id=\"attachment_77080\" aria-describedby=\"caption-attachment-77080\" style=\"width: 580px\" class=\"wp-caption alignnone\"><img data-recalc-dims=\"1\" loading=\"lazy\" decoding=\"async\" class=\"size-full wp-image-77080\" src=\"https:\/\/i0.wp.com\/www.eltrabajo.cl\/2017\/wp-content\/uploads\/2017\/02\/4-VILLAS-AYUDA.jpg?resize=580%2C349\" alt=\"Vecinos del sector de Las 4 Villas de la comuna de San Felipe se unieron para cooperar con las familias afectadas del sur, logrando reunir agua mineral, alimentos no perecibles y art\u00edculos de aseo.\" width=\"580\" height=\"349\" srcset=\"https:\/\/i0.wp.com\/eltrabajo.cl\/portal\/wp-content\/uploads\/2017\/02\/4-VILLAS-AYUDA.jpg?w=580&amp;ssl=1 580w, https:\/\/i0.wp.com\/eltrabajo.cl\/portal\/wp-content\/uploads\/2017\/02\/4-VILLAS-AYUDA.jpg?resize=200%2C120&amp;ssl=1 200w, https:\/\/i0.wp.com\/eltrabajo.cl\/portal\/wp-content\/uploads\/2017\/02\/4-VILLAS-AYUDA.jpg?resize=300%2C181&amp;ssl=1 300w, https:\/\/i0.wp.com\/eltrabajo.cl\/portal\/wp-content\/uploads\/2017\/02\/4-VILLAS-AYUDA.jpg?resize=249%2C150&amp;ssl=1 249w, https:\/\/i0.wp.com\/eltrabajo.cl\/portal\/wp-content\/uploads\/2017\/02\/4-VILLAS-AYUDA.jpg?resize=400%2C241&amp;ssl=1 400w\" sizes=\"auto, (max-width: 580px) 100vw, 580px\" \/><figcaption id=\"caption-attachment-77080\" class=\"wp-caption-text\">Vecinos del sector de Las 4 Villas de la comuna de San Felipe se unieron para cooperar con las familias afectadas del sur, logrando reunir agua mineral, alimentos no perecibles y art\u00edculos de aseo.<\/figcaption><\/figure>\n<p>Agua mineral, alimentos no perecibles y art\u00edculos de aseo son parte de la cooperaci\u00f3n que lograron reunir los vecinos del sector de Las 4 Villas de la comuna de San Felipe, para ir en ayuda de las familias que han resultado v\u00edctimas de los incendios que se registran en la zona sur del pa\u00eds.<br \/>\nAs\u00ed lo dio a conocer Pamela Palma Donoso, quien destac\u00f3 el importante gesto realizado por los vecinos de las villas Sol Naciente, Renacer, Industrial y 250 A\u00f1os en esta campa\u00f1a que naci\u00f3 de las ganas de cooperar desde la misma comunidad local.<br \/>\n\u201cLa gente siempre copera, incluso antes ayudamos a El Puerto, salimos en caravana y esperamos que ahora sea lo mismo. Vamos a ir en cami\u00f3n a dejar la ayuda que principalmente va a ir a Santa Olga y sectores aleda\u00f1os.Se agradece la cooperaci\u00f3n de los vecinos, que est\u00e1n siempre ayudando y aportando cuando es necesario\u201d, precis\u00f3 Pamela.<\/p>\n","protected":false},"excerpt":{"rendered":"<p>Agua mineral, alimentos no perecibles y art\u00edculos de aseo son parte de la cooperaci\u00f3n que lograron reunir los vecinos del sector de Las 4 Villas de la comuna de San Felipe, para&#8230;<\/p>\n","protected":false},"author":1,"featured_media":77080,"comment_status":"open","ping_status":"open","sticky":false,"template":"","format":"standard","meta":{"advanced_seo_description":"","jetpack_seo_html_title":"","jetpack_seo_noindex":false,"_jetpack_memberships_contains_paid_content":false,"footnotes":""},"categories":[15],"tags":[59,27,61],"class_list":["post-77079","post","type-post","status-publish","format-standard","has-post-thumbnail","hentry","category-comunidad","tag-damnificados","tag-san-felipe","tag-solidaridad"],"jetpack_featured_media_url":"https:\/\/i0.wp.com\/eltrabajo.cl\/portal\/wp-content\/uploads\/2017\/02\/4-VILLAS-AYUDA.jpg?fit=580%2C349&ssl=1","jetpack_sharing_enabled":true,"jetpack_likes_enabled":true,"jetpack-related-posts":[],"_links":{"self":[{"href":"https:\/\/eltrabajo.cl\/portal\/wp-json\/wp\/v2\/posts\/77079","targetHints":{"allow":["GET"]}}],"collection":[{"href":"https:\/\/eltrabajo.cl\/portal\/wp-json\/wp\/v2\/posts"}],"about":[{"href":"https:\/\/eltrabajo.cl\/portal\/wp-json\/wp\/v2\/types\/post"}],"author":[{"embeddable":true,"href":"https:\/\/eltrabajo.cl\/portal\/wp-json\/wp\/v2\/users\/1"}],"replies":[{"embeddable":true,"href":"https:\/\/eltrabajo.cl\/portal\/wp-json\/wp\/v2\/comments?post=77079"}],"version-history":[{"count":0,"href":"https:\/\/eltrabajo.cl\/portal\/wp-json\/wp\/v2\/posts\/77079\/revisions"}],"wp:featuredmedia":[{"embeddable":true,"href":"https:\/\/eltrabajo.cl\/portal\/wp-json\/wp\/v2\/media\/77080"}],"wp:attachment":[{"href":"https:\/\/eltrabajo.cl\/portal\/wp-json\/wp\/v2\/media?parent=77079"}],"wp:term":[{"taxonomy":"category","embeddable":true,"href":"https:\/\/eltrabajo.cl\/portal\/wp-json\/wp\/v2\/categories?post=77079"},{"taxonomy":"post_tag","embeddable":true,"href":"https:\/\/eltrabajo.cl\/portal\/wp-json\/wp\/v2\/tags?post=77079"}],"curies":[{"name":"wp","href":"https:\/\/api.w.org\/{rel}","templated":true}]}}