{"id":77082,"date":"2017-02-03T07:57:04","date_gmt":"2017-02-03T11:57:04","guid":{"rendered":"http:\/\/www.eltrabajo.cl\/2017\/?p=77082"},"modified":"2017-02-03T07:57:04","modified_gmt":"2017-02-03T11:57:04","slug":"universitarios-de-la-uac-llevaron-donativos-a-damnificados-en-san-javier","status":"publish","type":"post","link":"https:\/\/eltrabajo.cl\/portal\/universitarios-de-la-uac-llevaron-donativos-a-damnificados-en-san-javier\/","title":{"rendered":"Universitarios de la UAC llevaron donativos a damnificados en San Javier"},"content":{"rendered":"<figure id=\"attachment_77083\" aria-describedby=\"caption-attachment-77083\" style=\"width: 580px\" class=\"wp-caption alignnone\"><img data-recalc-dims=\"1\" loading=\"lazy\" decoding=\"async\" class=\"size-full wp-image-77083\" src=\"https:\/\/i0.wp.com\/www.eltrabajo.cl\/2017\/wp-content\/uploads\/2017\/02\/Universidad1.jpg?resize=580%2C350\" alt=\"LLENO TOTAL.- As\u00ed de cargados iban estos camiones tras la campa\u00f1a solidaria que la UAC desarroll\u00f3 esta semana.\" width=\"580\" height=\"350\" srcset=\"https:\/\/i0.wp.com\/eltrabajo.cl\/portal\/wp-content\/uploads\/2017\/02\/Universidad1.jpg?w=580&amp;ssl=1 580w, https:\/\/i0.wp.com\/eltrabajo.cl\/portal\/wp-content\/uploads\/2017\/02\/Universidad1.jpg?resize=200%2C121&amp;ssl=1 200w, https:\/\/i0.wp.com\/eltrabajo.cl\/portal\/wp-content\/uploads\/2017\/02\/Universidad1.jpg?resize=300%2C181&amp;ssl=1 300w, https:\/\/i0.wp.com\/eltrabajo.cl\/portal\/wp-content\/uploads\/2017\/02\/Universidad1.jpg?resize=249%2C150&amp;ssl=1 249w, https:\/\/i0.wp.com\/eltrabajo.cl\/portal\/wp-content\/uploads\/2017\/02\/Universidad1.jpg?resize=400%2C241&amp;ssl=1 400w\" sizes=\"auto, (max-width: 580px) 100vw, 580px\" \/><figcaption id=\"caption-attachment-77083\" class=\"wp-caption-text\">LLENO TOTAL.- As\u00ed de cargados iban estos camiones tras la campa\u00f1a solidaria que la UAC desarroll\u00f3 esta semana.<\/figcaption><\/figure>\n<p>Hay que reconocer la grandeza de los aconcag\u00fcinos; de los sanfelipe\u00f1os y de todos los chilenos, pues una vez m\u00e1s este coraz\u00f3n est\u00e1 latiendo con fuerza para bombear ayuda solidaria y amor fraternal para quienes desde hace varias semanas est\u00e1n sufriendo los estragos de infernales siniestros en el sur de nuestro pa\u00eds, dicho esto, hoy nos corresponde informar que una delegaci\u00f3n de la Universidad de Aconcagua viaj\u00f3 a San Javier, para colaborar con los damnificados por estos incendios forestales.<br \/>\nDiario El Trabajo habl\u00f3 ayer jueves con Javier Cerda, director de la Sede San Felipe de la UAC, \u00abla delegaci\u00f3n est\u00e1 compuesta por estudiantes de enfermer\u00eda, psicolog\u00eda, exalumnos y un equipo de apoyo. La campa\u00f1a de ayuda permiti\u00f3 recolectar alimentos, agua, ropa e insumos de ferreter\u00eda para apoyar en las labores que se est\u00e1n realizando en la zona\u00bb, dijo el directivo.<\/p>\n<p><strong>GRAN INICIATIVA<\/strong><br \/>\nLa iniciativa, naci\u00f3 por gestiones del estudiante de Enfermer\u00eda, Luis Castellanos, quien tom\u00f3 contacto con las autoridades de la Sede San Felipe para disponer un centro de acopio en la universidad. As\u00ed tambi\u00e9n, puso a disposici\u00f3n un cami\u00f3n, que es su fuente laboral, para llevar lo recolectado al sur del pa\u00eds. Esto motiv\u00f3 que dentro de la misma universidad, comenzar\u00e1 una activa campa\u00f1a, que permiti\u00f3 completar una sala de clases con las colaboraciones y aportes recibidos.<br \/>\nDe este modo, a las 07:00 horas del mi\u00e9rcoles viajaron a San Javier, siendo destinados espec\u00edficamente a la localidad de Nirivilo, en las afueras de la comuna. Esto, en un marco de mucha alegr\u00eda, pero tambi\u00e9n de concentraci\u00f3n y de organizaci\u00f3n. Hubo tiempo para las fotograf\u00edas y buenos deseos, pero tambi\u00e9n para planificar cuidadosamente el viaje y tambi\u00e9n encomendarse a Dios en una cadena de oraci\u00f3n que incluy\u00f3 a los viajeros y a quienes se quedaron en San Felipe.<br \/>\n\u00abEs enormemente significativo que Luis, que es extranjero, haya querido liderar esta actividad como iniciativa personal. Cuando convers\u00f3 con nosotros nos manifest\u00f3 que \u00e9l est\u00e1 muy agradecido del trato que ha recibido y de c\u00f3mo se le ha integrado a la din\u00e1mica de universidad. Indudablemente aceptamos su propuesta y se organiz\u00f3 un gran trabajo, que no s\u00f3lo reuni\u00f3 a los estudiantes que viajaron, adem\u00e1s sum\u00f3 a una gran cantidad de estudiantes que particip\u00f3 en la clasificaci\u00f3n de los alimentos, ropas e insumos de ferreter\u00eda que se recibieron\u00bb, destac\u00f3 Cerda a Diario El Trabajo.<\/p>\n<p><strong>MUY AGRADECIDO<\/strong><br \/>\nEl acad\u00e9mico tambi\u00e9n agradeci\u00f3 especialmente las gestiones del gobernador de San Felipe, Eduardo Le\u00f3n, en cuanto a cautelar el viaje y la seguridad de la delegaci\u00f3n, ya que el acceso a estas localidades est\u00e1 siendo dirigido por Carabineros. A su vez, destac\u00f3 que la autoridad provincial realiz\u00f3 las coordinaciones con su par de Linares para disponer la llegada a San Javier y Nirivilo.<br \/>\nFinalmente, Cerda no quiso dejar fuera de este trabajo a los funcionarios que apoyaron esta iniciativa, \u00abquiero agradecer a las directoras de carrera de Enfermer\u00eda, Gladys Arroyo y de psicolog\u00eda, Cynthia Henr\u00edquez, por su disposici\u00f3n y apoyo. Pero tambi\u00e9n a todos y cada uno de nuestros funcionarios, ya que ellos estuvieron recibiendo donaciones muy temprano y hasta muy tarde o tambi\u00e9n realizaron sus aportes para que esta campa\u00f1a fuera exitosa\u00bb, concluy\u00f3 Javier Cerda.<br \/>\n<strong>Roberto Gonz\u00e1lez Short<\/strong><\/p>\n<figure id=\"attachment_77103\" aria-describedby=\"caption-attachment-77103\" style=\"width: 573px\" class=\"wp-caption alignnone\"><img data-recalc-dims=\"1\" loading=\"lazy\" decoding=\"async\" class=\"wp-image-77103 size-full\" src=\"https:\/\/i0.wp.com\/www.eltrabajo.cl\/2017\/wp-content\/uploads\/2017\/02\/Voluntarios1-1.jpg?resize=573%2C350\" alt=\"UN GRAN CORAZ\u00d3N.- Aqu\u00ed tenemos a parte del voluntariado universitario de la UAC, actualmente ya est\u00e1n en el sur, entregando los recursos.\" width=\"573\" height=\"350\" srcset=\"https:\/\/i0.wp.com\/eltrabajo.cl\/portal\/wp-content\/uploads\/2017\/02\/Voluntarios1-1.jpg?w=573&amp;ssl=1 573w, https:\/\/i0.wp.com\/eltrabajo.cl\/portal\/wp-content\/uploads\/2017\/02\/Voluntarios1-1.jpg?resize=200%2C122&amp;ssl=1 200w, https:\/\/i0.wp.com\/eltrabajo.cl\/portal\/wp-content\/uploads\/2017\/02\/Voluntarios1-1.jpg?resize=300%2C183&amp;ssl=1 300w, https:\/\/i0.wp.com\/eltrabajo.cl\/portal\/wp-content\/uploads\/2017\/02\/Voluntarios1-1.jpg?resize=246%2C150&amp;ssl=1 246w, https:\/\/i0.wp.com\/eltrabajo.cl\/portal\/wp-content\/uploads\/2017\/02\/Voluntarios1-1.jpg?resize=400%2C244&amp;ssl=1 400w\" sizes=\"auto, (max-width: 573px) 100vw, 573px\" \/><figcaption id=\"caption-attachment-77103\" class=\"wp-caption-text\">UN GRAN CORAZ\u00d3N.- Aqu\u00ed tenemos a parte del voluntariado universitario de la UAC, actualmente ya est\u00e1n en el sur, entregando los recursos.<\/figcaption><\/figure>\n<figure id=\"attachment_77085\" aria-describedby=\"caption-attachment-77085\" style=\"width: 580px\" class=\"wp-caption alignnone\"><img data-recalc-dims=\"1\" loading=\"lazy\" decoding=\"async\" class=\"size-full wp-image-77085\" src=\"https:\/\/i0.wp.com\/www.eltrabajo.cl\/2017\/wp-content\/uploads\/2017\/02\/Javier-Cerda.jpg?resize=580%2C349\" alt=\"Javier Cerda, director de la Sede San Felipe de la UAC.\" width=\"580\" height=\"349\" srcset=\"https:\/\/i0.wp.com\/eltrabajo.cl\/portal\/wp-content\/uploads\/2017\/02\/Javier-Cerda.jpg?w=580&amp;ssl=1 580w, https:\/\/i0.wp.com\/eltrabajo.cl\/portal\/wp-content\/uploads\/2017\/02\/Javier-Cerda.jpg?resize=200%2C120&amp;ssl=1 200w, https:\/\/i0.wp.com\/eltrabajo.cl\/portal\/wp-content\/uploads\/2017\/02\/Javier-Cerda.jpg?resize=300%2C181&amp;ssl=1 300w, https:\/\/i0.wp.com\/eltrabajo.cl\/portal\/wp-content\/uploads\/2017\/02\/Javier-Cerda.jpg?resize=249%2C150&amp;ssl=1 249w, https:\/\/i0.wp.com\/eltrabajo.cl\/portal\/wp-content\/uploads\/2017\/02\/Javier-Cerda.jpg?resize=400%2C241&amp;ssl=1 400w\" sizes=\"auto, (max-width: 580px) 100vw, 580px\" \/><figcaption id=\"caption-attachment-77085\" class=\"wp-caption-text\">Javier Cerda, director de la Sede San Felipe de la UAC.<\/figcaption><\/figure>\n","protected":false},"excerpt":{"rendered":"<p>Hay que reconocer la grandeza de los aconcag\u00fcinos; de los sanfelipe\u00f1os y de todos los chilenos, pues una vez m\u00e1s este coraz\u00f3n est\u00e1 latiendo con fuerza para bombear ayuda solidaria y amor&#8230;<\/p>\n","protected":false},"author":1,"featured_media":77084,"comment_status":"open","ping_status":"open","sticky":false,"template":"","format":"standard","meta":{"advanced_seo_description":"","jetpack_seo_html_title":"","jetpack_seo_noindex":false,"_jetpack_memberships_contains_paid_content":false,"footnotes":""},"categories":[15],"tags":[59,60,27,61],"class_list":["post-77082","post","type-post","status-publish","format-standard","has-post-thumbnail","hentry","category-comunidad","tag-damnificados","tag-incendio","tag-san-felipe","tag-solidaridad"],"jetpack_featured_media_url":"https:\/\/i0.wp.com\/eltrabajo.cl\/portal\/wp-content\/uploads\/2017\/02\/Voluntarios1.jpg?fit=580%2C349&ssl=1","jetpack_sharing_enabled":true,"jetpack_likes_enabled":true,"jetpack-related-posts":[],"_links":{"self":[{"href":"https:\/\/eltrabajo.cl\/portal\/wp-json\/wp\/v2\/posts\/77082","targetHints":{"allow":["GET"]}}],"collection":[{"href":"https:\/\/eltrabajo.cl\/portal\/wp-json\/wp\/v2\/posts"}],"about":[{"href":"https:\/\/eltrabajo.cl\/portal\/wp-json\/wp\/v2\/types\/post"}],"author":[{"embeddable":true,"href":"https:\/\/eltrabajo.cl\/portal\/wp-json\/wp\/v2\/users\/1"}],"replies":[{"embeddable":true,"href":"https:\/\/eltrabajo.cl\/portal\/wp-json\/wp\/v2\/comments?post=77082"}],"version-history":[{"count":0,"href":"https:\/\/eltrabajo.cl\/portal\/wp-json\/wp\/v2\/posts\/77082\/revisions"}],"wp:featuredmedia":[{"embeddable":true,"href":"https:\/\/eltrabajo.cl\/portal\/wp-json\/wp\/v2\/media\/77084"}],"wp:attachment":[{"href":"https:\/\/eltrabajo.cl\/portal\/wp-json\/wp\/v2\/media?parent=77082"}],"wp:term":[{"taxonomy":"category","embeddable":true,"href":"https:\/\/eltrabajo.cl\/portal\/wp-json\/wp\/v2\/categories?post=77082"},{"taxonomy":"post_tag","embeddable":true,"href":"https:\/\/eltrabajo.cl\/portal\/wp-json\/wp\/v2\/tags?post=77082"}],"curies":[{"name":"wp","href":"https:\/\/api.w.org\/{rel}","templated":true}]}}