{"id":77111,"date":"2017-02-06T07:29:48","date_gmt":"2017-02-06T11:29:48","guid":{"rendered":"http:\/\/www.eltrabajo.cl\/2017\/?p=77111"},"modified":"2017-02-06T07:29:48","modified_gmt":"2017-02-06T11:29:48","slug":"santiaguina-michelle-nunez-gano-el-festival-palmenia-pizarro-2017","status":"publish","type":"post","link":"https:\/\/eltrabajo.cl\/portal\/santiaguina-michelle-nunez-gano-el-festival-palmenia-pizarro-2017\/","title":{"rendered":"Santiaguina Michelle N\u00fa\u00f1ez gan\u00f3 el Festival Palmenia Pizarro 2017"},"content":{"rendered":"<figure id=\"attachment_77112\" aria-describedby=\"caption-attachment-77112\" style=\"width: 580px\" class=\"wp-caption alignnone\"><img data-recalc-dims=\"1\" loading=\"lazy\" decoding=\"async\" class=\"size-full wp-image-77112\" src=\"https:\/\/i0.wp.com\/www.eltrabajo.cl\/2017\/wp-content\/uploads\/2017\/02\/Michelle-Nunez.jpg?resize=580%2C348\" alt=\"SANTIAGUINA GAN\u00d3 EL PALMENIA 2017.- Michelle N\u00fa\u00f1ez sacudi\u00f3 con su potente voz todo el Estadio Municipal de San Felipe, vino para ganar y lo logr\u00f3 con sobrados m\u00e9ritos.\" width=\"580\" height=\"348\" srcset=\"https:\/\/i0.wp.com\/eltrabajo.cl\/portal\/wp-content\/uploads\/2017\/02\/Michelle-Nunez.jpg?w=580&amp;ssl=1 580w, https:\/\/i0.wp.com\/eltrabajo.cl\/portal\/wp-content\/uploads\/2017\/02\/Michelle-Nunez.jpg?resize=200%2C120&amp;ssl=1 200w, https:\/\/i0.wp.com\/eltrabajo.cl\/portal\/wp-content\/uploads\/2017\/02\/Michelle-Nunez.jpg?resize=300%2C180&amp;ssl=1 300w, https:\/\/i0.wp.com\/eltrabajo.cl\/portal\/wp-content\/uploads\/2017\/02\/Michelle-Nunez.jpg?resize=250%2C150&amp;ssl=1 250w, https:\/\/i0.wp.com\/eltrabajo.cl\/portal\/wp-content\/uploads\/2017\/02\/Michelle-Nunez.jpg?resize=400%2C240&amp;ssl=1 400w\" sizes=\"auto, (max-width: 580px) 100vw, 580px\" \/><figcaption id=\"caption-attachment-77112\" class=\"wp-caption-text\">SANTIAGUINA GAN\u00d3 EL PALMENIA 2017.- Michelle N\u00fa\u00f1ez sacudi\u00f3 con su potente voz todo el Estadio Municipal de San Felipe, vino para ganar y lo logr\u00f3 con sobrados m\u00e9ritos.<\/figcaption><\/figure>\n<ul>\n<li><span style=\"color: #ff0000;\"><strong>Con el tema \u2018Ma\u00f1ana tal vez\u2019, original de Odette Illanes:<\/strong><\/span><\/li>\n<\/ul>\n<p>Al menos unas 20.000 personas fueron las que repletaron el Estadio Municipal de San Felipe, durante las dos jornadas del Festival Palmenia Pizarro que se realiz\u00f3 este viernes y s\u00e1bado en dicho reducto deportivo de nuestra comuna. Mucho es lo que podr\u00edamos escribir y decir sobre ambas noches, sin embargo hoy nos enfocaremos particularmente en la Final del festival, en el que result\u00f3 ganadora la se\u00f1ora Michelle N\u00fa\u00f1ez, de Buin, y lo hizo con el tema Ma\u00f1ana tal vez, original de Odette Illanes.<br \/>\nLa Final, fue protagonizada por cuatro excelentes exponentes: Susan Pardo de Valpara\u00edso, con el tema No eres perfecto; Angie Jorquera de San Felipe, con el tema No te puedo olvidar, de su propia autor\u00eda; Paulo Ziban de Codegua, con el tema Una y mil veces, y la joven ganadora.<\/p>\n<p><strong>FESTIVAL SOLIDARIO<\/strong><br \/>\nMinutos despu\u00e9s que el Jurado anunciara a la ganadora, el alcalde Patricio Freire hizo entrega a Michelle su respectiva estatuilla, adem\u00e1s del cheque por $2.000.000 que corresponde como premio a quien gane este prestigioso festival.<br \/>\n\u00abMuy contentos con este festival 2017, fueron dos noches de sana entretenci\u00f3n y de pasarlo bien, un escenario de primera categor\u00eda, Miranda, Kramer y nuestros artistas locales, una gran convocatoria que queremos destacar, porque este a\u00f1o fue un festival solidario, porque al menos dos camiones ya est\u00e1n llenos para socorrer a nuestros hermanos del Sur con alimentos y toda clase de recursos, a partir del lunes estaremos ya reforzando la campa\u00f1a San Felipe Ayuda Chile, y finalmente saldremos con todo para esa zona del pa\u00eds. Felicidades a la ganadora, y a todos los artistas que hicieron posible este festival\u00bb, dijo a Diario El Trabajo el alcalde Patricio Freire.<\/p>\n<p><strong>NO SE LO ESPERABA<\/strong><br \/>\nNuestro medio, tambi\u00e9n habl\u00f3 con la ganadora del festival, Michelle N\u00fa\u00f1ez, \u00absoy casada, tengo un beb\u00e9 de siete meses en mi vientre, y estoy muy feliz con este triunfo, nunca cre\u00ed que yo iba a ganar, me sorprend\u00ed mucho, dedico este premio a Dios; a mi familia; a mi esposo y a mi padre que est\u00e1 en el Cielo\u00bb, dijo la despampanante artista.<br \/>\n<strong>Roberto Gonz\u00e1lez Short<\/strong><\/p>\n<p>&nbsp;<\/p>\n","protected":false},"excerpt":{"rendered":"<p>Con el tema \u2018Ma\u00f1ana tal vez\u2019, original de Odette Illanes: Al menos unas 20.000 personas fueron las que repletaron el Estadio Municipal de San Felipe, durante las dos jornadas del Festival Palmenia&#8230;<\/p>\n","protected":false},"author":1,"featured_media":77112,"comment_status":"open","ping_status":"open","sticky":false,"template":"","format":"standard","meta":{"advanced_seo_description":"","jetpack_seo_html_title":"","jetpack_seo_noindex":false,"_jetpack_memberships_contains_paid_content":false,"footnotes":""},"categories":[1],"tags":[63,47],"class_list":["post-77111","post","type-post","status-publish","format-standard","has-post-thumbnail","hentry","category-cronica","tag-eventos","tag-festival-palmenia-pizarro"],"jetpack_featured_media_url":"https:\/\/i0.wp.com\/eltrabajo.cl\/portal\/wp-content\/uploads\/2017\/02\/Michelle-Nunez.jpg?fit=580%2C348&ssl=1","jetpack_sharing_enabled":true,"jetpack_likes_enabled":true,"jetpack-related-posts":[],"_links":{"self":[{"href":"https:\/\/eltrabajo.cl\/portal\/wp-json\/wp\/v2\/posts\/77111","targetHints":{"allow":["GET"]}}],"collection":[{"href":"https:\/\/eltrabajo.cl\/portal\/wp-json\/wp\/v2\/posts"}],"about":[{"href":"https:\/\/eltrabajo.cl\/portal\/wp-json\/wp\/v2\/types\/post"}],"author":[{"embeddable":true,"href":"https:\/\/eltrabajo.cl\/portal\/wp-json\/wp\/v2\/users\/1"}],"replies":[{"embeddable":true,"href":"https:\/\/eltrabajo.cl\/portal\/wp-json\/wp\/v2\/comments?post=77111"}],"version-history":[{"count":0,"href":"https:\/\/eltrabajo.cl\/portal\/wp-json\/wp\/v2\/posts\/77111\/revisions"}],"wp:featuredmedia":[{"embeddable":true,"href":"https:\/\/eltrabajo.cl\/portal\/wp-json\/wp\/v2\/media\/77112"}],"wp:attachment":[{"href":"https:\/\/eltrabajo.cl\/portal\/wp-json\/wp\/v2\/media?parent=77111"}],"wp:term":[{"taxonomy":"category","embeddable":true,"href":"https:\/\/eltrabajo.cl\/portal\/wp-json\/wp\/v2\/categories?post=77111"},{"taxonomy":"post_tag","embeddable":true,"href":"https:\/\/eltrabajo.cl\/portal\/wp-json\/wp\/v2\/tags?post=77111"}],"curies":[{"name":"wp","href":"https:\/\/api.w.org\/{rel}","templated":true}]}}