{"id":77114,"date":"2017-02-06T07:31:52","date_gmt":"2017-02-06T11:31:52","guid":{"rendered":"http:\/\/www.eltrabajo.cl\/2017\/?p=77114"},"modified":"2017-02-06T07:31:52","modified_gmt":"2017-02-06T11:31:52","slug":"miranda-se-llevo-el-corazon-de-los-sanfelipenos-para-argentina","status":"publish","type":"post","link":"https:\/\/eltrabajo.cl\/portal\/miranda-se-llevo-el-corazon-de-los-sanfelipenos-para-argentina\/","title":{"rendered":"Miranda se llev\u00f3 el coraz\u00f3n de los sanfelipe\u00f1os para Argentina"},"content":{"rendered":"<figure id=\"attachment_77115\" aria-describedby=\"caption-attachment-77115\" style=\"width: 580px\" class=\"wp-caption alignnone\"><img data-recalc-dims=\"1\" loading=\"lazy\" decoding=\"async\" class=\"size-full wp-image-77115\" src=\"https:\/\/i0.wp.com\/www.eltrabajo.cl\/2017\/wp-content\/uploads\/2017\/02\/Locura33.jpg?resize=580%2C349\" alt=\"LOCOS POR MIRANDA.- El fansclub oficial de Miranda en nuestro pa\u00eds, hizo acto de presencia en el estadio municipal de nuestra comuna, el alcalde Freire tambi\u00e9n disfrut\u00f3 del contagiante momento.\" width=\"580\" height=\"349\" srcset=\"https:\/\/i0.wp.com\/eltrabajo.cl\/portal\/wp-content\/uploads\/2017\/02\/Locura33.jpg?w=580&amp;ssl=1 580w, https:\/\/i0.wp.com\/eltrabajo.cl\/portal\/wp-content\/uploads\/2017\/02\/Locura33.jpg?resize=200%2C120&amp;ssl=1 200w, https:\/\/i0.wp.com\/eltrabajo.cl\/portal\/wp-content\/uploads\/2017\/02\/Locura33.jpg?resize=300%2C181&amp;ssl=1 300w, https:\/\/i0.wp.com\/eltrabajo.cl\/portal\/wp-content\/uploads\/2017\/02\/Locura33.jpg?resize=249%2C150&amp;ssl=1 249w, https:\/\/i0.wp.com\/eltrabajo.cl\/portal\/wp-content\/uploads\/2017\/02\/Locura33.jpg?resize=400%2C241&amp;ssl=1 400w\" sizes=\"auto, (max-width: 580px) 100vw, 580px\" \/><figcaption id=\"caption-attachment-77115\" class=\"wp-caption-text\">LOCOS POR MIRANDA.- El fansclub oficial de Miranda en nuestro pa\u00eds, hizo acto de presencia en el estadio municipal de nuestra comuna, el alcalde Freire tambi\u00e9n disfrut\u00f3 del contagiante momento.<\/figcaption><\/figure>\n<ul>\n<li><span style=\"color: #ff0000;\"><strong>M\u00edtica banda hizo derroche de talento en el Palmenia Pizarro:<\/strong><\/span><\/li>\n<\/ul>\n<p>La locura se desat\u00f3 en el Festival Palmenia Pizarro, la noche del s\u00e1bado durante la desequilibrante presentaci\u00f3n de la banda argentina Miranda, agrupaci\u00f3n que naci\u00f3 en julio de 2001 y que visit\u00f3 por primera vez tierras aconcag\u00fcinas. Sus artistas principales Alejandro Sergi y Juliana Gattas conectaron de inmediato con las decenas de miles de personas que acudieron masivamente a disfrutar de sus legendarios \u00e9xitos.<\/p>\n<p><strong>GRANDES \u00c9XITOS<\/strong><br \/>\nLos m\u00fasicos relataron al p\u00fablico c\u00f3mo se conocieron y cu\u00e1l fue su primera canci\u00f3n, la que dedicaron efusivamente a los sanfelipe\u00f1os, muestras que el club oficial de esta banda de pop rock y electropop melodram\u00e1tico, enloquec\u00edan al filo del paroxismo y la locura a los pies de sus \u00eddolos.<br \/>\nDon, (la guitarra de Lolo) uno de los temas que m\u00e1s ganancias dej\u00f3 a este proyecto musical, fue tambi\u00e9n presentado la noche del s\u00e1bado, los gritos y aplausos a los argentinos fueron permanentes y no hubo una sola persona a quienes no les impactara de frente la sensaci\u00f3n de estar en un verdadero concierto de primer nivel en el Municipal.<br \/>\n<strong>Roberto Gonz\u00e1lez Short<\/strong><\/p>\n<figure id=\"attachment_77116\" aria-describedby=\"caption-attachment-77116\" style=\"width: 580px\" class=\"wp-caption alignnone\"><img data-recalc-dims=\"1\" loading=\"lazy\" decoding=\"async\" class=\"size-full wp-image-77116\" src=\"https:\/\/i0.wp.com\/www.eltrabajo.cl\/2017\/wp-content\/uploads\/2017\/02\/Miranda2.jpg?resize=580%2C349\" alt=\"MIRANDA EN SAN FELIPE.- La locura se desat\u00f3 en el Festival Palmenia Pizarro, la noche del s\u00e1bado durante la desequilibrante presentaci\u00f3n de la banda argentina Miranda.\" width=\"580\" height=\"349\" srcset=\"https:\/\/i0.wp.com\/eltrabajo.cl\/portal\/wp-content\/uploads\/2017\/02\/Miranda2.jpg?w=580&amp;ssl=1 580w, https:\/\/i0.wp.com\/eltrabajo.cl\/portal\/wp-content\/uploads\/2017\/02\/Miranda2.jpg?resize=200%2C120&amp;ssl=1 200w, https:\/\/i0.wp.com\/eltrabajo.cl\/portal\/wp-content\/uploads\/2017\/02\/Miranda2.jpg?resize=300%2C181&amp;ssl=1 300w, https:\/\/i0.wp.com\/eltrabajo.cl\/portal\/wp-content\/uploads\/2017\/02\/Miranda2.jpg?resize=249%2C150&amp;ssl=1 249w, https:\/\/i0.wp.com\/eltrabajo.cl\/portal\/wp-content\/uploads\/2017\/02\/Miranda2.jpg?resize=400%2C241&amp;ssl=1 400w\" sizes=\"auto, (max-width: 580px) 100vw, 580px\" \/><figcaption id=\"caption-attachment-77116\" class=\"wp-caption-text\">MIRANDA EN SAN FELIPE.- La locura se desat\u00f3 en el Festival Palmenia Pizarro, la noche del s\u00e1bado durante la desequilibrante presentaci\u00f3n de la banda argentina Miranda.<\/figcaption><\/figure>\n","protected":false},"excerpt":{"rendered":"<p>M\u00edtica banda hizo derroche de talento en el Palmenia Pizarro: La locura se desat\u00f3 en el Festival Palmenia Pizarro, la noche del s\u00e1bado durante la desequilibrante presentaci\u00f3n de la banda argentina Miranda,&#8230;<\/p>\n","protected":false},"author":1,"featured_media":77116,"comment_status":"open","ping_status":"open","sticky":false,"template":"","format":"standard","meta":{"advanced_seo_description":"","jetpack_seo_html_title":"","jetpack_seo_noindex":false,"_jetpack_memberships_contains_paid_content":false,"footnotes":""},"categories":[1],"tags":[63,47],"class_list":["post-77114","post","type-post","status-publish","format-standard","has-post-thumbnail","hentry","category-cronica","tag-eventos","tag-festival-palmenia-pizarro"],"jetpack_featured_media_url":"https:\/\/i0.wp.com\/eltrabajo.cl\/portal\/wp-content\/uploads\/2017\/02\/Miranda2.jpg?fit=580%2C349&ssl=1","jetpack_sharing_enabled":true,"jetpack_likes_enabled":true,"jetpack-related-posts":[],"_links":{"self":[{"href":"https:\/\/eltrabajo.cl\/portal\/wp-json\/wp\/v2\/posts\/77114","targetHints":{"allow":["GET"]}}],"collection":[{"href":"https:\/\/eltrabajo.cl\/portal\/wp-json\/wp\/v2\/posts"}],"about":[{"href":"https:\/\/eltrabajo.cl\/portal\/wp-json\/wp\/v2\/types\/post"}],"author":[{"embeddable":true,"href":"https:\/\/eltrabajo.cl\/portal\/wp-json\/wp\/v2\/users\/1"}],"replies":[{"embeddable":true,"href":"https:\/\/eltrabajo.cl\/portal\/wp-json\/wp\/v2\/comments?post=77114"}],"version-history":[{"count":0,"href":"https:\/\/eltrabajo.cl\/portal\/wp-json\/wp\/v2\/posts\/77114\/revisions"}],"wp:featuredmedia":[{"embeddable":true,"href":"https:\/\/eltrabajo.cl\/portal\/wp-json\/wp\/v2\/media\/77116"}],"wp:attachment":[{"href":"https:\/\/eltrabajo.cl\/portal\/wp-json\/wp\/v2\/media?parent=77114"}],"wp:term":[{"taxonomy":"category","embeddable":true,"href":"https:\/\/eltrabajo.cl\/portal\/wp-json\/wp\/v2\/categories?post=77114"},{"taxonomy":"post_tag","embeddable":true,"href":"https:\/\/eltrabajo.cl\/portal\/wp-json\/wp\/v2\/tags?post=77114"}],"curies":[{"name":"wp","href":"https:\/\/api.w.org\/{rel}","templated":true}]}}