{"id":77129,"date":"2017-02-07T07:36:10","date_gmt":"2017-02-07T11:36:10","guid":{"rendered":"http:\/\/www.eltrabajo.cl\/2017\/?p=77129"},"modified":"2017-02-07T07:36:10","modified_gmt":"2017-02-07T11:36:10","slug":"escritores-aconcaguinos-y-argentinos-realizan-gran-cita-literaria","status":"publish","type":"post","link":"https:\/\/eltrabajo.cl\/portal\/escritores-aconcaguinos-y-argentinos-realizan-gran-cita-literaria\/","title":{"rendered":"Escritores aconcag\u00fcinos y argentinos realizan gran cita literaria"},"content":{"rendered":"<figure id=\"attachment_77130\" aria-describedby=\"caption-attachment-77130\" style=\"width: 580px\" class=\"wp-caption alignnone\"><img data-recalc-dims=\"1\" loading=\"lazy\" decoding=\"async\" class=\"size-full wp-image-77130\" src=\"https:\/\/i0.wp.com\/www.eltrabajo.cl\/2017\/wp-content\/uploads\/2017\/02\/Antologia1.jpg?resize=580%2C348\" alt=\"TALENTO TRASANDINO.- Aqu\u00ed tenemos a las escritores argentinas, posando para las c\u00e1maras de Diario El Trabajo.\" width=\"580\" height=\"348\" srcset=\"https:\/\/i0.wp.com\/eltrabajo.cl\/portal\/wp-content\/uploads\/2017\/02\/Antologia1.jpg?w=580&amp;ssl=1 580w, https:\/\/i0.wp.com\/eltrabajo.cl\/portal\/wp-content\/uploads\/2017\/02\/Antologia1.jpg?resize=200%2C120&amp;ssl=1 200w, https:\/\/i0.wp.com\/eltrabajo.cl\/portal\/wp-content\/uploads\/2017\/02\/Antologia1.jpg?resize=300%2C180&amp;ssl=1 300w, https:\/\/i0.wp.com\/eltrabajo.cl\/portal\/wp-content\/uploads\/2017\/02\/Antologia1.jpg?resize=250%2C150&amp;ssl=1 250w, https:\/\/i0.wp.com\/eltrabajo.cl\/portal\/wp-content\/uploads\/2017\/02\/Antologia1.jpg?resize=400%2C240&amp;ssl=1 400w\" sizes=\"auto, (max-width: 580px) 100vw, 580px\" \/><figcaption id=\"caption-attachment-77130\" class=\"wp-caption-text\">TALENTO TRASANDINO.- Aqu\u00ed tenemos a las escritores argentinas, posando para las c\u00e1maras de Diario El Trabajo.<\/figcaption><\/figure>\n<p>&nbsp;<\/p>\n<ul>\n<li><span style=\"color: #ff0000;\"><strong>Presentaron importante antolog\u00eda binacional:<\/strong><\/span><\/li>\n<\/ul>\n<p><strong>PUTAENDO.-<\/strong> Gran efervescencia cultural se vivi\u00f3 este s\u00e1bado en horas de la tarde, la Agrupaci\u00f3n Cultural Putaendo Hist\u00f3rico, en conjunto con la Municipalidad de Putaendo, presentaron la Antolog\u00eda, primer Encuentro internacional de escritores en Putaendo, Chile 2016. Dicha actividad consisti\u00f3 en entregar ejemplares de libros a los escritores y poetas participantes en esta antolog\u00eda, la cual cont\u00f3 con aportes del Gobierno Regional de Valpara\u00edso, Convocatoria 2016.<\/p>\n<p><strong>DESDE ARGENTINA<\/strong><br \/>\nMarco L\u00f3pez Aballay, presidente de la Agrupaci\u00f3n Cultural Putaendo Hist\u00f3rico, se\u00f1al\u00f3 a Diario El Trabajo que \u00aba esta actividad acudieron m\u00e1s de 100 personas, entre escritores, m\u00fasicos, artistas y p\u00fablico en general\u00bb.<br \/>\nVarios de estos escritores proven\u00edan de Argentina (Mendoza), ellos recibieron 100 ejemplares de libros, los cuales ser\u00e1n distribuidos entre los autores participantes, centros culturales de Mendoza y el Departamento de Cultura de dicha ciudad. As\u00ed tambi\u00e9n, recibieron sus libros los escritores chilenos provenientes de ciudades como Santiago, Los Andes, Santa Mar\u00eda, San Felipe y de Putaendo.<br \/>\n\u00abSe har\u00e1n cinco presentaciones y \u2018Actas de Entrega\u2019 de esta antolog\u00eda en ciudades como Putaendo (Se repetir\u00e1 esta actividad este d\u00eda s\u00e1bado 11 de febrero, en el Centro Cultural Bernardo Parra, a las 19:00 horas), luego en el Teatro Municipal de Santa Mar\u00eda (S\u00e1bado 18 de febrero a las 19:00 horas) y en el Sal\u00f3n de Honor de la Municipalidad de San Felipe el jueves 23 de febrero, a las 19:00 horas\u00bb, agreg\u00f3 L\u00f3pez.<br \/>\n<strong>Roberto Gonz\u00e1lez Short<\/strong><\/p>\n<p><img data-recalc-dims=\"1\" loading=\"lazy\" decoding=\"async\" class=\"alignnone size-full wp-image-77131\" src=\"https:\/\/i0.wp.com\/www.eltrabajo.cl\/2017\/wp-content\/uploads\/2017\/02\/Antologia2.jpg?resize=580%2C349\" alt=\"\" width=\"580\" height=\"349\" srcset=\"https:\/\/i0.wp.com\/eltrabajo.cl\/portal\/wp-content\/uploads\/2017\/02\/Antologia2.jpg?w=580&amp;ssl=1 580w, https:\/\/i0.wp.com\/eltrabajo.cl\/portal\/wp-content\/uploads\/2017\/02\/Antologia2.jpg?resize=200%2C120&amp;ssl=1 200w, https:\/\/i0.wp.com\/eltrabajo.cl\/portal\/wp-content\/uploads\/2017\/02\/Antologia2.jpg?resize=300%2C181&amp;ssl=1 300w, https:\/\/i0.wp.com\/eltrabajo.cl\/portal\/wp-content\/uploads\/2017\/02\/Antologia2.jpg?resize=249%2C150&amp;ssl=1 249w, https:\/\/i0.wp.com\/eltrabajo.cl\/portal\/wp-content\/uploads\/2017\/02\/Antologia2.jpg?resize=400%2C241&amp;ssl=1 400w\" sizes=\"auto, (max-width: 580px) 100vw, 580px\" \/><\/p>\n","protected":false},"excerpt":{"rendered":"<p>&nbsp; Presentaron importante antolog\u00eda binacional: PUTAENDO.- Gran efervescencia cultural se vivi\u00f3 este s\u00e1bado en horas de la tarde, la Agrupaci\u00f3n Cultural Putaendo Hist\u00f3rico, en conjunto con la Municipalidad de Putaendo, presentaron la&#8230;<\/p>\n","protected":false},"author":1,"featured_media":77131,"comment_status":"open","ping_status":"open","sticky":false,"template":"","format":"standard","meta":{"advanced_seo_description":"","jetpack_seo_html_title":"","jetpack_seo_noindex":false,"_jetpack_memberships_contains_paid_content":false,"footnotes":""},"categories":[20],"tags":[],"class_list":["post-77129","post","type-post","status-publish","format-standard","has-post-thumbnail","hentry","category-arte-y-cultura"],"jetpack_featured_media_url":"https:\/\/i0.wp.com\/eltrabajo.cl\/portal\/wp-content\/uploads\/2017\/02\/Antologia2.jpg?fit=580%2C349&ssl=1","jetpack_sharing_enabled":true,"jetpack_likes_enabled":true,"jetpack-related-posts":[],"_links":{"self":[{"href":"https:\/\/eltrabajo.cl\/portal\/wp-json\/wp\/v2\/posts\/77129","targetHints":{"allow":["GET"]}}],"collection":[{"href":"https:\/\/eltrabajo.cl\/portal\/wp-json\/wp\/v2\/posts"}],"about":[{"href":"https:\/\/eltrabajo.cl\/portal\/wp-json\/wp\/v2\/types\/post"}],"author":[{"embeddable":true,"href":"https:\/\/eltrabajo.cl\/portal\/wp-json\/wp\/v2\/users\/1"}],"replies":[{"embeddable":true,"href":"https:\/\/eltrabajo.cl\/portal\/wp-json\/wp\/v2\/comments?post=77129"}],"version-history":[{"count":0,"href":"https:\/\/eltrabajo.cl\/portal\/wp-json\/wp\/v2\/posts\/77129\/revisions"}],"wp:featuredmedia":[{"embeddable":true,"href":"https:\/\/eltrabajo.cl\/portal\/wp-json\/wp\/v2\/media\/77131"}],"wp:attachment":[{"href":"https:\/\/eltrabajo.cl\/portal\/wp-json\/wp\/v2\/media?parent=77129"}],"wp:term":[{"taxonomy":"category","embeddable":true,"href":"https:\/\/eltrabajo.cl\/portal\/wp-json\/wp\/v2\/categories?post=77129"},{"taxonomy":"post_tag","embeddable":true,"href":"https:\/\/eltrabajo.cl\/portal\/wp-json\/wp\/v2\/tags?post=77129"}],"curies":[{"name":"wp","href":"https:\/\/api.w.org\/{rel}","templated":true}]}}