{"id":77133,"date":"2017-02-07T09:15:59","date_gmt":"2017-02-07T13:15:59","guid":{"rendered":"http:\/\/www.eltrabajo.cl\/2017\/?p=77133"},"modified":"2017-02-07T09:15:59","modified_gmt":"2017-02-07T13:15:59","slug":"en-mayo-debiera-estar-terminada-obra-vial-que-bordea-el-estero-de-quilpue","status":"publish","type":"post","link":"https:\/\/eltrabajo.cl\/portal\/en-mayo-debiera-estar-terminada-obra-vial-que-bordea-el-estero-de-quilpue\/","title":{"rendered":"En mayo debiera estar terminada obra vial que bordea el Estero de Quilpu\u00e9"},"content":{"rendered":"<figure id=\"attachment_77134\" aria-describedby=\"caption-attachment-77134\" style=\"width: 580px\" class=\"wp-caption alignnone\"><img data-recalc-dims=\"1\" loading=\"lazy\" decoding=\"async\" class=\"size-full wp-image-77134\" src=\"https:\/\/i0.wp.com\/www.eltrabajo.cl\/2017\/wp-content\/uploads\/2017\/02\/Alcalde-de-San-Felipe-Patricio-Freire-junto-a-Alexis-Guerrero.jpg?resize=580%2C348\" alt=\"Alcalde de San Felipe, Patricio Freire recorri\u00f3 junto al Secplac de la Municipalidad, las obras de construcci\u00f3n  de nueva avenida en el sector de Las Acacias.\" width=\"580\" height=\"348\" srcset=\"https:\/\/i0.wp.com\/eltrabajo.cl\/portal\/wp-content\/uploads\/2017\/02\/Alcalde-de-San-Felipe-Patricio-Freire-junto-a-Alexis-Guerrero.jpg?w=580&amp;ssl=1 580w, https:\/\/i0.wp.com\/eltrabajo.cl\/portal\/wp-content\/uploads\/2017\/02\/Alcalde-de-San-Felipe-Patricio-Freire-junto-a-Alexis-Guerrero.jpg?resize=200%2C120&amp;ssl=1 200w, https:\/\/i0.wp.com\/eltrabajo.cl\/portal\/wp-content\/uploads\/2017\/02\/Alcalde-de-San-Felipe-Patricio-Freire-junto-a-Alexis-Guerrero.jpg?resize=300%2C180&amp;ssl=1 300w, https:\/\/i0.wp.com\/eltrabajo.cl\/portal\/wp-content\/uploads\/2017\/02\/Alcalde-de-San-Felipe-Patricio-Freire-junto-a-Alexis-Guerrero.jpg?resize=250%2C150&amp;ssl=1 250w, https:\/\/i0.wp.com\/eltrabajo.cl\/portal\/wp-content\/uploads\/2017\/02\/Alcalde-de-San-Felipe-Patricio-Freire-junto-a-Alexis-Guerrero.jpg?resize=400%2C240&amp;ssl=1 400w\" sizes=\"auto, (max-width: 580px) 100vw, 580px\" \/><figcaption id=\"caption-attachment-77134\" class=\"wp-caption-text\">Alcalde de San Felipe, Patricio Freire recorri\u00f3 junto al Secplac de la Municipalidad, las obras de construcci\u00f3n de nueva avenida en el sector de Las Acacias.<\/figcaption><\/figure>\n<ul>\n<li><strong><span style=\"color: #ff0000;\">Proyecto considera una inversi\u00f3n de 763 millones de pesos:<\/span> Construcci\u00f3n y pavimentaci\u00f3n de avenida que recorre desde el pasaje 1 de Villa Las Acacia, hasta la intersecci\u00f3n de Enc\u00f3n con Santa Teresa y que adem\u00e1s considera mejoramiento del sistema de evacuaci\u00f3n de aguas lluvias.<\/strong><\/li>\n<\/ul>\n<p>Durante el pr\u00f3ximo mes de mayo, debiera quedar habilitada la nueva ruta que bordea el Estero Quilpu\u00e9- entre el Pasaje 1 de Villa Las Acacias y la intersecci\u00f3n de las Avenidas Santa Teresa y Enc\u00f3n- en el sector norponiente de San Felipe, obra vial que forma parte de la tercera etapa del proyecto Parque Urbano Estero de Quilpu\u00e9, financiado por el Ministerio de Vivienda a trav\u00e9s del Servicio de Vivienda y Urbanismo, Serviu, con una inversi\u00f3n aproximada de 763 millones de pesos.<br \/>\nAs\u00ed lo inform\u00f3 el secretario de Planificaci\u00f3n Comunal de la Municipalidad de San Felipe, Claudio Paredes, quien detall\u00f3 que \u201ceste proyecto contempla la construcci\u00f3n de la calley la media calzada que hasta aqu\u00ed no exist\u00eda y tambi\u00e9n permite algo muy importante para la zona, que es el mejoramiento definitivo de la evacuaci\u00f3n de aguas lluvias que generaba en este sector una inundaci\u00f3n importante, el proyecto contempla adem\u00e1s dar acceso al nuevo jard\u00edn de Junji y de acuerdo a lo que la empresa nos ha se\u00f1alado debiera terminar el 3 de mayo\u201d, apunt\u00f3 Paredes, explicando que, una vez que los trabajos hayan concluido, la obra debe ser recepcionada por la Direcci\u00f3n de Obras Municipales y el Serviu, para posteriormente ser entregada a la comunidad.<br \/>\nRespecto de la relevancia que tendr\u00e1 para los vecinos del sector norponiente de la comuna, la finalizaci\u00f3n de esta etapa del proyecto, el alcalde de San Felipe, Patricio Freire, asegur\u00f3 \u201cpodemos ver como la calidad de vida de los vecinos ha estado cambiando en este sector, la tierra y el barro, todo esto hace olvidar esos temas desagradables y vemos como los vecinos de Las Acacias est\u00e1n contentos con las inversiones que se han hecho en el barrio\u201d, destac\u00f3 el edil.<br \/>\nJunto con lo anterior, el jefe comunal, record\u00f3 que la inversi\u00f3n total de proyecto Parque Urbano Estero de Quilpu\u00e9 considera una inversi\u00f3n de 4 mil 300 millones de pesos y que esta etapa que terminar\u00e1 en mayo, contribuye con el mejoramiento de la conectividad de esa zona con el resto de la ciudad, espec\u00edficamente con el sector oriente.<\/p>\n","protected":false},"excerpt":{"rendered":"<p>Proyecto considera una inversi\u00f3n de 763 millones de pesos: Construcci\u00f3n y pavimentaci\u00f3n de avenida que recorre desde el pasaje 1 de Villa Las Acacia, hasta la intersecci\u00f3n de Enc\u00f3n con Santa Teresa&#8230;<\/p>\n","protected":false},"author":1,"featured_media":77134,"comment_status":"open","ping_status":"open","sticky":false,"template":"","format":"standard","meta":{"advanced_seo_description":"","jetpack_seo_html_title":"","jetpack_seo_noindex":false,"_jetpack_memberships_contains_paid_content":false,"footnotes":""},"categories":[1],"tags":[],"class_list":["post-77133","post","type-post","status-publish","format-standard","has-post-thumbnail","hentry","category-cronica"],"jetpack_featured_media_url":"https:\/\/i0.wp.com\/eltrabajo.cl\/portal\/wp-content\/uploads\/2017\/02\/Alcalde-de-San-Felipe-Patricio-Freire-junto-a-Alexis-Guerrero.jpg?fit=580%2C348&ssl=1","jetpack_sharing_enabled":true,"jetpack_likes_enabled":true,"jetpack-related-posts":[],"_links":{"self":[{"href":"https:\/\/eltrabajo.cl\/portal\/wp-json\/wp\/v2\/posts\/77133","targetHints":{"allow":["GET"]}}],"collection":[{"href":"https:\/\/eltrabajo.cl\/portal\/wp-json\/wp\/v2\/posts"}],"about":[{"href":"https:\/\/eltrabajo.cl\/portal\/wp-json\/wp\/v2\/types\/post"}],"author":[{"embeddable":true,"href":"https:\/\/eltrabajo.cl\/portal\/wp-json\/wp\/v2\/users\/1"}],"replies":[{"embeddable":true,"href":"https:\/\/eltrabajo.cl\/portal\/wp-json\/wp\/v2\/comments?post=77133"}],"version-history":[{"count":0,"href":"https:\/\/eltrabajo.cl\/portal\/wp-json\/wp\/v2\/posts\/77133\/revisions"}],"wp:featuredmedia":[{"embeddable":true,"href":"https:\/\/eltrabajo.cl\/portal\/wp-json\/wp\/v2\/media\/77134"}],"wp:attachment":[{"href":"https:\/\/eltrabajo.cl\/portal\/wp-json\/wp\/v2\/media?parent=77133"}],"wp:term":[{"taxonomy":"category","embeddable":true,"href":"https:\/\/eltrabajo.cl\/portal\/wp-json\/wp\/v2\/categories?post=77133"},{"taxonomy":"post_tag","embeddable":true,"href":"https:\/\/eltrabajo.cl\/portal\/wp-json\/wp\/v2\/tags?post=77133"}],"curies":[{"name":"wp","href":"https:\/\/api.w.org\/{rel}","templated":true}]}}