{"id":77136,"date":"2017-02-07T09:25:03","date_gmt":"2017-02-07T13:25:03","guid":{"rendered":"http:\/\/www.eltrabajo.cl\/2017\/?p=77136"},"modified":"2017-02-07T09:25:03","modified_gmt":"2017-02-07T13:25:03","slug":"motocicleta-fantasma-colisiona-camioneta-y-desaparece-misteriosamente","status":"publish","type":"post","link":"https:\/\/eltrabajo.cl\/portal\/motocicleta-fantasma-colisiona-camioneta-y-desaparece-misteriosamente\/","title":{"rendered":"Motocicleta \u2018fantasma\u2019 colisiona camioneta y desaparece misteriosamente"},"content":{"rendered":"<figure id=\"attachment_77137\" aria-describedby=\"caption-attachment-77137\" style=\"width: 580px\" class=\"wp-caption alignnone\"><img data-recalc-dims=\"1\" loading=\"lazy\" decoding=\"async\" class=\"size-full wp-image-77137\" src=\"https:\/\/i0.wp.com\/www.eltrabajo.cl\/2017\/wp-content\/uploads\/2017\/02\/Golpe1.jpg?resize=580%2C348\" alt=\"GOLPAZO.- As\u00ed qued\u00f3 el parabrisas frontal de esta camioneta, luego que un conductor en su \u2018moto fantasma\u2019 se estrellara contra \u00e9sta en Navarro esquina Merced.  (Foto Roberto Gonz\u00e1lez)\" width=\"580\" height=\"348\" srcset=\"https:\/\/i0.wp.com\/eltrabajo.cl\/portal\/wp-content\/uploads\/2017\/02\/Golpe1.jpg?w=580&amp;ssl=1 580w, https:\/\/i0.wp.com\/eltrabajo.cl\/portal\/wp-content\/uploads\/2017\/02\/Golpe1.jpg?resize=200%2C120&amp;ssl=1 200w, https:\/\/i0.wp.com\/eltrabajo.cl\/portal\/wp-content\/uploads\/2017\/02\/Golpe1.jpg?resize=300%2C180&amp;ssl=1 300w, https:\/\/i0.wp.com\/eltrabajo.cl\/portal\/wp-content\/uploads\/2017\/02\/Golpe1.jpg?resize=250%2C150&amp;ssl=1 250w, https:\/\/i0.wp.com\/eltrabajo.cl\/portal\/wp-content\/uploads\/2017\/02\/Golpe1.jpg?resize=400%2C240&amp;ssl=1 400w\" sizes=\"auto, (max-width: 580px) 100vw, 580px\" \/><figcaption id=\"caption-attachment-77137\" class=\"wp-caption-text\">GOLPAZO.- As\u00ed qued\u00f3 el parabrisas frontal de esta camioneta, luego que un conductor en su \u2018moto fantasma\u2019 se estrellara contra \u00e9sta en Navarro esquina Merced. (Foto Roberto Gonz\u00e1lez)<\/figcaption><\/figure>\n<ul>\n<li><span style=\"color: #ff0000;\"><strong>Ni Carabineros ni Bomberos supieron c\u00f3mo \u2018se esfum\u00f3\u2019 en segundos:<\/strong><\/span><\/li>\n<\/ul>\n<p>Una ins\u00f3lita situaci\u00f3n se desarroll\u00f3 al filo de las 15:30 horas de ayer lunes en la esquina de Navarro con Merced, luego que una motocicleta peque\u00f1a colisionara a una camioneta, golpeando fuertemente el casco del motociclista con el parabrisas frontal del veh\u00edculo.<br \/>\nLo ins\u00f3lito de este accidente, tiene que ver con la misteriosa \u2018desaparici\u00f3n\u2019 inmediata de la motocicleta, pues en pocos segundos la misma ya no estaba en el lugar, aunque s\u00ed su conductor, quien result\u00f3 con un fuerte golpe en una parte no determinada de su cuerpo.<\/p>\n<p><strong>ABSOLUTO MISTERIO<\/strong><br \/>\nPese a que las c\u00e1maras de Diario El Trabajo, Bomberos y Carabineros llegaron muy r\u00e1pido al lugar, en la escena s\u00f3lo se hallaban la camioneta, el conductor de la misma y el motociclista, finalmente el joven fue atendido por personal del Samu, pero la motocicleta segu\u00eda sin aparecer.<br \/>\nNuestro medio pudo hablar con testigos y curiosos en el lugar, algunos comentaban que \u2018de la nada\u2019 apareci\u00f3 otra camioneta, que dos tipos bajaron de la misma y se hab\u00edan robado la moto, otros en cambio, aseguraban que en la moto ven\u00eda una jovencita de acompa\u00f1ante, que ella ubic\u00f3 a dos amigos suyos y que \u00e9stos, y con ella tambi\u00e9n, r\u00e1pidamente se llevaron la moto del lugar caminando, lo que explicar\u00eda en parte la desaparici\u00f3n.<\/p>\n<p><strong>MOTO FANTASMA<\/strong><br \/>\nCarabineros mont\u00f3 un r\u00e1pido operativo para ubicar la moto, sin resultados positivos hasta el cierre de nuestra edici\u00f3n. El conductor de la camioneta patente BBXK48 Mitsubishi roja pidi\u00f3 no ser fotografiado, pero report\u00f3 que \u00e9l no estaba herido, as\u00ed, las autoridades y personal del Samu, y Carabineros, regresaron a sus bases correspondientes, quedando en el misterio el paradero de la motocicleta, de la que no se tienen ni tan siquiera datos b\u00e1sicos.<br \/>\n<strong>Roberto Gonz\u00e1lez Short<\/strong><\/p>\n<figure id=\"attachment_77139\" aria-describedby=\"caption-attachment-77139\" style=\"width: 580px\" class=\"wp-caption alignnone\"><img data-recalc-dims=\"1\" loading=\"lazy\" decoding=\"async\" class=\"size-full wp-image-77139\" src=\"https:\/\/i0.wp.com\/www.eltrabajo.cl\/2017\/wp-content\/uploads\/2017\/02\/portada-accidente-emercordillera.jpg?resize=580%2C349\" alt=\"El accidente no tuvo mayores consecuencias, pero lo curioso y pintoresco fue que la motocicleta repentinamente desaparecvi\u00f3 del sitio del suceso. (Foto @emerVcordillera).\" width=\"580\" height=\"349\" srcset=\"https:\/\/i0.wp.com\/eltrabajo.cl\/portal\/wp-content\/uploads\/2017\/02\/portada-accidente-emercordillera.jpg?w=580&amp;ssl=1 580w, https:\/\/i0.wp.com\/eltrabajo.cl\/portal\/wp-content\/uploads\/2017\/02\/portada-accidente-emercordillera.jpg?resize=200%2C120&amp;ssl=1 200w, https:\/\/i0.wp.com\/eltrabajo.cl\/portal\/wp-content\/uploads\/2017\/02\/portada-accidente-emercordillera.jpg?resize=300%2C181&amp;ssl=1 300w, https:\/\/i0.wp.com\/eltrabajo.cl\/portal\/wp-content\/uploads\/2017\/02\/portada-accidente-emercordillera.jpg?resize=249%2C150&amp;ssl=1 249w, https:\/\/i0.wp.com\/eltrabajo.cl\/portal\/wp-content\/uploads\/2017\/02\/portada-accidente-emercordillera.jpg?resize=400%2C241&amp;ssl=1 400w\" sizes=\"auto, (max-width: 580px) 100vw, 580px\" \/><figcaption id=\"caption-attachment-77139\" class=\"wp-caption-text\">El accidente no tuvo mayores consecuencias, pero lo curioso y pintoresco fue que la motocicleta repentinamente desaparecvi\u00f3 del sitio del suceso. (Foto @emerVcordillera).<\/figcaption><\/figure>\n<figure id=\"attachment_77138\" aria-describedby=\"caption-attachment-77138\" style=\"width: 580px\" class=\"wp-caption alignnone\"><img data-recalc-dims=\"1\" loading=\"lazy\" decoding=\"async\" class=\"size-full wp-image-77138\" src=\"https:\/\/i0.wp.com\/www.eltrabajo.cl\/2017\/wp-content\/uploads\/2017\/02\/Golpe2.jpg?resize=580%2C348\" alt=\"\u00bfY LA MOTO?.- Los carabineros intentaron por todos los medios ubicar el paradero de la motocicleta, pero sin resultados positivos. (Foto Roberto Gonz\u00e1lez)\" width=\"580\" height=\"348\" srcset=\"https:\/\/i0.wp.com\/eltrabajo.cl\/portal\/wp-content\/uploads\/2017\/02\/Golpe2.jpg?w=580&amp;ssl=1 580w, https:\/\/i0.wp.com\/eltrabajo.cl\/portal\/wp-content\/uploads\/2017\/02\/Golpe2.jpg?resize=200%2C120&amp;ssl=1 200w, https:\/\/i0.wp.com\/eltrabajo.cl\/portal\/wp-content\/uploads\/2017\/02\/Golpe2.jpg?resize=300%2C180&amp;ssl=1 300w, https:\/\/i0.wp.com\/eltrabajo.cl\/portal\/wp-content\/uploads\/2017\/02\/Golpe2.jpg?resize=250%2C150&amp;ssl=1 250w, https:\/\/i0.wp.com\/eltrabajo.cl\/portal\/wp-content\/uploads\/2017\/02\/Golpe2.jpg?resize=400%2C240&amp;ssl=1 400w\" sizes=\"auto, (max-width: 580px) 100vw, 580px\" \/><figcaption id=\"caption-attachment-77138\" class=\"wp-caption-text\">\u00bfY LA MOTO?.- Los carabineros intentaron por todos los medios ubicar el paradero de la motocicleta, pero sin resultados positivos. (Foto Roberto Gonz\u00e1lez)<\/figcaption><\/figure>\n","protected":false},"excerpt":{"rendered":"<p>Ni Carabineros ni Bomberos supieron c\u00f3mo \u2018se esfum\u00f3\u2019 en segundos: Una ins\u00f3lita situaci\u00f3n se desarroll\u00f3 al filo de las 15:30 horas de ayer lunes en la esquina de Navarro con Merced, luego&#8230;<\/p>\n","protected":false},"author":1,"featured_media":77139,"comment_status":"open","ping_status":"open","sticky":false,"template":"","format":"standard","meta":{"advanced_seo_description":"","jetpack_seo_html_title":"","jetpack_seo_noindex":false,"_jetpack_memberships_contains_paid_content":false,"footnotes":""},"categories":[21],"tags":[],"class_list":["post-77136","post","type-post","status-publish","format-standard","has-post-thumbnail","hentry","category-policial"],"jetpack_featured_media_url":"https:\/\/i0.wp.com\/eltrabajo.cl\/portal\/wp-content\/uploads\/2017\/02\/portada-accidente-emercordillera.jpg?fit=580%2C349&ssl=1","jetpack_sharing_enabled":true,"jetpack_likes_enabled":true,"jetpack-related-posts":[],"_links":{"self":[{"href":"https:\/\/eltrabajo.cl\/portal\/wp-json\/wp\/v2\/posts\/77136","targetHints":{"allow":["GET"]}}],"collection":[{"href":"https:\/\/eltrabajo.cl\/portal\/wp-json\/wp\/v2\/posts"}],"about":[{"href":"https:\/\/eltrabajo.cl\/portal\/wp-json\/wp\/v2\/types\/post"}],"author":[{"embeddable":true,"href":"https:\/\/eltrabajo.cl\/portal\/wp-json\/wp\/v2\/users\/1"}],"replies":[{"embeddable":true,"href":"https:\/\/eltrabajo.cl\/portal\/wp-json\/wp\/v2\/comments?post=77136"}],"version-history":[{"count":0,"href":"https:\/\/eltrabajo.cl\/portal\/wp-json\/wp\/v2\/posts\/77136\/revisions"}],"wp:featuredmedia":[{"embeddable":true,"href":"https:\/\/eltrabajo.cl\/portal\/wp-json\/wp\/v2\/media\/77139"}],"wp:attachment":[{"href":"https:\/\/eltrabajo.cl\/portal\/wp-json\/wp\/v2\/media?parent=77136"}],"wp:term":[{"taxonomy":"category","embeddable":true,"href":"https:\/\/eltrabajo.cl\/portal\/wp-json\/wp\/v2\/categories?post=77136"},{"taxonomy":"post_tag","embeddable":true,"href":"https:\/\/eltrabajo.cl\/portal\/wp-json\/wp\/v2\/tags?post=77136"}],"curies":[{"name":"wp","href":"https:\/\/api.w.org\/{rel}","templated":true}]}}