{"id":77141,"date":"2017-02-08T10:34:14","date_gmt":"2017-02-08T14:34:14","guid":{"rendered":"http:\/\/www.eltrabajo.cl\/2017\/?p=77141"},"modified":"2017-02-08T10:34:14","modified_gmt":"2017-02-08T14:34:14","slug":"cevas-celebra-25-anos-entregando-alegria-a-los-ninos-de-san-felipe","status":"publish","type":"post","link":"https:\/\/eltrabajo.cl\/portal\/cevas-celebra-25-anos-entregando-alegria-a-los-ninos-de-san-felipe\/","title":{"rendered":"\u2018Cevas\u2019 celebra 25 a\u00f1os entregando alegr\u00eda a los ni\u00f1os de San Felipe"},"content":{"rendered":"<figure id=\"attachment_77142\" aria-describedby=\"caption-attachment-77142\" style=\"width: 580px\" class=\"wp-caption alignnone\"><img data-recalc-dims=\"1\" loading=\"lazy\" decoding=\"async\" class=\"size-full wp-image-77142\" src=\"https:\/\/i0.wp.com\/www.eltrabajo.cl\/2017\/wp-content\/uploads\/2017\/02\/CEVAS.jpg?resize=580%2C348\" alt=\"Los integrantes de Cevas San Felipe posando felices para los lectores de Diario El Trabajo.\" width=\"580\" height=\"348\" srcset=\"https:\/\/i0.wp.com\/eltrabajo.cl\/portal\/wp-content\/uploads\/2017\/02\/CEVAS.jpg?w=580&amp;ssl=1 580w, https:\/\/i0.wp.com\/eltrabajo.cl\/portal\/wp-content\/uploads\/2017\/02\/CEVAS.jpg?resize=200%2C120&amp;ssl=1 200w, https:\/\/i0.wp.com\/eltrabajo.cl\/portal\/wp-content\/uploads\/2017\/02\/CEVAS.jpg?resize=300%2C180&amp;ssl=1 300w, https:\/\/i0.wp.com\/eltrabajo.cl\/portal\/wp-content\/uploads\/2017\/02\/CEVAS.jpg?resize=250%2C150&amp;ssl=1 250w, https:\/\/i0.wp.com\/eltrabajo.cl\/portal\/wp-content\/uploads\/2017\/02\/CEVAS.jpg?resize=400%2C240&amp;ssl=1 400w\" sizes=\"auto, (max-width: 580px) 100vw, 580px\" \/><figcaption id=\"caption-attachment-77142\" class=\"wp-caption-text\">Los integrantes de Cevas San Felipe posando felices para los lectores de Diario El Trabajo.<\/figcaption><\/figure>\n<p>Este a\u00f1o ha sido muy bonito y significativo para los integrantes de \u2018Cevas\u2019, porque est\u00e1n cumpliendo 25 a\u00f1os sacando sonrisas a los ni\u00f1os en San Felipe.<br \/>\nPara celebrarlo, tiene varias sorpresas teniendo en cuenta que esta es la segunda semana de trabajo con los ni\u00f1os. Al respecto, Ricardo Sep\u00falveda vicecoordinador de Cevas, expresa: \u201cPor ejemplo hoy (ayer martes) a los ni\u00f1os del sector Parras\u00eda y Santa Rosa los llevan a la piscina fiscal como un forma de paseo con los ni\u00f1os y el d\u00eda jueves que es el ultimo d\u00eda que trabajamos, terminamos con actividades propias de una clausura que lo m\u00e1s probable se realice en el Gimnasio Fort\u00edn Prat, para finalizar con una far\u00e1ndula por las calles de la plaza\u201d, comenta Sep\u00falveda.<br \/>\nLos Cevas son un grupo de j\u00f3venes que entregan vacaciones entretenidas a los ni\u00f1os de escasos recursos, que por distintas situaciones socioecon\u00f3micas no pueden salir a conocer otros lugares como por ejemplo la playa: \u201cNosotros sacrificamos nuestro verano para ir a entregar sonrisas\u201d, indic\u00f3 el encargado.<br \/>\nLos equipos Cevas los integran j\u00f3venes de San Felipe que van desde los 13 a\u00f1os a los 27 y este a\u00f1o tuvieron la visita de los Cevas de Cabildo, porque el a\u00f1o pasado fueron a crear la experiencia de estos grupos a esa comuna.<br \/>\nEste es el segundo a\u00f1o que el grupo de Cabildo viene a San Felipe a participar de la experiencia.<br \/>\nSep\u00falveda comenta estar muy contento con el trabajo: \u201cYo en lo personal trabajo todo el a\u00f1o en pedagog\u00eda, soy profesor en el Liceo Mixto en la media, termino all\u00e1 y de inmediato parto con los Cevas, es un constante trabajo adem\u00e1s es algo que me gusta de lo contrario no lo har\u00eda\u201d, se\u00f1ala.<br \/>\nAlbania, una de las monitoras de Cevas, se\u00f1ala: \u201cYo soy monitora ac\u00e1 en San Felipe y en Cabildo, la experiencia es fant\u00e1stica, saber que un mont\u00f3n de ni\u00f1os tienen escasos recursos y verlos llegar a nuestra sede y ver que lo pasa bien, nos hacen caso, juegan con nosotros aunque a veces se ponen desordenados, pero bien\u201d, se\u00f1ala.<br \/>\nRicardo Sep\u00falveda aparte de ser vicecoordinador a nivel general, tambi\u00e9n es coordinador de las experiencias que se est\u00e1n realizando en La Parras\u00eda y Santa Rosa en San Felipe.<br \/>\nCevas pertenece al Obispado de San Felipe, siendo el padre Ricardo Cortez Piffaut, asesor espiritual, hermana Carmen Herrera, coordinadora General, Ricardo Sep\u00falveda vicecoordinador y finalmente el equipo coordinador integrado por los monitores que atienden los 20 centros que tienen en San Felipe.<br \/>\nEn San Felipe, est\u00e1n funcionando en Parras\u00eda, Santa Rosa, Renacer, Villa Industrial en el sector de la Villa 250 a\u00f1os, Las Acacias, Poblaci\u00f3n Santa Br\u00edgida, Poblaci\u00f3n La Escuadra, Villa Cordillera., El Totoral y Villa Juan Pablo Segundo.<br \/>\nEn cuanto a los sectores rurales est\u00e1n presentes en El Asiento, Las Coimas, Calle Ortiz, Villa Los R\u00edos en Putaendo, Rinconada de Silva, dos centros en Santa Mar\u00eda que son Los Aromos y Los Robles.<\/p>\n","protected":false},"excerpt":{"rendered":"<p>Este a\u00f1o ha sido muy bonito y significativo para los integrantes de \u2018Cevas\u2019, porque est\u00e1n cumpliendo 25 a\u00f1os sacando sonrisas a los ni\u00f1os en San Felipe. Para celebrarlo, tiene varias sorpresas teniendo&#8230;<\/p>\n","protected":false},"author":1,"featured_media":77142,"comment_status":"open","ping_status":"open","sticky":false,"template":"","format":"standard","meta":{"advanced_seo_description":"","jetpack_seo_html_title":"","jetpack_seo_noindex":false,"_jetpack_memberships_contains_paid_content":false,"footnotes":""},"categories":[15],"tags":[],"class_list":["post-77141","post","type-post","status-publish","format-standard","has-post-thumbnail","hentry","category-comunidad"],"jetpack_featured_media_url":"https:\/\/i0.wp.com\/eltrabajo.cl\/portal\/wp-content\/uploads\/2017\/02\/CEVAS.jpg?fit=580%2C348&ssl=1","jetpack_sharing_enabled":true,"jetpack_likes_enabled":true,"jetpack-related-posts":[],"_links":{"self":[{"href":"https:\/\/eltrabajo.cl\/portal\/wp-json\/wp\/v2\/posts\/77141","targetHints":{"allow":["GET"]}}],"collection":[{"href":"https:\/\/eltrabajo.cl\/portal\/wp-json\/wp\/v2\/posts"}],"about":[{"href":"https:\/\/eltrabajo.cl\/portal\/wp-json\/wp\/v2\/types\/post"}],"author":[{"embeddable":true,"href":"https:\/\/eltrabajo.cl\/portal\/wp-json\/wp\/v2\/users\/1"}],"replies":[{"embeddable":true,"href":"https:\/\/eltrabajo.cl\/portal\/wp-json\/wp\/v2\/comments?post=77141"}],"version-history":[{"count":0,"href":"https:\/\/eltrabajo.cl\/portal\/wp-json\/wp\/v2\/posts\/77141\/revisions"}],"wp:featuredmedia":[{"embeddable":true,"href":"https:\/\/eltrabajo.cl\/portal\/wp-json\/wp\/v2\/media\/77142"}],"wp:attachment":[{"href":"https:\/\/eltrabajo.cl\/portal\/wp-json\/wp\/v2\/media?parent=77141"}],"wp:term":[{"taxonomy":"category","embeddable":true,"href":"https:\/\/eltrabajo.cl\/portal\/wp-json\/wp\/v2\/categories?post=77141"},{"taxonomy":"post_tag","embeddable":true,"href":"https:\/\/eltrabajo.cl\/portal\/wp-json\/wp\/v2\/tags?post=77141"}],"curies":[{"name":"wp","href":"https:\/\/api.w.org\/{rel}","templated":true}]}}