{"id":77144,"date":"2017-02-08T10:36:46","date_gmt":"2017-02-08T14:36:46","guid":{"rendered":"http:\/\/www.eltrabajo.cl\/2017\/?p=77144"},"modified":"2017-02-08T10:36:46","modified_gmt":"2017-02-08T14:36:46","slug":"karatekas-sanfelipenos-destacan-en-importante-torneo-en-valparaiso","status":"publish","type":"post","link":"https:\/\/eltrabajo.cl\/portal\/karatekas-sanfelipenos-destacan-en-importante-torneo-en-valparaiso\/","title":{"rendered":"Karatekas sanfelipe\u00f1os destacan en importante torneo en Valpara\u00edso"},"content":{"rendered":"<figure id=\"attachment_77146\" aria-describedby=\"caption-attachment-77146\" style=\"width: 580px\" class=\"wp-caption alignnone\"><img data-recalc-dims=\"1\" loading=\"lazy\" decoding=\"async\" class=\"size-full wp-image-77146\" src=\"https:\/\/i0.wp.com\/www.eltrabajo.cl\/2017\/wp-content\/uploads\/2017\/02\/karatecas-Maestros.jpg?resize=580%2C348\" alt=\"LA CREMA.- Ellos son parte de los grandes maestros de Artes Marciales involucrados en esta gesta deportiva: Luis Benavente, Valeria Benavente, el Kuksanim H\u00e9ctor Contreras y el Sensei V\u00edctor Caballero.\" width=\"580\" height=\"348\" srcset=\"https:\/\/i0.wp.com\/eltrabajo.cl\/portal\/wp-content\/uploads\/2017\/02\/karatecas-Maestros.jpg?w=580&amp;ssl=1 580w, https:\/\/i0.wp.com\/eltrabajo.cl\/portal\/wp-content\/uploads\/2017\/02\/karatecas-Maestros.jpg?resize=200%2C120&amp;ssl=1 200w, https:\/\/i0.wp.com\/eltrabajo.cl\/portal\/wp-content\/uploads\/2017\/02\/karatecas-Maestros.jpg?resize=300%2C180&amp;ssl=1 300w, https:\/\/i0.wp.com\/eltrabajo.cl\/portal\/wp-content\/uploads\/2017\/02\/karatecas-Maestros.jpg?resize=250%2C150&amp;ssl=1 250w, https:\/\/i0.wp.com\/eltrabajo.cl\/portal\/wp-content\/uploads\/2017\/02\/karatecas-Maestros.jpg?resize=400%2C240&amp;ssl=1 400w\" sizes=\"auto, (max-width: 580px) 100vw, 580px\" \/><figcaption id=\"caption-attachment-77146\" class=\"wp-caption-text\">LA CREMA.- Ellos son parte de los grandes maestros de Artes Marciales involucrados en esta gesta deportiva: Luis Benavente, Valeria Benavente, el Kuksanim H\u00e9ctor Contreras y el Sensei V\u00edctor Caballero.<\/figcaption><\/figure>\n<p>Este mes de febrero, los peque\u00f1os karatekas del Hodori Karate de San Felipe, arrancaron de manera muy explosiva, pues participaron el pasado fin de semana en Los Vilos, obteniendo varias premiaciones el domingo en el campeonato de Artes Marciales organizado por la Academia Sport Dinamic Ki Han Do, que se desarroll\u00f3 en el gimnasio naval de Valpara\u00edso, academia que es dirigida por el Sensei Luis Benavente y la Maestra de Artes Marciales Valeria Benavente.<\/p>\n<p><strong>\u00abSON MI FUERZA\u00bb<\/strong><br \/>\n\u00abDe mi escuela viajaron y participaron los karatekas Mart\u00edn Astudillo Quijanes, Basti\u00e1n Arriagada Abarca, Fernanda Tapia Gonz\u00e1lez y Javier Torrealba S\u00e1ez. Mis peque\u00f1os guerreros arrollaron con ocho copas y muchas medallas tambi\u00e9n, he notado que ellos, con su energ\u00eda, le dan fuerza a un viejo como yo, porque ellos son ahora mi fuerza, yo me siento pagado cada vez que un chico de estos logra sus peque\u00f1os y grandes triunfos en el deporte, pues los riegos que ellos enfrentan de perderse en el camino, son muchos y de gran peligro\u00bb, dijo a Diario El Trabajo el experimentado maestro de Artes Marciales, V\u00edctor Caballero Astudillo, de 72 a\u00f1os de edad.<br \/>\nMart\u00edn Astudillo Quijanes, logr\u00f3 un primer lugar en Formas, primer lugar en Lucha de piso escolar y primer lugar en Licht Contact; Fernanda Tapia Gonz\u00e1lez, conquist\u00f3 el primer lugar en Combate al Punto, Lucha de piso y un segundo lugar en Formas; Basti\u00e1n Arriagada Abarca se vino con primer lugar en Light Contact, Formas y Lucha de piso escolar; Javier Torrealba S\u00e1ez gan\u00f3 el segundo lugar en Combate al Punto y en Formas.<br \/>\nRoberto Gonz\u00e1lez Short<\/p>\n<figure id=\"attachment_77145\" aria-describedby=\"caption-attachment-77145\" style=\"width: 580px\" class=\"wp-caption alignnone\"><img data-recalc-dims=\"1\" loading=\"lazy\" decoding=\"async\" class=\"size-full wp-image-77145\" src=\"https:\/\/i0.wp.com\/www.eltrabajo.cl\/2017\/wp-content\/uploads\/2017\/02\/karatecas-Campeones.jpg?resize=580%2C348\" alt=\"NUESTROS CAMPEONES.- Los karatekas sanfelipe\u00f1os regresaron a nuestra comuna, cargados de premios.\" width=\"580\" height=\"348\" srcset=\"https:\/\/i0.wp.com\/eltrabajo.cl\/portal\/wp-content\/uploads\/2017\/02\/karatecas-Campeones.jpg?w=580&amp;ssl=1 580w, https:\/\/i0.wp.com\/eltrabajo.cl\/portal\/wp-content\/uploads\/2017\/02\/karatecas-Campeones.jpg?resize=200%2C120&amp;ssl=1 200w, https:\/\/i0.wp.com\/eltrabajo.cl\/portal\/wp-content\/uploads\/2017\/02\/karatecas-Campeones.jpg?resize=300%2C180&amp;ssl=1 300w, https:\/\/i0.wp.com\/eltrabajo.cl\/portal\/wp-content\/uploads\/2017\/02\/karatecas-Campeones.jpg?resize=250%2C150&amp;ssl=1 250w, https:\/\/i0.wp.com\/eltrabajo.cl\/portal\/wp-content\/uploads\/2017\/02\/karatecas-Campeones.jpg?resize=400%2C240&amp;ssl=1 400w\" sizes=\"auto, (max-width: 580px) 100vw, 580px\" \/><figcaption id=\"caption-attachment-77145\" class=\"wp-caption-text\">NUESTROS CAMPEONES.- Los karatekas sanfelipe\u00f1os regresaron a nuestra comuna, cargados de premios.<\/figcaption><\/figure>\n","protected":false},"excerpt":{"rendered":"<p>Este mes de febrero, los peque\u00f1os karatekas del Hodori Karate de San Felipe, arrancaron de manera muy explosiva, pues participaron el pasado fin de semana en Los Vilos, obteniendo varias premiaciones el&#8230;<\/p>\n","protected":false},"author":1,"featured_media":77145,"comment_status":"open","ping_status":"open","sticky":false,"template":"","format":"standard","meta":{"advanced_seo_description":"","jetpack_seo_html_title":"","jetpack_seo_noindex":false,"_jetpack_memberships_contains_paid_content":false,"footnotes":""},"categories":[15],"tags":[],"class_list":["post-77144","post","type-post","status-publish","format-standard","has-post-thumbnail","hentry","category-comunidad"],"jetpack_featured_media_url":"https:\/\/i0.wp.com\/eltrabajo.cl\/portal\/wp-content\/uploads\/2017\/02\/karatecas-Campeones.jpg?fit=580%2C348&ssl=1","jetpack_sharing_enabled":true,"jetpack_likes_enabled":true,"jetpack-related-posts":[],"_links":{"self":[{"href":"https:\/\/eltrabajo.cl\/portal\/wp-json\/wp\/v2\/posts\/77144","targetHints":{"allow":["GET"]}}],"collection":[{"href":"https:\/\/eltrabajo.cl\/portal\/wp-json\/wp\/v2\/posts"}],"about":[{"href":"https:\/\/eltrabajo.cl\/portal\/wp-json\/wp\/v2\/types\/post"}],"author":[{"embeddable":true,"href":"https:\/\/eltrabajo.cl\/portal\/wp-json\/wp\/v2\/users\/1"}],"replies":[{"embeddable":true,"href":"https:\/\/eltrabajo.cl\/portal\/wp-json\/wp\/v2\/comments?post=77144"}],"version-history":[{"count":0,"href":"https:\/\/eltrabajo.cl\/portal\/wp-json\/wp\/v2\/posts\/77144\/revisions"}],"wp:featuredmedia":[{"embeddable":true,"href":"https:\/\/eltrabajo.cl\/portal\/wp-json\/wp\/v2\/media\/77145"}],"wp:attachment":[{"href":"https:\/\/eltrabajo.cl\/portal\/wp-json\/wp\/v2\/media?parent=77144"}],"wp:term":[{"taxonomy":"category","embeddable":true,"href":"https:\/\/eltrabajo.cl\/portal\/wp-json\/wp\/v2\/categories?post=77144"},{"taxonomy":"post_tag","embeddable":true,"href":"https:\/\/eltrabajo.cl\/portal\/wp-json\/wp\/v2\/tags?post=77144"}],"curies":[{"name":"wp","href":"https:\/\/api.w.org\/{rel}","templated":true}]}}