{"id":77148,"date":"2017-02-08T10:49:08","date_gmt":"2017-02-08T14:49:08","guid":{"rendered":"http:\/\/www.eltrabajo.cl\/2017\/?p=77148"},"modified":"2017-02-08T10:49:08","modified_gmt":"2017-02-08T14:49:08","slug":"locutor-ciego-se-matriculo-en-la-carrera-de-derecho-en-la-uac","status":"publish","type":"post","link":"https:\/\/eltrabajo.cl\/portal\/locutor-ciego-se-matriculo-en-la-carrera-de-derecho-en-la-uac\/","title":{"rendered":"Locutor ciego se matricul\u00f3 en la carrera de Derecho en la UAC"},"content":{"rendered":"<figure id=\"attachment_77151\" aria-describedby=\"caption-attachment-77151\" style=\"width: 580px\" class=\"wp-caption alignnone\"><img data-recalc-dims=\"1\" loading=\"lazy\" decoding=\"async\" class=\"size-full wp-image-77151\" src=\"https:\/\/i0.wp.com\/www.eltrabajo.cl\/2017\/wp-content\/uploads\/2017\/02\/Manuel-Galdames.jpg?resize=580%2C349\" alt=\"IMPARABLE MANUELITO.- Aqu\u00ed tenemos a Manuel Galdames en plena acci\u00f3n, presentando su programa radial Ecos en la oscuridad.\" width=\"580\" height=\"349\" srcset=\"https:\/\/i0.wp.com\/eltrabajo.cl\/portal\/wp-content\/uploads\/2017\/02\/Manuel-Galdames.jpg?w=580&amp;ssl=1 580w, https:\/\/i0.wp.com\/eltrabajo.cl\/portal\/wp-content\/uploads\/2017\/02\/Manuel-Galdames.jpg?resize=200%2C120&amp;ssl=1 200w, https:\/\/i0.wp.com\/eltrabajo.cl\/portal\/wp-content\/uploads\/2017\/02\/Manuel-Galdames.jpg?resize=300%2C181&amp;ssl=1 300w, https:\/\/i0.wp.com\/eltrabajo.cl\/portal\/wp-content\/uploads\/2017\/02\/Manuel-Galdames.jpg?resize=249%2C150&amp;ssl=1 249w, https:\/\/i0.wp.com\/eltrabajo.cl\/portal\/wp-content\/uploads\/2017\/02\/Manuel-Galdames.jpg?resize=400%2C241&amp;ssl=1 400w\" sizes=\"auto, (max-width: 580px) 100vw, 580px\" \/><figcaption id=\"caption-attachment-77151\" class=\"wp-caption-text\">IMPARABLE MANUELITO.- Aqu\u00ed tenemos a Manuel Galdames en plena acci\u00f3n, presentando su programa radial Ecos en la oscuridad.<\/figcaption><\/figure>\n<p>&nbsp;<\/p>\n<ul>\n<li><span style=\"color: #ff0000;\"><strong>Tiene programa de radio y labora en Enjoy Santiago:<\/strong><\/span><\/li>\n<\/ul>\n<p>Una historia de optimismo, esfuerzo personal y ejemplar muestra de superaci\u00f3n personal es la que protagoniza un ciego sanfelipe\u00f1o, quien se neg\u00f3 a hundirse en la desesperaci\u00f3n, luego que un glaucoma agudo cong\u00e9nito llegara finalmente a quitarle la vista por completo, dej\u00e1ndolo cara a cara con una condici\u00f3n de discapacidad, capaz de derrumbar a muchos valientes.<\/p>\n<p><strong>A SOLAS CON MANUEL<\/strong><br \/>\nSe trata de don Manuel Alejandro Galdames Donoso, de 45 a\u00f1os, quien hizo acopio de coraje y autodeterminaci\u00f3n para matricularse en la Universidad Aconcagua sede San Felipe, en la carrera de Derecho, siendo as\u00ed el primer ciego en lanzarse a la conquista de un sue\u00f1o personal tan dif\u00edcil. Diario El Trabajo habl\u00f3 con Manuel, quien adem\u00e1s trabaja en el departamento de telemarketing del Enjoy Santiago, es monitor de Braile para otros ciegos en Club de Leones San Felipe, adem\u00e1s de tener su propio programa radial Ecos en la oscuridad, que regularmente transmite Radio Poblaci\u00f3n Aconcagua, de San Felipe.<br \/>\n<strong>&#8211; \u00bfC\u00f3mo perdiste la vista?<\/strong><br \/>\n&#8211; Fui perdiendo la vista desde ni\u00f1o, a\u00fan as\u00ed logr\u00e9 llegar a mi edad adulta con una capacidad m\u00ednima que me permit\u00eda mirar, soy el mayor de cuatro hermanos, soltero y sin hijos y vivo en Villa El Carmen.<br \/>\n<strong>&#8211; \u00bfPor qu\u00e9 quieres ser abogado?<\/strong><br \/>\n&#8211; Quiero ser abogado porque s\u00e9 que en nuestro pa\u00eds, y tambi\u00e9n en Aconcagua, ocasionalmente se discrimina a las personas ciegas y tambi\u00e9n a otras que tienen limitaciones, no me gusta que me llamen \u2018cieguito\u2019, \u2018no vidente\u2019 ni \u2018con capacidades diferentes\u2019, soy ciego y as\u00ed pido que se establezca en mi caso.<br \/>\n<strong>&#8211; \u00bfCu\u00e1ndo te matriculaste?<\/strong><br \/>\n&#8211; Me matricul\u00e9 el 19 de diciembre en la UAC, es una universidad inclusiva, tanto para ellos en la universidad como para m\u00ed es un gran desaf\u00edo, ya estoy buscando libros en Braile para poder adecuar mis estudios a mi situaci\u00f3n, el director de la UAC tambi\u00e9n me ofreci\u00f3 todo el apoyo posible para alentarme en este proceso, pues son diez semestres (cinco a\u00f1os).<br \/>\n<strong>&#8211; \u00bfQu\u00e9 causas no te gustar\u00eda defender ya como abogado?<\/strong><br \/>\n&#8211; No me gustar\u00eda llevar causas de sangre, m\u00e1s que todo un abogado que pueda defender casos civiles, en los que yo pueda m\u00e1s defender una causa digna, a que defender a un violador o asesino.<\/p>\n<p><strong>TODO UN DESAF\u00cdO<\/strong><br \/>\nDiario El Trabajo habl\u00f3 con el director de la Universidad Aconcagua, sede San Felipe, Javier Cerda, para conocer c\u00f3mo har\u00e1 esa casa universitaria para enfrentar este desaf\u00edo acad\u00e9mico.<br \/>\n\u00abSi bien para nosotros como Sede San Felipe de la Universidad de Aconcagua, es un desaf\u00edo que Manuel se integre a la carrera de Derecho, hay que destacar que \u00e9l desde el primer momento nos ha insistido en que debemos tratarlo igual que a cada uno de nuestros estudiantes. Incluso, antes de concretar su matr\u00edcula, nos reunimos con \u00e9l junto al director de la Carrera para explicarle las limitaciones que pod\u00eda encontrar y \u00e9l mismo nos propuso ser parte de la soluci\u00f3n, manifest\u00e1ndonos que \u00e9l pod\u00eda, a trav\u00e9s de sus redes de contacto, conseguir materiales que aqu\u00ed a\u00fan no se encuentran. Adem\u00e1s, \u00e9l tambi\u00e9n comparte que para nosotros es una experiencia completamente nueva y que tendremos que ir resolviendo situaciones conforme pase el tiempo\u00bb, dijo Cerda a Diario El Trabajo.<br \/>\nSeg\u00fan el acad\u00e9mico, Manuel hab\u00eda hecho el primer contacto con la universidad en agosto de 2016, pero es hasta ahora que tom\u00f3 fuerza este proyecto personal.<br \/>\n\u00abComo lo hemos dicho siempre, la Universidad de Aconcagua es un espacio abierto a todos. Nuestra misi\u00f3n est\u00e1 centrada en la superaci\u00f3n personal y el caso de Manuel refleja claramente esta mirada, ya que \u00e9l lleg\u00f3 en agosto del 2016 a buscar informaci\u00f3n sobre la carrera y desde ah\u00ed siempre se mantuvo en contacto hasta el inicio del proceso de admisi\u00f3n, matricul\u00e1ndose los \u00faltimos d\u00edas de diciembre\u00bb, agreg\u00f3 el director de la UAC a nuestro medio.<\/p>\n<p><strong>CON LUZ PROPIA<\/strong><br \/>\nDiario El Trabajo tambi\u00e9n habl\u00f3 con Jos\u00e9 Claudio Fern\u00e1ndez, director de Radio Comunitaria Poblaci\u00f3n Aconcagua, pues \u00e9l le lleva los controles t\u00e9cnicos en esa casa radial cuando Manuel realiza su programa radial.<br \/>\n\u00abManuel Galdames se relacion\u00f3 con la radio a trav\u00e9s del Club de Leones, en el momento que est\u00e1bamos coordinando el Ciclo de Cine Inclusivo, en 2016, \u00e9l se interes\u00f3 en presentar un programa, al cual llam\u00f3 Ecos en la oscuridad, en \u00e9ste se destaca y se explica el desarrollo profesional y personal de personas con ciertas limitaciones para distintos \u00e1mbitos de la vida pol\u00edtica, art\u00edstica y profesional\u00bb, dijo Fern\u00e1ndez.<br \/>\n<strong>Roberto Gonz\u00e1lez Short<\/strong><\/p>\n<p><img data-recalc-dims=\"1\" loading=\"lazy\" decoding=\"async\" class=\"alignnone wp-image-77152 size-full\" src=\"https:\/\/i0.wp.com\/www.eltrabajo.cl\/2017\/wp-content\/uploads\/2017\/02\/teatro-no-vidente.jpg?resize=580%2C348\" width=\"580\" height=\"348\" srcset=\"https:\/\/i0.wp.com\/eltrabajo.cl\/portal\/wp-content\/uploads\/2017\/02\/teatro-no-vidente.jpg?w=580&amp;ssl=1 580w, https:\/\/i0.wp.com\/eltrabajo.cl\/portal\/wp-content\/uploads\/2017\/02\/teatro-no-vidente.jpg?resize=200%2C120&amp;ssl=1 200w, https:\/\/i0.wp.com\/eltrabajo.cl\/portal\/wp-content\/uploads\/2017\/02\/teatro-no-vidente.jpg?resize=300%2C180&amp;ssl=1 300w, https:\/\/i0.wp.com\/eltrabajo.cl\/portal\/wp-content\/uploads\/2017\/02\/teatro-no-vidente.jpg?resize=250%2C150&amp;ssl=1 250w, https:\/\/i0.wp.com\/eltrabajo.cl\/portal\/wp-content\/uploads\/2017\/02\/teatro-no-vidente.jpg?resize=400%2C240&amp;ssl=1 400w\" sizes=\"auto, (max-width: 580px) 100vw, 580px\" \/><\/p>\n<figure id=\"attachment_77150\" aria-describedby=\"caption-attachment-77150\" style=\"width: 300px\" class=\"wp-caption alignnone\"><img data-recalc-dims=\"1\" loading=\"lazy\" decoding=\"async\" class=\"size-medium wp-image-77150\" src=\"https:\/\/i0.wp.com\/www.eltrabajo.cl\/2017\/wp-content\/uploads\/2017\/02\/Jose-Fernandez-300x180.jpg?resize=300%2C180\" alt=\"Jos\u00e9 Claudio Fern\u00e1ndez, director de Radio Poblaci\u00f3n Aconcagua.\" width=\"300\" height=\"180\" srcset=\"https:\/\/i0.wp.com\/eltrabajo.cl\/portal\/wp-content\/uploads\/2017\/02\/Jose-Fernandez.jpg?resize=300%2C180&amp;ssl=1 300w, https:\/\/i0.wp.com\/eltrabajo.cl\/portal\/wp-content\/uploads\/2017\/02\/Jose-Fernandez.jpg?resize=200%2C120&amp;ssl=1 200w, https:\/\/i0.wp.com\/eltrabajo.cl\/portal\/wp-content\/uploads\/2017\/02\/Jose-Fernandez.jpg?resize=250%2C150&amp;ssl=1 250w, https:\/\/i0.wp.com\/eltrabajo.cl\/portal\/wp-content\/uploads\/2017\/02\/Jose-Fernandez.jpg?resize=400%2C240&amp;ssl=1 400w, https:\/\/i0.wp.com\/eltrabajo.cl\/portal\/wp-content\/uploads\/2017\/02\/Jose-Fernandez.jpg?w=580&amp;ssl=1 580w\" sizes=\"auto, (max-width: 300px) 100vw, 300px\" \/><figcaption id=\"caption-attachment-77150\" class=\"wp-caption-text\">Jos\u00e9 Claudio Fern\u00e1ndez, director de Radio Poblaci\u00f3n Aconcagua.<\/figcaption><\/figure>\n<figure id=\"attachment_77149\" aria-describedby=\"caption-attachment-77149\" style=\"width: 300px\" class=\"wp-caption alignnone\"><img data-recalc-dims=\"1\" loading=\"lazy\" decoding=\"async\" class=\"size-medium wp-image-77149\" src=\"https:\/\/i0.wp.com\/www.eltrabajo.cl\/2017\/wp-content\/uploads\/2017\/02\/Javier-Cerda-1-300x181.jpg?resize=300%2C181\" alt=\"Director de la Universidad Aconcagua, sede San Felipe, Javier Cerda.\" width=\"300\" height=\"181\" srcset=\"https:\/\/i0.wp.com\/eltrabajo.cl\/portal\/wp-content\/uploads\/2017\/02\/Javier-Cerda-1.jpg?resize=300%2C181&amp;ssl=1 300w, https:\/\/i0.wp.com\/eltrabajo.cl\/portal\/wp-content\/uploads\/2017\/02\/Javier-Cerda-1.jpg?resize=200%2C121&amp;ssl=1 200w, https:\/\/i0.wp.com\/eltrabajo.cl\/portal\/wp-content\/uploads\/2017\/02\/Javier-Cerda-1.jpg?resize=249%2C150&amp;ssl=1 249w, https:\/\/i0.wp.com\/eltrabajo.cl\/portal\/wp-content\/uploads\/2017\/02\/Javier-Cerda-1.jpg?resize=400%2C241&amp;ssl=1 400w, https:\/\/i0.wp.com\/eltrabajo.cl\/portal\/wp-content\/uploads\/2017\/02\/Javier-Cerda-1.jpg?w=580&amp;ssl=1 580w\" sizes=\"auto, (max-width: 300px) 100vw, 300px\" \/><figcaption id=\"caption-attachment-77149\" class=\"wp-caption-text\">Director de la Universidad Aconcagua, sede San Felipe, Javier Cerda.<\/figcaption><\/figure>\n","protected":false},"excerpt":{"rendered":"<p>&nbsp; Tiene programa de radio y labora en Enjoy Santiago: Una historia de optimismo, esfuerzo personal y ejemplar muestra de superaci\u00f3n personal es la que protagoniza un ciego sanfelipe\u00f1o, quien se neg\u00f3&#8230;<\/p>\n","protected":false},"author":1,"featured_media":77151,"comment_status":"open","ping_status":"open","sticky":false,"template":"","format":"standard","meta":{"advanced_seo_description":"","jetpack_seo_html_title":"","jetpack_seo_noindex":false,"_jetpack_memberships_contains_paid_content":false,"footnotes":""},"categories":[15],"tags":[],"class_list":["post-77148","post","type-post","status-publish","format-standard","has-post-thumbnail","hentry","category-comunidad"],"jetpack_featured_media_url":"https:\/\/i0.wp.com\/eltrabajo.cl\/portal\/wp-content\/uploads\/2017\/02\/Manuel-Galdames.jpg?fit=580%2C349&ssl=1","jetpack_sharing_enabled":true,"jetpack_likes_enabled":true,"jetpack-related-posts":[],"_links":{"self":[{"href":"https:\/\/eltrabajo.cl\/portal\/wp-json\/wp\/v2\/posts\/77148","targetHints":{"allow":["GET"]}}],"collection":[{"href":"https:\/\/eltrabajo.cl\/portal\/wp-json\/wp\/v2\/posts"}],"about":[{"href":"https:\/\/eltrabajo.cl\/portal\/wp-json\/wp\/v2\/types\/post"}],"author":[{"embeddable":true,"href":"https:\/\/eltrabajo.cl\/portal\/wp-json\/wp\/v2\/users\/1"}],"replies":[{"embeddable":true,"href":"https:\/\/eltrabajo.cl\/portal\/wp-json\/wp\/v2\/comments?post=77148"}],"version-history":[{"count":0,"href":"https:\/\/eltrabajo.cl\/portal\/wp-json\/wp\/v2\/posts\/77148\/revisions"}],"wp:featuredmedia":[{"embeddable":true,"href":"https:\/\/eltrabajo.cl\/portal\/wp-json\/wp\/v2\/media\/77151"}],"wp:attachment":[{"href":"https:\/\/eltrabajo.cl\/portal\/wp-json\/wp\/v2\/media?parent=77148"}],"wp:term":[{"taxonomy":"category","embeddable":true,"href":"https:\/\/eltrabajo.cl\/portal\/wp-json\/wp\/v2\/categories?post=77148"},{"taxonomy":"post_tag","embeddable":true,"href":"https:\/\/eltrabajo.cl\/portal\/wp-json\/wp\/v2\/tags?post=77148"}],"curies":[{"name":"wp","href":"https:\/\/api.w.org\/{rel}","templated":true}]}}