{"id":77154,"date":"2017-02-08T10:56:31","date_gmt":"2017-02-08T14:56:31","guid":{"rendered":"http:\/\/www.eltrabajo.cl\/2017\/?p=77154"},"modified":"2017-02-08T10:56:31","modified_gmt":"2017-02-08T14:56:31","slug":"alcalde-freire-pide-auditorias-a-contraloria-para-dar-senal-de-transparencia","status":"publish","type":"post","link":"https:\/\/eltrabajo.cl\/portal\/alcalde-freire-pide-auditorias-a-contraloria-para-dar-senal-de-transparencia\/","title":{"rendered":"Alcalde Freire pide auditor\u00edas a Contralor\u00eda"},"content":{"rendered":"<figure id=\"attachment_77155\" aria-describedby=\"caption-attachment-77155\" style=\"width: 580px\" class=\"wp-caption alignnone\"><img data-recalc-dims=\"1\" loading=\"lazy\" decoding=\"async\" class=\"size-full wp-image-77155\" src=\"https:\/\/i0.wp.com\/www.eltrabajo.cl\/2017\/wp-content\/uploads\/2017\/02\/reunion-alcalde-contralor.jpg?resize=580%2C349\" alt=\"El Administrador Municipal Patricio Gonz\u00e1lez junto al Director Jur\u00eddico Jorge Jara y el Alcalde Patricio Freire se reunieron con el Contralor Regional y solicitar este convenio que permitir\u00e1 brindar mayor transparencia a la comunidad.\" width=\"580\" height=\"349\" srcset=\"https:\/\/i0.wp.com\/eltrabajo.cl\/portal\/wp-content\/uploads\/2017\/02\/reunion-alcalde-contralor.jpg?w=580&amp;ssl=1 580w, https:\/\/i0.wp.com\/eltrabajo.cl\/portal\/wp-content\/uploads\/2017\/02\/reunion-alcalde-contralor.jpg?resize=200%2C120&amp;ssl=1 200w, https:\/\/i0.wp.com\/eltrabajo.cl\/portal\/wp-content\/uploads\/2017\/02\/reunion-alcalde-contralor.jpg?resize=300%2C181&amp;ssl=1 300w, https:\/\/i0.wp.com\/eltrabajo.cl\/portal\/wp-content\/uploads\/2017\/02\/reunion-alcalde-contralor.jpg?resize=249%2C150&amp;ssl=1 249w, https:\/\/i0.wp.com\/eltrabajo.cl\/portal\/wp-content\/uploads\/2017\/02\/reunion-alcalde-contralor.jpg?resize=400%2C241&amp;ssl=1 400w\" sizes=\"auto, (max-width: 580px) 100vw, 580px\" \/><figcaption id=\"caption-attachment-77155\" class=\"wp-caption-text\">El Administrador Municipal Patricio Gonz\u00e1lez junto al Director Jur\u00eddico Jorge Jara y el Alcalde Patricio Freire se reunieron con el Contralor Regional y solicitar este convenio que permitir\u00e1 brindar mayor transparencia a la comunidad.<\/figcaption><\/figure>\n<ul>\n<li><span style=\"color: #ff0000;\"><strong>Municipio firmar\u00e1 convenio de apoyo al cumplimiento de la gesti\u00f3n\u00a0con Contralor\u00eda Regional para realizar constantes auditor\u00edas a los departamentos municipales.<\/strong><\/span><\/li>\n<\/ul>\n<p>La creaci\u00f3n de mesas de trabajo permanentes con temas de importancia para la administraci\u00f3n del Alcalde Patricio Freire y la firma de un convenio de apoyo al cumplimiento de la gesti\u00f3n, fueron dos de los temas que trat\u00f3 este martes el jefe comunal de San Felipe en una reuni\u00f3n sostenida con V\u00edctor Hugo Merino, Contralor regional de Valpara\u00edso.<br \/>\nEl Alcalde Freire estuvo acompa\u00f1ado del Director Jur\u00eddico Jorge Jara y el Administrador Municipal Patricio Gonz\u00e1lez, y en la oportunidad plante\u00f3 al Contralor Regional establecer mesas de trabajo permanentes con una cantidad de temas que son importantes para la administraci\u00f3n y que puedan generar dudas respecto de los procedimientos administrativos que han sido aplicados en distintas instancias.<br \/>\nEn ese aspecto el director jur\u00eddico plante\u00f3 como ejemplo las dudas que surgieron en el financiamiento para viajes o traslados de las organizaciones sociales de la comuna.<br \/>\n\u00abEse es un tema espec\u00edfico que va a ser revisado por Contralor\u00eda y esas mesas de trabajo van a ser permanentes y sobre la base y registro de temas relevantes que la administraci\u00f3n considera importante de ser analizados\u00bb.<br \/>\nAsimismo el Alcalde Freire destac\u00f3 la firma entre la Municipalidad de San Felipe y la Contralor\u00eda, de un convenio de apoyo permanente al cumplimiento de la gesti\u00f3n. Se trata de un proceso que est\u00e1 promoviendo la Contralor\u00eda General y que permite efectuar tanto auditor\u00edas y fiscalizaciones a los municipios.<br \/>\n\u00abEn este mes de febrero vamos a firmar un convenio con la Contralor\u00eda para trabajar en los distintos temas que forman parte de esta gesti\u00f3n y donde se presenten dudas, tanto en temas financieros como administrativos, porque nuestro objetivo es seguir realizando nuestro trabajo sobre la base de aspectos como probidad y transparencia\u00bb, dijo Freire.<br \/>\nUn tercer punto tratado en la reuni\u00f3n de trabajo, dice relaci\u00f3n con la instalaci\u00f3n de personal de este organismo regional en la Direcci\u00f3n de Administraci\u00f3n de Educaci\u00f3n Municipal de San Felipe, todo con el objetivo de iniciar una auditor\u00eda administrativa y financiera, proceso que puede durar aproximadamente unos 60 d\u00edas.<\/p>\n","protected":false},"excerpt":{"rendered":"<p>Municipio firmar\u00e1 convenio de apoyo al cumplimiento de la gesti\u00f3n\u00a0con Contralor\u00eda Regional para realizar constantes auditor\u00edas a los departamentos municipales. La creaci\u00f3n de mesas de trabajo permanentes con temas de importancia para&#8230;<\/p>\n","protected":false},"author":1,"featured_media":77155,"comment_status":"open","ping_status":"open","sticky":false,"template":"","format":"standard","meta":{"advanced_seo_description":"","jetpack_seo_html_title":"","jetpack_seo_noindex":false,"_jetpack_memberships_contains_paid_content":false,"footnotes":""},"categories":[1],"tags":[],"class_list":["post-77154","post","type-post","status-publish","format-standard","has-post-thumbnail","hentry","category-cronica"],"jetpack_featured_media_url":"https:\/\/i0.wp.com\/eltrabajo.cl\/portal\/wp-content\/uploads\/2017\/02\/reunion-alcalde-contralor.jpg?fit=580%2C349&ssl=1","jetpack_sharing_enabled":true,"jetpack_likes_enabled":true,"jetpack-related-posts":[],"_links":{"self":[{"href":"https:\/\/eltrabajo.cl\/portal\/wp-json\/wp\/v2\/posts\/77154","targetHints":{"allow":["GET"]}}],"collection":[{"href":"https:\/\/eltrabajo.cl\/portal\/wp-json\/wp\/v2\/posts"}],"about":[{"href":"https:\/\/eltrabajo.cl\/portal\/wp-json\/wp\/v2\/types\/post"}],"author":[{"embeddable":true,"href":"https:\/\/eltrabajo.cl\/portal\/wp-json\/wp\/v2\/users\/1"}],"replies":[{"embeddable":true,"href":"https:\/\/eltrabajo.cl\/portal\/wp-json\/wp\/v2\/comments?post=77154"}],"version-history":[{"count":0,"href":"https:\/\/eltrabajo.cl\/portal\/wp-json\/wp\/v2\/posts\/77154\/revisions"}],"wp:featuredmedia":[{"embeddable":true,"href":"https:\/\/eltrabajo.cl\/portal\/wp-json\/wp\/v2\/media\/77155"}],"wp:attachment":[{"href":"https:\/\/eltrabajo.cl\/portal\/wp-json\/wp\/v2\/media?parent=77154"}],"wp:term":[{"taxonomy":"category","embeddable":true,"href":"https:\/\/eltrabajo.cl\/portal\/wp-json\/wp\/v2\/categories?post=77154"},{"taxonomy":"post_tag","embeddable":true,"href":"https:\/\/eltrabajo.cl\/portal\/wp-json\/wp\/v2\/tags?post=77154"}],"curies":[{"name":"wp","href":"https:\/\/api.w.org\/{rel}","templated":true}]}}